{"id":3893,"date":"2022-05-24T09:51:57","date_gmt":"2022-05-24T14:51:57","guid":{"rendered":"https:\/\/www.elamazonico.com\/portal\/?p=3893"},"modified":"2022-05-24T09:52:01","modified_gmt":"2022-05-24T14:52:01","slug":"en-saraguro-realizaron-foro-para-prevenir-la-violencia-genero","status":"publish","type":"post","link":"https:\/\/www.elamazonico.com\/portal\/en-saraguro-realizaron-foro-para-prevenir-la-violencia-genero\/","title":{"rendered":"En Saraguro realizaron foro para prevenir la Violencia G\u00e9nero"},"content":{"rendered":"\n<p>Por el mes de la mujer y la familia, la Alcald\u00eda de Saraguro, desarroll\u00f3 el Foro de mujeres, \u201cPrevenci\u00f3n de la Violencia de G\u00e9nero\u201d este mi\u00e9rcoles 18 de mayo en el teatro municipal, a partir de las 10h00.<\/p>\n\n\n\n<p>En esta iniciativa se analiz\u00f3 avances, enfoques y lucha contra la violencia de g\u00e9nero, estuvieron presentes; Autoridades locales, representantes de Entidades P\u00fablicas y Asociaciones, estudiantes y docentes de las Unidades Educativas del cant\u00f3n.<\/p>\n\n\n\n<p>En este acto intervinieron dignidades que realizan una ardua labor para eliminar la violencia en contra de la mujer; como moderadora la Mgs Karla Justicia, panelistas: Mgs. Sandra Jim\u00e9nez (MIES), Psic\u00f3l. Karen Ordo\u00f1ez (Fundaci\u00f3n Espacios), Abg. Santiago Guamo (Secretaria de Derechos Humanos), Lcda. Alba Zuleta (Asociaci\u00f3n Amuzara) y Ing. Mar\u00eda Gabriela Albuja (Asociaci\u00f3n Chasky Wuarmikuna) quien excus\u00f3 su presencia.<\/p>\n\n\n\n<p>El foro fue promovido por Consejo T\u00e9cnico cantonal de Protecci\u00f3n de Derechos, el cual es liderado por el Lcdo. Roger Toalongo Secretario T\u00e9cnico del Consejo. Este foro ocurre en nuestra sociedad como un espacio de sensibilizaci\u00f3n y capacitaci\u00f3n a la comunidad, con la intenci\u00f3n de prevenir y erradicar la violencia en contra de la mujer.<\/p>\n\n\n\n<p>Karla Justicia, moderadora del foro, destac\u00f3: \u201cCuando se trata del problema de la violencia contra las mujeres, ning\u00fan lugar es inmune y este tipo de actividades son de gran ayuda porque se explica todos los subtipos de maltrato que dan lugar a diversos trastornos; donde las consecuencias pueden ser letales \u201d<\/p>\n\n\n\n<p>Por su parte Rosita Macas, Vicealcaldesa del cant\u00f3n, mencion\u00f3: \u201cPara erradicar la violencia contra la mujer a escala local es preciso cambiar las mentalidades, que las mujeres conozcan sus derechos\u201d.<\/p>\n","protected":false},"excerpt":{"rendered":"<p>Por el mes de la mujer y la familia, la Alcald\u00eda de Saraguro, desarroll\u00f3 el Foro de mujeres, \u201cPrevenci\u00f3n de la Violencia de G\u00e9nero\u201d este mi\u00e9rcoles 18 de mayo en el teatro municipal, a partir de las 10h00. En esta iniciativa se analiz\u00f3 avances, enfoques y lucha contra la violencia de g\u00e9nero, estuvieron presentes; Autoridades locales, representantes de Entidades P\u00fablicas y Asociaciones, estudiantes y docentes de las Unidades Educativas del cant\u00f3n. En este acto intervinieron dignidades que realizan una ardua labor para eliminar la violencia en contra de la mujer; como moderadora la Mgs Karla Justicia, panelistas: Mgs. Sandra Jim\u00e9nez (MIES), Psic\u00f3l. Karen Ordo\u00f1ez (Fundaci\u00f3n Espacios), Abg. Santiago Guamo (Secretaria de Derechos Humanos), Lcda. Alba Zuleta (Asociaci\u00f3n Amuzara) y Ing. Mar\u00eda Gabriela Albuja (Asociaci\u00f3n Chasky Wuarmikuna) quien excus\u00f3 su presencia. El foro fue promovido por Consejo T\u00e9cnico cantonal de Protecci\u00f3n de Derechos, el cual es liderado por el Lcdo. Roger Toalongo Secretario T\u00e9cnico del Consejo. Este foro ocurre en nuestra sociedad como un espacio de sensibilizaci\u00f3n y capacitaci\u00f3n a la comunidad, con la intenci\u00f3n de prevenir y erradicar la violencia en contra de la mujer. Karla Justicia, moderadora del foro, destac\u00f3: \u201cCuando se trata del problema de la violencia contra las mujeres, ning\u00fan lugar es inmune y este tipo de actividades son de gran ayuda porque se explica todos los subtipos de maltrato que dan lugar a diversos trastornos; donde las consecuencias pueden ser letales \u201d Por su parte Rosita Macas, Vicealcaldesa del cant\u00f3n, mencion\u00f3: \u201cPara erradicar la violencia contra la mujer a escala local es preciso cambiar las mentalidades, que las mujeres conozcan sus derechos\u201d.<\/p>\n","protected":false},"author":1,"featured_media":3894,"comment_status":"open","ping_status":"open","sticky":false,"template":"","format":"standard","meta":{"footnotes":""},"categories":[243],"tags":[],"class_list":["post-3893","post","type-post","status-publish","format-standard","has-post-thumbnail","hentry","category-noticias-zamora"],"_links":{"self":[{"href":"https:\/\/www.elamazonico.com\/portal\/wp-json\/wp\/v2\/posts\/3893","targetHints":{"allow":["GET"]}}],"collection":[{"href":"https:\/\/www.elamazonico.com\/portal\/wp-json\/wp\/v2\/posts"}],"about":[{"href":"https:\/\/www.elamazonico.com\/portal\/wp-json\/wp\/v2\/types\/post"}],"author":[{"embeddable":true,"href":"https:\/\/www.elamazonico.com\/portal\/wp-json\/wp\/v2\/users\/1"}],"replies":[{"embeddable":true,"href":"https:\/\/www.elamazonico.com\/portal\/wp-json\/wp\/v2\/comments?post=3893"}],"version-history":[{"count":1,"href":"https:\/\/www.elamazonico.com\/portal\/wp-json\/wp\/v2\/posts\/3893\/revisions"}],"predecessor-version":[{"id":3895,"href":"https:\/\/www.elamazonico.com\/portal\/wp-json\/wp\/v2\/posts\/3893\/revisions\/3895"}],"wp:featuredmedia":[{"embeddable":true,"href":"https:\/\/www.elamazonico.com\/portal\/wp-json\/wp\/v2\/media\/3894"}],"wp:attachment":[{"href":"https:\/\/www.elamazonico.com\/portal\/wp-json\/wp\/v2\/media?parent=3893"}],"wp:term":[{"taxonomy":"category","embeddable":true,"href":"https:\/\/www.elamazonico.com\/portal\/wp-json\/wp\/v2\/categories?post=3893"},{"taxonomy":"post_tag","embeddable":true,"href":"https:\/\/www.elamazonico.com\/portal\/wp-json\/wp\/v2\/tags?post=3893"}],"curies":[{"name":"wp","href":"https:\/\/api.w.org\/{rel}","templated":true}]}}