{"id":3885,"date":"2022-05-24T06:04:01","date_gmt":"2022-05-24T11:04:01","guid":{"rendered":"https:\/\/www.elamazonico.com\/portal\/?p=3885"},"modified":"2022-05-24T06:04:16","modified_gmt":"2022-05-24T11:04:16","slug":"la-unl-auspicia-postulacion-del-escritor-lojano-carlos-carrion","status":"publish","type":"post","link":"https:\/\/www.elamazonico.com\/portal\/la-unl-auspicia-postulacion-del-escritor-lojano-carlos-carrion\/","title":{"rendered":"La UNL auspicia postulaci\u00f3n del escritor lojano Carlos Carri\u00f3n"},"content":{"rendered":"\n<p><em>La comunidad universitaria respalda el legado de su ex alumno y ex docente de literatura, lenguaje y comunicaci\u00f3n.&nbsp;<\/em><\/p>\n\n\n\n<p>La Universidad Nacional de Loja (UNL) en un acto p\u00fablico present\u00f3 el auspicio y adhesi\u00f3n a la postulaci\u00f3n de Carlos Carri\u00f3n Figueroa, prestigioso escritor lojano, para el Premio Nacional Eugenio Espejo 2022, en la categor\u00eda de: creaciones, realizaciones o actividades literarias.<\/p>\n\n\n\n<p>El Alma M\u00e1ter brindar\u00e1 el apoyo en tres acciones fundamentales: auspiciar la postulaci\u00f3n, respaldar la candidatura, con la recolecci\u00f3n de adhesiones a trav\u00e9s de la comunidad universitaria; y, promover campa\u00f1as de reconocimiento al trabajo literario del destacado prosista lojano.<\/p>\n\n\n\n<p>&nbsp;\u201cEsta casa de estudios se siente orgullosa, que dentro de su trayectoria de 162 a\u00f1os de servicio, un personaje como Carlos Carri\u00f3n haya sido parte de la instituci\u00f3n. La universidad le ofrece el apoyo para que el Estado ecuatoriano reconozca el aporte cient\u00edfico y cultural que le ha brindado a Loja y al pa\u00eds\u201d, dijo Nikolay Aguirre, rector de la UNL.<\/p>\n\n\n\n<p>Carlos Carri\u00f3n -ex estudiante y ex docente de literatura, lenguaje y comunicaci\u00f3n de la UNL- ha dedicado m\u00e1s de medio siglo a la producci\u00f3n literaria, de ellos 16 a\u00f1os le tom\u00f3 escribir 7 novelas que recogen el fen\u00f3meno de la migraci\u00f3n, historias que son recogidas por el autor en sus diferentes viajes realizados a Espa\u00f1a y otras latitudes.<\/p>\n\n\n\n<p>\u201cEstas historias merec\u00edan tomarse ese tiempo y me conmovieron, porque yo no puedo escribir nada, que no me conmueva, son historias que no est\u00e1n definidas por la ficci\u00f3n, son novelas cuyos personajes est\u00e1n vivos y eso le dan un valor especial\u201d, mencion\u00f3 Carlos Carri\u00f3n.<\/p>\n\n\n\n<p>Por su parte, Yovany Salazar, decano de la Facultad de Educaci\u00f3n, resalt\u00f3 la trayectoria del lojano, plasmado en 12 libros de cuentos, 11 novelas; y un aporte importante dentro del \u00e1mbito del periodismo cultural y de opini\u00f3n a nivel nacional. De igual forma, su contribuci\u00f3n dentro de la academia desde 1972 hasta el a\u00f1o 2008, aportando sus conocimientos en el Alma M\u00e1ter lojana con la formaci\u00f3n a cientos de profesionales.<\/p>\n\n\n\n<p>El Premio Nacional Eugenio Espejo es el m\u00e1ximo galard\u00f3n que otorga el Estado ecuatoriano desde 1975 a quienes han aportado al desarrollo cultural y cient\u00edfico del pa\u00eds, el premio se entrega a personas naturales o jur\u00eddicas de derecho p\u00fablico o privado. La primera condecoraci\u00f3n la recibi\u00f3, Benjam\u00edn Carri\u00f3n, presidente de la casa de la cultura, misma que hoy lleva su nombre.<\/p>\n\n\n\n<p>Al finalizar el evento, la carrera de Artes Pl\u00e1sticas y Artes Visuales hizo la entrega de un cuadro de la representaci\u00f3n del paisaje de la arquitectura tradicional de Lauro Guerrero con un estilo surrealista metaf\u00edsico, realizado por los estudiantes de dicha carrera.<\/p>\n","protected":false},"excerpt":{"rendered":"<p>La comunidad universitaria respalda el legado de su ex alumno y ex docente de literatura, lenguaje y comunicaci\u00f3n.&nbsp; La Universidad Nacional de Loja (UNL) en un acto p\u00fablico present\u00f3 el auspicio y adhesi\u00f3n a la postulaci\u00f3n de Carlos Carri\u00f3n Figueroa, prestigioso escritor lojano, para el Premio Nacional Eugenio Espejo 2022, en la categor\u00eda de: creaciones, realizaciones o actividades literarias. El Alma M\u00e1ter brindar\u00e1 el apoyo en tres acciones fundamentales: auspiciar la postulaci\u00f3n, respaldar la candidatura, con la recolecci\u00f3n de adhesiones a trav\u00e9s de la comunidad universitaria; y, promover campa\u00f1as de reconocimiento al trabajo literario del destacado prosista lojano. &nbsp;\u201cEsta casa de estudios se siente orgullosa, que dentro de su trayectoria de 162 a\u00f1os de servicio, un personaje como Carlos Carri\u00f3n haya sido parte de la instituci\u00f3n. La universidad le ofrece el apoyo para que el Estado ecuatoriano reconozca el aporte cient\u00edfico y cultural que le ha brindado a Loja y al pa\u00eds\u201d, dijo Nikolay Aguirre, rector de la UNL. Carlos Carri\u00f3n -ex estudiante y ex docente de literatura, lenguaje y comunicaci\u00f3n de la UNL- ha dedicado m\u00e1s de medio siglo a la producci\u00f3n literaria, de ellos 16 a\u00f1os le tom\u00f3 escribir 7 novelas que recogen el fen\u00f3meno de la migraci\u00f3n, historias que son recogidas por el autor en sus diferentes viajes realizados a Espa\u00f1a y otras latitudes. \u201cEstas historias merec\u00edan tomarse ese tiempo y me conmovieron, porque yo no puedo escribir nada, que no me conmueva, son historias que no est\u00e1n definidas por la ficci\u00f3n, son novelas cuyos personajes est\u00e1n vivos y eso le dan un valor especial\u201d, mencion\u00f3 Carlos Carri\u00f3n. Por su parte, Yovany Salazar, decano de la Facultad de Educaci\u00f3n, resalt\u00f3 la trayectoria del lojano, plasmado en 12 libros de cuentos, 11 novelas; y un aporte importante dentro del \u00e1mbito del periodismo cultural y de opini\u00f3n a nivel nacional. De igual forma, su contribuci\u00f3n dentro de la academia desde 1972 hasta el a\u00f1o 2008, aportando sus conocimientos en el Alma M\u00e1ter lojana con la formaci\u00f3n a cientos de profesionales. El Premio Nacional Eugenio Espejo es el m\u00e1ximo galard\u00f3n que otorga el Estado ecuatoriano desde 1975 a quienes han aportado al desarrollo cultural y cient\u00edfico del pa\u00eds, el premio se entrega a personas naturales o jur\u00eddicas de derecho p\u00fablico o privado. La primera condecoraci\u00f3n la recibi\u00f3, Benjam\u00edn Carri\u00f3n, presidente de la casa de la cultura, misma que hoy lleva su nombre. Al finalizar el evento, la carrera de Artes Pl\u00e1sticas y Artes Visuales hizo la entrega de un cuadro de la representaci\u00f3n del paisaje de la arquitectura tradicional de Lauro Guerrero con un estilo surrealista metaf\u00edsico, realizado por los estudiantes de dicha carrera.<\/p>\n","protected":false},"author":1,"featured_media":3886,"comment_status":"open","ping_status":"open","sticky":false,"template":"","format":"standard","meta":{"footnotes":""},"categories":[243],"tags":[],"class_list":["post-3885","post","type-post","status-publish","format-standard","has-post-thumbnail","hentry","category-noticias-zamora"],"_links":{"self":[{"href":"https:\/\/www.elamazonico.com\/portal\/wp-json\/wp\/v2\/posts\/3885","targetHints":{"allow":["GET"]}}],"collection":[{"href":"https:\/\/www.elamazonico.com\/portal\/wp-json\/wp\/v2\/posts"}],"about":[{"href":"https:\/\/www.elamazonico.com\/portal\/wp-json\/wp\/v2\/types\/post"}],"author":[{"embeddable":true,"href":"https:\/\/www.elamazonico.com\/portal\/wp-json\/wp\/v2\/users\/1"}],"replies":[{"embeddable":true,"href":"https:\/\/www.elamazonico.com\/portal\/wp-json\/wp\/v2\/comments?post=3885"}],"version-history":[{"count":1,"href":"https:\/\/www.elamazonico.com\/portal\/wp-json\/wp\/v2\/posts\/3885\/revisions"}],"predecessor-version":[{"id":3887,"href":"https:\/\/www.elamazonico.com\/portal\/wp-json\/wp\/v2\/posts\/3885\/revisions\/3887"}],"wp:featuredmedia":[{"embeddable":true,"href":"https:\/\/www.elamazonico.com\/portal\/wp-json\/wp\/v2\/media\/3886"}],"wp:attachment":[{"href":"https:\/\/www.elamazonico.com\/portal\/wp-json\/wp\/v2\/media?parent=3885"}],"wp:term":[{"taxonomy":"category","embeddable":true,"href":"https:\/\/www.elamazonico.com\/portal\/wp-json\/wp\/v2\/categories?post=3885"},{"taxonomy":"post_tag","embeddable":true,"href":"https:\/\/www.elamazonico.com\/portal\/wp-json\/wp\/v2\/tags?post=3885"}],"curies":[{"name":"wp","href":"https:\/\/api.w.org\/{rel}","templated":true}]}}