{"id":3866,"date":"2022-05-18T06:11:26","date_gmt":"2022-05-18T11:11:26","guid":{"rendered":"https:\/\/www.elamazonico.com\/portal\/?p=3866"},"modified":"2022-05-18T06:11:30","modified_gmt":"2022-05-18T11:11:30","slug":"ex-trabajadores-exigen-pagos-por-haberes-laborales-a-municipio-de-chinchipe","status":"publish","type":"post","link":"https:\/\/www.elamazonico.com\/portal\/ex-trabajadores-exigen-pagos-por-haberes-laborales-a-municipio-de-chinchipe\/","title":{"rendered":"Ex trabajadores exigen pagos por haberes laborales a municipio de Chinchipe"},"content":{"rendered":"\n<p>Han transcurrido tres a\u00f1os desde que exempleados del municipio del cant\u00f3n Chinchipe exigen la cancelaci\u00f3n de sus salarios por prestar sus servicios a esta instituci\u00f3n. La demanda se encuentra en \u00faltimas instancias a la espera de la presentaci\u00f3n de documentos por parte del cabildo para sustentar la contrataci\u00f3n de m\u00e1s de trescientos trabajadores.<\/p>\n\n\n\n<p>El Dr. Edgar Robayo, abogado y patrocinador t\u00e9cnico de los trabajadores, realiza la defensa de manera gratuita y da a conocer los antecedentes de esta demanda en contra del alcalde y sus dependencias municipales.<\/p>\n\n\n\n<p>El pedido inicia un 10 de enero, con una primera demanda laboral. El 14 de enero, se re\u00fanen con otros abogados del cant\u00f3n Chinchipe para analizar el patrocinio gratuito al colectivo de trabajadores. Se convoc\u00f3 en la radio San Antonio para el 20 de enero de manera gratuita para que se unan todos los afectados por el municipio en el a\u00f1o 2019. Donde no se les hab\u00eda pagado tres o m\u00e1s remuneraciones y se obtuvo una importante acogida.<\/p>\n\n\n\n<p>De ah\u00ed para ac\u00e1 300 trabajadores se encuentran reclamando al municipio el pago de haberes laborales, cabe indicar que se han realizado algunas acciones legales desde el mes de enero hasta la presente fecha. Muchos de los trabajadores hab\u00edan presentado carpetas en el municipio porque el alcalde de la actual administraci\u00f3n hab\u00eda ofrecido pagarles esas remuneraciones. Pero a\u00fan no se les realiza esos pagos, para ello los empleados han realizado carpetas con documentaci\u00f3n que evidencian su trabajo para la instituci\u00f3n. El municipio no ha cancelado, aduciendo que su tiempo de reclamo hab\u00eda prescrito.<\/p>\n\n\n\n<p>\u201cLa corte constitucional del Ecuador mediante sentencia del 01 de agosto de 2018, reestableci\u00f3 que los obreros est\u00e1n sujetos a c\u00f3digo de trabajo\u201d. As\u00ed quedaba el texto constitucional, argumenta Robayo. El jurisprudente deja constancia lo que reza el c\u00f3digo del trabajo \u201caunque se pacte, al contrario, es aplicable la ley del c\u00f3digo del trabajo. &nbsp;Los derechos derivados de los contratos de trabajo se podr\u00e1n reclamar dentro de tres a\u00f1os contados a partir de la terminaci\u00f3n de la relaci\u00f3n laboral\u201d. En contexto, la terminaci\u00f3n de relaci\u00f3n laboral, se efectu\u00f3 el 20 de mayo del 2019, en este a\u00f1o est\u00e1n a d\u00edas que se cumplan los tres a\u00f1os, por despido intempestivo de parte de la instituci\u00f3n municipal.<\/p>\n\n\n\n<p>Indican que han asistido hasta la instancia judicial para solicitar mediante diligencia de pr\u00e1ctica pre procesal de pruebas en materia civil para demandar en juicio laboral para que entreguen copias de los contratos, certificaci\u00f3n presupuestaria, informe de talento humano, informe de procuradur\u00eda s\u00edndica, la sumilla del se\u00f1or alcalde, el oficio de los directores departamentales pidiendo la contrataci\u00f3n del personal.<\/p>\n\n\n\n<p>Se han realizado marchas en el cant\u00f3n frente a la alcald\u00eda con la finalidad de respaldar los derechos de los trabajadores. En un pr\u00f3ximo paso, esperan que la entidad municipal entregue los documentos habilitantes para ex trabajadores del municipio puedan obtener sus pagos despu\u00e9s de algunos a\u00f1os. As\u00ed lo expuso el doctor Edgar Robayo en una entrevista a este medio (peri\u00f3dico El Amaz\u00f3nico) la semana pasada. (I) LM<\/p>\n","protected":false},"excerpt":{"rendered":"<p>Han transcurrido tres a\u00f1os desde que exempleados del municipio del cant\u00f3n Chinchipe exigen la cancelaci\u00f3n de sus salarios por prestar sus servicios a esta instituci\u00f3n. La demanda se encuentra en \u00faltimas instancias a la espera de la presentaci\u00f3n de documentos por parte del cabildo para sustentar la contrataci\u00f3n de m\u00e1s de trescientos trabajadores. El Dr. Edgar Robayo, abogado y patrocinador t\u00e9cnico de los trabajadores, realiza la defensa de manera gratuita y da a conocer los antecedentes de esta demanda en contra del alcalde y sus dependencias municipales. El pedido inicia un 10 de enero, con una primera demanda laboral. El 14 de enero, se re\u00fanen con otros abogados del cant\u00f3n Chinchipe para analizar el patrocinio gratuito al colectivo de trabajadores. Se convoc\u00f3 en la radio San Antonio para el 20 de enero de manera gratuita para que se unan todos los afectados por el municipio en el a\u00f1o 2019. Donde no se les hab\u00eda pagado tres o m\u00e1s remuneraciones y se obtuvo una importante acogida. De ah\u00ed para ac\u00e1 300 trabajadores se encuentran reclamando al municipio el pago de haberes laborales, cabe indicar que se han realizado algunas acciones legales desde el mes de enero hasta la presente fecha. Muchos de los trabajadores hab\u00edan presentado carpetas en el municipio porque el alcalde de la actual administraci\u00f3n hab\u00eda ofrecido pagarles esas remuneraciones. Pero a\u00fan no se les realiza esos pagos, para ello los empleados han realizado carpetas con documentaci\u00f3n que evidencian su trabajo para la instituci\u00f3n. El municipio no ha cancelado, aduciendo que su tiempo de reclamo hab\u00eda prescrito. \u201cLa corte constitucional del Ecuador mediante sentencia del 01 de agosto de 2018, reestableci\u00f3 que los obreros est\u00e1n sujetos a c\u00f3digo de trabajo\u201d. As\u00ed quedaba el texto constitucional, argumenta Robayo. El jurisprudente deja constancia lo que reza el c\u00f3digo del trabajo \u201caunque se pacte, al contrario, es aplicable la ley del c\u00f3digo del trabajo. &nbsp;Los derechos derivados de los contratos de trabajo se podr\u00e1n reclamar dentro de tres a\u00f1os contados a partir de la terminaci\u00f3n de la relaci\u00f3n laboral\u201d. En contexto, la terminaci\u00f3n de relaci\u00f3n laboral, se efectu\u00f3 el 20 de mayo del 2019, en este a\u00f1o est\u00e1n a d\u00edas que se cumplan los tres a\u00f1os, por despido intempestivo de parte de la instituci\u00f3n municipal. Indican que han asistido hasta la instancia judicial para solicitar mediante diligencia de pr\u00e1ctica pre procesal de pruebas en materia civil para demandar en juicio laboral para que entreguen copias de los contratos, certificaci\u00f3n presupuestaria, informe de talento humano, informe de procuradur\u00eda s\u00edndica, la sumilla del se\u00f1or alcalde, el oficio de los directores departamentales pidiendo la contrataci\u00f3n del personal. Se han realizado marchas en el cant\u00f3n frente a la alcald\u00eda con la finalidad de respaldar los derechos de los trabajadores. En un pr\u00f3ximo paso, esperan que la entidad municipal entregue los documentos habilitantes para ex trabajadores del municipio puedan obtener sus pagos despu\u00e9s de algunos a\u00f1os. As\u00ed lo expuso el doctor Edgar Robayo en una entrevista a este medio (peri\u00f3dico El Amaz\u00f3nico) la semana pasada. (I) LM<\/p>\n","protected":false},"author":1,"featured_media":3867,"comment_status":"open","ping_status":"open","sticky":false,"template":"","format":"standard","meta":{"footnotes":""},"categories":[243],"tags":[],"class_list":["post-3866","post","type-post","status-publish","format-standard","has-post-thumbnail","hentry","category-noticias-zamora"],"_links":{"self":[{"href":"https:\/\/www.elamazonico.com\/portal\/wp-json\/wp\/v2\/posts\/3866","targetHints":{"allow":["GET"]}}],"collection":[{"href":"https:\/\/www.elamazonico.com\/portal\/wp-json\/wp\/v2\/posts"}],"about":[{"href":"https:\/\/www.elamazonico.com\/portal\/wp-json\/wp\/v2\/types\/post"}],"author":[{"embeddable":true,"href":"https:\/\/www.elamazonico.com\/portal\/wp-json\/wp\/v2\/users\/1"}],"replies":[{"embeddable":true,"href":"https:\/\/www.elamazonico.com\/portal\/wp-json\/wp\/v2\/comments?post=3866"}],"version-history":[{"count":1,"href":"https:\/\/www.elamazonico.com\/portal\/wp-json\/wp\/v2\/posts\/3866\/revisions"}],"predecessor-version":[{"id":3868,"href":"https:\/\/www.elamazonico.com\/portal\/wp-json\/wp\/v2\/posts\/3866\/revisions\/3868"}],"wp:featuredmedia":[{"embeddable":true,"href":"https:\/\/www.elamazonico.com\/portal\/wp-json\/wp\/v2\/media\/3867"}],"wp:attachment":[{"href":"https:\/\/www.elamazonico.com\/portal\/wp-json\/wp\/v2\/media?parent=3866"}],"wp:term":[{"taxonomy":"category","embeddable":true,"href":"https:\/\/www.elamazonico.com\/portal\/wp-json\/wp\/v2\/categories?post=3866"},{"taxonomy":"post_tag","embeddable":true,"href":"https:\/\/www.elamazonico.com\/portal\/wp-json\/wp\/v2\/tags?post=3866"}],"curies":[{"name":"wp","href":"https:\/\/api.w.org\/{rel}","templated":true}]}}