{"id":3859,"date":"2022-05-17T06:17:23","date_gmt":"2022-05-17T11:17:23","guid":{"rendered":"https:\/\/www.elamazonico.com\/portal\/?p=3859"},"modified":"2022-05-17T06:17:27","modified_gmt":"2022-05-17T11:17:27","slug":"enfermeros-as-de-zamora-chinchipe-envian-una-carta-al-presidente-guillermo-lasso","status":"publish","type":"post","link":"https:\/\/www.elamazonico.com\/portal\/enfermeros-as-de-zamora-chinchipe-envian-una-carta-al-presidente-guillermo-lasso\/","title":{"rendered":"Enfermeros\/as de Zamora Chinchipe env\u00edan una carta al presidente Guillermo Lasso"},"content":{"rendered":"\n<p>Zamora, 12 de mayo 2022<\/p>\n\n\n\n<p>Sr. Dr.<\/p>\n\n\n\n<p>Absal\u00f3n Campoverde<\/p>\n\n\n\n<p><strong>GOBERNADOR DE LA PROVINCIA DE ZAMORA CHINCHIPE.<\/strong><\/p>\n\n\n\n<p>De mi consideraci\u00f3n. &#8211;<\/p>\n\n\n\n<p>El gremio de enfermeras y enfermeros profesionales de la Provincia de Zamora Chinchipe, al celebrar cada 12 de mayo, el D\u00eda Internacional de la Enfermer\u00eda, saludamos muy fervorosamente a todos aquellos personajes que, con su ardua labor, human\u00edstica y de servicio, aportan al desarrollo y cuidado integral de la salud de todos los ecuatorianos. La enfermer\u00eda es la \u00fanica &nbsp;ciencia del cuidado, que requiere que sus integrantes tengan estrictamente, &nbsp;m\u00edstica, sensibilidad, estabilidad emocional, habilidades y estrategias de comunicaci\u00f3n, flexibilidad, empat\u00eda, atenci\u00f3n al detalle, resistencia f\u00edsica, habilidades interpersonales, respuesta r\u00e1pida, entrega y empoderamiento, para poder ejercer tan noble profesi\u00f3n y ser custodios de la creaci\u00f3n m\u00e1s preciada e importante del universo <strong>\u201cla vida humana<\/strong>\u201d estamos donde inicia y termina la vida y donde pocos quieren estar: \u201c<strong>frente a frente con el dolor\u201d<\/strong> sin embargo siendo todo esto y siendo evidente el reconocimiento de la poblaci\u00f3n en general, &nbsp;el Estado nos est\u00e1 quitando o &nbsp;restando derechos ya adquiridos desde d\u00e9cadas y a\u00f1os pasados.<\/p>\n\n\n\n<p>Con esta breve elocuencia en esta ocasi\u00f3n, y con el mayor respeto y consideraci\u00f3n a trav\u00e9s de su autoridad Sr. Gobernador llegamos al Presidente de la Rep\u00fablica, Sr. Guillermo Lasso, a la Asamblea Nacional y al Ministerio de Trabajo, con un pliego de peticiones y demandas que requiere el gremio de enfermer\u00eda de esta querida provincia del sur del pa\u00eds.<\/p>\n\n\n\n<ol class=\"wp-block-list\" type=\"1\"><li>Que se d\u00e9 cumplimiento al acuerdo ministerial No. MRL-2012-0001, publicado en el registro oficial n\u00famero 620, el 17 enero del 2012 &#8211; norma t\u00e9cnica para el reconocimiento de la bonificaci\u00f3n geogr\u00e1fica a las y los servidores del sector de la salud p\u00fablica y a los art\u00edculos 113 y 276 del reglamento general a la Ley Org\u00e1nica del Servidor P\u00fablico. En breves palabras, se nos haga la cancelaci\u00f3n total de la bonificaci\u00f3n geogr\u00e1fica a los profesionales de la salud, desde el mes de agosto 2021 a los 53 enfermeros\/as que laboramos en las diferentes instituciones de salud de esta Provincia, este bono se nos cancelaba el 100% en meses anteriores pero actualmente se nos descuenta los d\u00edas de descanso forzoso, feriados, vacaciones, o licencias, por ello surge nuestra inconformidad, por lo que solicitamos solventar conforme a la correcta aplicaci\u00f3n y pago de valores de acuerdo a lo que dice la ley vigente, y manifestamos nuestra inconformidad y rechazo a esta decisi\u00f3n de las autoridades de turno que van en contra de nuestro derechos constitucionales.<\/li><\/ol>\n\n\n\n<ul class=\"wp-block-list\"><li>Considerando que el personal de enfermer\u00eda realizamos jornadas especiales (turnos rotativos, ma\u00f1ana tarde noche, fines de semana, d\u00edas feriados y cuando la salud de la comunidad as\u00ed lo requiera y considerando que estamos en contacto con enfermedades diversas e infecto contagiosas, nos unimos al pedido nacional de todas las enfermeras del pa\u00eds, laborar 120 horas al mes, como labor\u00e1bamos hasta el a\u00f1o 2007, no puede haber dentro de la misma instituci\u00f3n de salud personal que labora 120 horas (trabajadores) y personal que labora 160 horas (LOSEP), es evidente que se rompe con el derecho de igualdad y equidad.<\/li><\/ul>\n\n\n\n<ul class=\"wp-block-list\"><li>Requerimos urgente que la Asamblea Nacional, apruebe la Ley de Carrera Sanitaria y sus 47 art\u00edculos que se encuentran en primer debate y sobre todo se considere los 30 a\u00f1os de servicio sin l\u00edmite de edad,&nbsp; para efectuarse la jubilaci\u00f3n del personal de enfermer\u00eda en todas las casas de salud del pa\u00eds, por los constantes riesgos y &nbsp;exposiciones que existe en nuestro trabajo como son exposiciones f\u00edsicas, ergon\u00f3micas, biol\u00f3gicas, psico-sociales, qu\u00edmicos, etc. mismas que afectan d\u00eda a d\u00eda la salud de todas las enfermeras\/os de nuestro pa\u00eds. Principalmente, hipertensi\u00f3n, enfermedades hormonales, enfermedades ergon\u00f3micas y psicol\u00f3gicas.<\/li><\/ul>\n\n\n\n<ul class=\"wp-block-list\"><li>Solicitamos urgente la reclasificaci\u00f3n de puestos de&nbsp; los profesionales de enfermer\u00eda, de acuerdo a las escalas de remuneraci\u00f3n mensual unificadas emitidas por el Ministerio de Relaciones Laborales, cada d\u00eda, suben los costos de vida en este pa\u00eds pero ya son 11 a\u00f1os que no se ha efectuado este proceso justo y necesario para el gremio, adem\u00e1s los profesionales de enfermer\u00eda d\u00eda a d\u00eda nos capacitamos, seguimos estudiando; existen profesionales con diferentes especialidades como doctorados en enfermer\u00eda, diplomados, maestr\u00edas, etc; sin embargo seguimos percibiendo la misma remuneraci\u00f3n que cuando ingresamos a laborar el primer d\u00eda, demandamos al estado, ese estimulo e incentivo<\/li><\/ul>\n\n\n\n<p>Sr. Gobernador, &nbsp;acudimos a su autoridad y hacemos llegar nuestro pliego de peticiones, nos unimos y respaldamos a los pedidos que realiza nuestra directiva nacional, pedidos&nbsp; que consideramos justos, necesarios y urgentes, adem\u00e1s manifestamos nuestra predisposici\u00f3n y entereza en seguir sirviendo y trabajando con empe\u00f1o y responsabilidad por el bien y el cuidado de la salud de los habitantes de nuestra provincia y de todos los ecuatorianos, y esperamos ser escuchados y atendidos en nuestros justos requerimientos. &nbsp;<\/p>\n\n\n\n<p>Quienes al pie firmamos, respaldamos el pliego de peticiones con fecha 12 de mayo 2022.<\/p>\n\n\n\n<figure class=\"wp-block-table\"><table><tbody><tr><td>Orden<\/td><td>Nombres y apellidos<\/td><td>Numero cedula<\/td><td>Firma<\/td><\/tr><tr><td>&nbsp;<\/td><td>&nbsp;<\/td><td>&nbsp;<\/td><td>&nbsp;<\/td><\/tr><tr><td>&nbsp;<\/td><td>&nbsp;<\/td><td>&nbsp;<\/td><td>&nbsp;<\/td><\/tr><tr><td>&nbsp;<\/td><td>&nbsp;<\/td><td>&nbsp;<\/td><td>&nbsp;<\/td><\/tr><tr><td>&nbsp;<\/td><td>&nbsp;<\/td><td>&nbsp;<\/td><td>&nbsp;<\/td><\/tr><tr><td>&nbsp;<\/td><td>&nbsp;<\/td><td>&nbsp;<\/td><td>&nbsp;<\/td><\/tr><tr><td>&nbsp;<\/td><td>&nbsp;<\/td><td>&nbsp;<\/td><td>&nbsp;<\/td><\/tr><tr><td>&nbsp;<\/td><td>&nbsp;<\/td><td>&nbsp;<\/td><td>&nbsp;<\/td><\/tr><\/tbody><\/table><\/figure>\n","protected":false},"excerpt":{"rendered":"<p>Zamora, 12 de mayo 2022 Sr. Dr. Absal\u00f3n Campoverde GOBERNADOR DE LA PROVINCIA DE ZAMORA CHINCHIPE. De mi consideraci\u00f3n. &#8211; El gremio de enfermeras y enfermeros profesionales de la Provincia de Zamora Chinchipe, al celebrar cada 12 de mayo, el D\u00eda Internacional de la Enfermer\u00eda, saludamos muy fervorosamente a todos aquellos personajes que, con su ardua labor, human\u00edstica y de servicio, aportan al desarrollo y cuidado integral de la salud de todos los ecuatorianos. La enfermer\u00eda es la \u00fanica &nbsp;ciencia del cuidado, que requiere que sus integrantes tengan estrictamente, &nbsp;m\u00edstica, sensibilidad, estabilidad emocional, habilidades y estrategias de comunicaci\u00f3n, flexibilidad, empat\u00eda, atenci\u00f3n al detalle, resistencia f\u00edsica, habilidades interpersonales, respuesta r\u00e1pida, entrega y empoderamiento, para poder ejercer tan noble profesi\u00f3n y ser custodios de la creaci\u00f3n m\u00e1s preciada e importante del universo \u201cla vida humana\u201d estamos donde inicia y termina la vida y donde pocos quieren estar: \u201cfrente a frente con el dolor\u201d sin embargo siendo todo esto y siendo evidente el reconocimiento de la poblaci\u00f3n en general, &nbsp;el Estado nos est\u00e1 quitando o &nbsp;restando derechos ya adquiridos desde d\u00e9cadas y a\u00f1os pasados. Con esta breve elocuencia en esta ocasi\u00f3n, y con el mayor respeto y consideraci\u00f3n a trav\u00e9s de su autoridad Sr. Gobernador llegamos al Presidente de la Rep\u00fablica, Sr. Guillermo Lasso, a la Asamblea Nacional y al Ministerio de Trabajo, con un pliego de peticiones y demandas que requiere el gremio de enfermer\u00eda de esta querida provincia del sur del pa\u00eds. Que se d\u00e9 cumplimiento al acuerdo ministerial No. MRL-2012-0001, publicado en el registro oficial n\u00famero 620, el 17 enero del 2012 &#8211; norma t\u00e9cnica para el reconocimiento de la bonificaci\u00f3n geogr\u00e1fica a las y los servidores del sector de la salud p\u00fablica y a los art\u00edculos 113 y 276 del reglamento general a la Ley Org\u00e1nica del Servidor P\u00fablico. En breves palabras, se nos haga la cancelaci\u00f3n total de la bonificaci\u00f3n geogr\u00e1fica a los profesionales de la salud, desde el mes de agosto 2021 a los 53 enfermeros\/as que laboramos en las diferentes instituciones de salud de esta Provincia, este bono se nos cancelaba el 100% en meses anteriores pero actualmente se nos descuenta los d\u00edas de descanso forzoso, feriados, vacaciones, o licencias, por ello surge nuestra inconformidad, por lo que solicitamos solventar conforme a la correcta aplicaci\u00f3n y pago de valores de acuerdo a lo que dice la ley vigente, y manifestamos nuestra inconformidad y rechazo a esta decisi\u00f3n de las autoridades de turno que van en contra de nuestro derechos constitucionales. Considerando que el personal de enfermer\u00eda realizamos jornadas especiales (turnos rotativos, ma\u00f1ana tarde noche, fines de semana, d\u00edas feriados y cuando la salud de la comunidad as\u00ed lo requiera y considerando que estamos en contacto con enfermedades diversas e infecto contagiosas, nos unimos al pedido nacional de todas las enfermeras del pa\u00eds, laborar 120 horas al mes, como labor\u00e1bamos hasta el a\u00f1o 2007, no puede haber dentro de la misma instituci\u00f3n de salud personal que labora 120 horas (trabajadores) y personal que labora 160 horas (LOSEP), es evidente que se rompe con el derecho de igualdad y equidad. Requerimos urgente que la Asamblea Nacional, apruebe la Ley de Carrera Sanitaria y sus 47 art\u00edculos que se encuentran en primer debate y sobre todo se considere los 30 a\u00f1os de servicio sin l\u00edmite de edad,&nbsp; para efectuarse la jubilaci\u00f3n del personal de enfermer\u00eda en todas las casas de salud del pa\u00eds, por los constantes riesgos y &nbsp;exposiciones que existe en nuestro trabajo como son exposiciones f\u00edsicas, ergon\u00f3micas, biol\u00f3gicas, psico-sociales, qu\u00edmicos, etc. mismas que afectan d\u00eda a d\u00eda la salud de todas las enfermeras\/os de nuestro pa\u00eds. Principalmente, hipertensi\u00f3n, enfermedades hormonales, enfermedades ergon\u00f3micas y psicol\u00f3gicas. Solicitamos urgente la reclasificaci\u00f3n de puestos de&nbsp; los profesionales de enfermer\u00eda, de acuerdo a las escalas de remuneraci\u00f3n mensual unificadas emitidas por el Ministerio de Relaciones Laborales, cada d\u00eda, suben los costos de vida en este pa\u00eds pero ya son 11 a\u00f1os que no se ha efectuado este proceso justo y necesario para el gremio, adem\u00e1s los profesionales de enfermer\u00eda d\u00eda a d\u00eda nos capacitamos, seguimos estudiando; existen profesionales con diferentes especialidades como doctorados en enfermer\u00eda, diplomados, maestr\u00edas, etc; sin embargo seguimos percibiendo la misma remuneraci\u00f3n que cuando ingresamos a laborar el primer d\u00eda, demandamos al estado, ese estimulo e incentivo Sr. Gobernador, &nbsp;acudimos a su autoridad y hacemos llegar nuestro pliego de peticiones, nos unimos y respaldamos a los pedidos que realiza nuestra directiva nacional, pedidos&nbsp; que consideramos justos, necesarios y urgentes, adem\u00e1s manifestamos nuestra predisposici\u00f3n y entereza en seguir sirviendo y trabajando con empe\u00f1o y responsabilidad por el bien y el cuidado de la salud de los habitantes de nuestra provincia y de todos los ecuatorianos, y esperamos ser escuchados y atendidos en nuestros justos requerimientos. &nbsp; Quienes al pie firmamos, respaldamos el pliego de peticiones con fecha 12 de mayo 2022. Orden Nombres y apellidos Numero cedula Firma &nbsp; &nbsp; &nbsp; &nbsp; &nbsp; &nbsp; &nbsp; &nbsp; &nbsp; &nbsp; &nbsp; &nbsp; &nbsp; &nbsp; &nbsp; &nbsp; &nbsp; &nbsp; &nbsp; &nbsp; &nbsp; &nbsp; &nbsp; &nbsp; &nbsp; &nbsp; &nbsp; &nbsp;<\/p>\n","protected":false},"author":1,"featured_media":3860,"comment_status":"open","ping_status":"open","sticky":false,"template":"","format":"standard","meta":{"footnotes":""},"categories":[243],"tags":[],"class_list":["post-3859","post","type-post","status-publish","format-standard","has-post-thumbnail","hentry","category-noticias-zamora"],"_links":{"self":[{"href":"https:\/\/www.elamazonico.com\/portal\/wp-json\/wp\/v2\/posts\/3859","targetHints":{"allow":["GET"]}}],"collection":[{"href":"https:\/\/www.elamazonico.com\/portal\/wp-json\/wp\/v2\/posts"}],"about":[{"href":"https:\/\/www.elamazonico.com\/portal\/wp-json\/wp\/v2\/types\/post"}],"author":[{"embeddable":true,"href":"https:\/\/www.elamazonico.com\/portal\/wp-json\/wp\/v2\/users\/1"}],"replies":[{"embeddable":true,"href":"https:\/\/www.elamazonico.com\/portal\/wp-json\/wp\/v2\/comments?post=3859"}],"version-history":[{"count":1,"href":"https:\/\/www.elamazonico.com\/portal\/wp-json\/wp\/v2\/posts\/3859\/revisions"}],"predecessor-version":[{"id":3861,"href":"https:\/\/www.elamazonico.com\/portal\/wp-json\/wp\/v2\/posts\/3859\/revisions\/3861"}],"wp:featuredmedia":[{"embeddable":true,"href":"https:\/\/www.elamazonico.com\/portal\/wp-json\/wp\/v2\/media\/3860"}],"wp:attachment":[{"href":"https:\/\/www.elamazonico.com\/portal\/wp-json\/wp\/v2\/media?parent=3859"}],"wp:term":[{"taxonomy":"category","embeddable":true,"href":"https:\/\/www.elamazonico.com\/portal\/wp-json\/wp\/v2\/categories?post=3859"},{"taxonomy":"post_tag","embeddable":true,"href":"https:\/\/www.elamazonico.com\/portal\/wp-json\/wp\/v2\/tags?post=3859"}],"curies":[{"name":"wp","href":"https:\/\/api.w.org\/{rel}","templated":true}]}}