{"id":3853,"date":"2022-05-17T06:09:03","date_gmt":"2022-05-17T11:09:03","guid":{"rendered":"https:\/\/www.elamazonico.com\/portal\/?p=3853"},"modified":"2022-05-17T06:09:17","modified_gmt":"2022-05-17T11:09:17","slug":"nuevo-bloque-de-aulas-en-la-unidad-educativa-intercultural-bilingue-general-miranda","status":"publish","type":"post","link":"https:\/\/www.elamazonico.com\/portal\/nuevo-bloque-de-aulas-en-la-unidad-educativa-intercultural-bilingue-general-miranda\/","title":{"rendered":"Nuevo bloque de aulas en la Unidad Educativa Intercultural Biling\u00fce \u00abGeneral Miranda\u00bb"},"content":{"rendered":"\n<p>El pasado viernes 13 de mayo se llev\u00f3 a cabo la entrega del nuevo bloque de aulas para los estudiantes de la Unidad Educativa Intercultural Biling\u00fce \u00abGeneral Miranda\u00bb de la parroquia Tutupali. Al evento asistieron el alcalde del cant\u00f3n Yacuambi, V\u00edctor Gual\u00e1n junto a su equipo de trabajo; Narciza Orellana, directora del Distrito de Educaci\u00f3n Yacuambi\u2013Zamora; Hernan Guayllas, L\u00edder de la instituci\u00f3n; docentes, estudiantes y padres de familia.<\/p>\n\n\n\n<p>El objetivo de esta obra es brindar espacios seguros e innovadores para que los estudiantes puedan continuar con su aprendizaje acad\u00e9mico. \u00abHoy vamos a entregar este bloque de aulas completamente terminadas para recibir videos conferencias, clases pedag\u00f3gicas para que los alumnos y profesores se sientan contentos con la mayor facilidad\u00bb, manifest\u00f3 el alcalde V\u00edctor Gual\u00e1n. Tambien agreg\u00f3 que \u00abla unidad de los maestros y padres de familia contribuyen al desarrollo de cada pueblo y cada cant\u00f3n\u00bb.<\/p>\n\n\n\n<p>En su intervenci\u00f3n, Narciza Orellana, directora del Distrito de Educaci\u00f3n Yacuambi\u2013Zamora, agradeci\u00f3 el trabajo y la colaboraci\u00f3n del se\u00f1or alcalde con la instituci\u00f3n; as\u00ed mismo, destac\u00f3 la importancia de esta obra de calidad y tecnol\u00f3gica, \u00abes un gusto para m\u00ed visitar estas aulas y ver que nuestros estudiantes se van a beneficiar de un espacio acogedor que les ayudar\u00e1 en su desarrollo y adelanto educativo\u00bb, expres\u00f3.<\/p>\n\n\n\n<p>Hernan Guayllas, rector de la instituci\u00f3n, mencion\u00f3: \u201cEsta tarde es hist\u00f3rica para nuestra unidad educativa cuando cumplimos 70 a\u00f1os de vida institucional, muchas gracias a todos quienes de una u otra forma aportaron para que este sue\u00f1o se haga realidad\u00bb.<\/p>\n\n\n\n<p>La Unidad Educativa Intercultural Biling\u00fce \u00abGeneral Miranda\u00bb, cumpli\u00f3 70 a\u00f1os de institucionalidad y formaci\u00f3n acad\u00e9mica de los estudiantes, el rector invita a seguir juntos gestionando las m\u00faltiples necesidades que hay en el plantel educativo, porque solo as\u00ed lograran mejores d\u00edas en un futuro.<\/p>\n","protected":false},"excerpt":{"rendered":"<p>El pasado viernes 13 de mayo se llev\u00f3 a cabo la entrega del nuevo bloque de aulas para los estudiantes de la Unidad Educativa Intercultural Biling\u00fce \u00abGeneral Miranda\u00bb de la parroquia Tutupali. Al evento asistieron el alcalde del cant\u00f3n Yacuambi, V\u00edctor Gual\u00e1n junto a su equipo de trabajo; Narciza Orellana, directora del Distrito de Educaci\u00f3n Yacuambi\u2013Zamora; Hernan Guayllas, L\u00edder de la instituci\u00f3n; docentes, estudiantes y padres de familia. El objetivo de esta obra es brindar espacios seguros e innovadores para que los estudiantes puedan continuar con su aprendizaje acad\u00e9mico. \u00abHoy vamos a entregar este bloque de aulas completamente terminadas para recibir videos conferencias, clases pedag\u00f3gicas para que los alumnos y profesores se sientan contentos con la mayor facilidad\u00bb, manifest\u00f3 el alcalde V\u00edctor Gual\u00e1n. Tambien agreg\u00f3 que \u00abla unidad de los maestros y padres de familia contribuyen al desarrollo de cada pueblo y cada cant\u00f3n\u00bb. En su intervenci\u00f3n, Narciza Orellana, directora del Distrito de Educaci\u00f3n Yacuambi\u2013Zamora, agradeci\u00f3 el trabajo y la colaboraci\u00f3n del se\u00f1or alcalde con la instituci\u00f3n; as\u00ed mismo, destac\u00f3 la importancia de esta obra de calidad y tecnol\u00f3gica, \u00abes un gusto para m\u00ed visitar estas aulas y ver que nuestros estudiantes se van a beneficiar de un espacio acogedor que les ayudar\u00e1 en su desarrollo y adelanto educativo\u00bb, expres\u00f3. Hernan Guayllas, rector de la instituci\u00f3n, mencion\u00f3: \u201cEsta tarde es hist\u00f3rica para nuestra unidad educativa cuando cumplimos 70 a\u00f1os de vida institucional, muchas gracias a todos quienes de una u otra forma aportaron para que este sue\u00f1o se haga realidad\u00bb. La Unidad Educativa Intercultural Biling\u00fce \u00abGeneral Miranda\u00bb, cumpli\u00f3 70 a\u00f1os de institucionalidad y formaci\u00f3n acad\u00e9mica de los estudiantes, el rector invita a seguir juntos gestionando las m\u00faltiples necesidades que hay en el plantel educativo, porque solo as\u00ed lograran mejores d\u00edas en un futuro.<\/p>\n","protected":false},"author":1,"featured_media":3854,"comment_status":"open","ping_status":"open","sticky":false,"template":"","format":"standard","meta":{"footnotes":""},"categories":[243],"tags":[],"class_list":["post-3853","post","type-post","status-publish","format-standard","has-post-thumbnail","hentry","category-noticias-zamora"],"_links":{"self":[{"href":"https:\/\/www.elamazonico.com\/portal\/wp-json\/wp\/v2\/posts\/3853","targetHints":{"allow":["GET"]}}],"collection":[{"href":"https:\/\/www.elamazonico.com\/portal\/wp-json\/wp\/v2\/posts"}],"about":[{"href":"https:\/\/www.elamazonico.com\/portal\/wp-json\/wp\/v2\/types\/post"}],"author":[{"embeddable":true,"href":"https:\/\/www.elamazonico.com\/portal\/wp-json\/wp\/v2\/users\/1"}],"replies":[{"embeddable":true,"href":"https:\/\/www.elamazonico.com\/portal\/wp-json\/wp\/v2\/comments?post=3853"}],"version-history":[{"count":1,"href":"https:\/\/www.elamazonico.com\/portal\/wp-json\/wp\/v2\/posts\/3853\/revisions"}],"predecessor-version":[{"id":3855,"href":"https:\/\/www.elamazonico.com\/portal\/wp-json\/wp\/v2\/posts\/3853\/revisions\/3855"}],"wp:featuredmedia":[{"embeddable":true,"href":"https:\/\/www.elamazonico.com\/portal\/wp-json\/wp\/v2\/media\/3854"}],"wp:attachment":[{"href":"https:\/\/www.elamazonico.com\/portal\/wp-json\/wp\/v2\/media?parent=3853"}],"wp:term":[{"taxonomy":"category","embeddable":true,"href":"https:\/\/www.elamazonico.com\/portal\/wp-json\/wp\/v2\/categories?post=3853"},{"taxonomy":"post_tag","embeddable":true,"href":"https:\/\/www.elamazonico.com\/portal\/wp-json\/wp\/v2\/tags?post=3853"}],"curies":[{"name":"wp","href":"https:\/\/api.w.org\/{rel}","templated":true}]}}