{"id":3738,"date":"2022-05-09T05:52:52","date_gmt":"2022-05-09T10:52:52","guid":{"rendered":"https:\/\/www.elamazonico.com\/portal\/?p=3738"},"modified":"2022-05-09T05:52:56","modified_gmt":"2022-05-09T10:52:56","slug":"madres-emprendedoras-participaron-en-feria-provincial","status":"publish","type":"post","link":"https:\/\/www.elamazonico.com\/portal\/madres-emprendedoras-participaron-en-feria-provincial\/","title":{"rendered":"<strong>Madres emprendedoras participaron en feria provincial<\/strong>"},"content":{"rendered":"\n<p>Desde la Prefectura de Zamora Chinchipe ratificamos el compromiso de generar espacios que fomenten y reconozcan el trabajo de las y los emprendedores. En este sentido y en homenaje al D\u00eda de la Madre, se desarroll\u00f3 la Feria de la S\u00faper Mam\u00e1, con la participaci\u00f3n de m\u00e1s de 80 emprendimientos de todos los cantones de la provincia.<\/p>\n\n\n\n<p>El prefecto Cl\u00e9ver Jim\u00e9nez enfatiz\u00f3 que es el ser m\u00e1s maravilloso de la tierra y se la debe valorarla y admirarla,&nbsp;<strong>\u201cdesde el Gobierno Provincial realizamos esta feria para rendirle tributo por todo su aporte con sus hijos (\u2026), quiz\u00e1 sea un evento peque\u00f1o para algunos, pero lo hacemos con mucho cari\u00f1o y amor\u201d.<\/strong><\/p>\n\n\n\n<p>Entre los emprendimientos expuestos fueron: vino de cacao, pasta de chocolate, quesos, jugo de ca\u00f1a, miel con quesillo, productos de limpieza, miel de abeja, artesan\u00edas en mullos, en balsa, tejidos de lana, florister\u00eda, tilapia ahumada, pintura en piedra, cerveza artesanal, hornado, cuy asado (\u2026), presentes desde Zamora, Palanda, Chinchipe, Yantzaza, El Pangui, Yacuambi y muchos m\u00e1s.<\/p>\n\n\n\n<p>Fabiola Morocho fabrica artesan\u00edas en mullos, trabaja desde hace tres a\u00f1os porque le encanta hacer esta actividad y le ha ayudado mucho a su familia. G\u00e9nesis Pel\u00e1ez, elabora l\u00e1mparas r\u00fasticas, este emprendimiento naci\u00f3 en tiempo de pandemia como una alternativa de sobrevivencia amigable con el ambiente. \u201c<strong>Ser emprendedoras es lo m\u00e1s lindo que hay en la vida\u201d,<\/strong>&nbsp;sostuvo Teresa Palma, una de las mujeres que ha salido adelante gracias a las capacitaciones de la direcci\u00f3n de GESTURI.&nbsp;<\/p>\n\n\n\n<p>Sin duda el punto que marc\u00f3 la diferencia fue la s\u00faper rifa con m\u00e1s de 100 premios, entre ellas: licuadoras, cocinas, televisores, ollas arroceras, lavadora, canguileras, cenas en hoster\u00edas, limpiezas faciales (\u2026), misma que se desarroll\u00f3 en dos momentos y que fueron gestionados ante la empresa privada.<\/p>\n","protected":false},"excerpt":{"rendered":"<p>Desde la Prefectura de Zamora Chinchipe ratificamos el compromiso de generar espacios que fomenten y reconozcan el trabajo de las y los emprendedores. En este sentido y en homenaje al D\u00eda de la Madre, se desarroll\u00f3 la Feria de la S\u00faper Mam\u00e1, con la participaci\u00f3n de m\u00e1s de 80 emprendimientos de todos los cantones de la provincia. El prefecto Cl\u00e9ver Jim\u00e9nez enfatiz\u00f3 que es el ser m\u00e1s maravilloso de la tierra y se la debe valorarla y admirarla,&nbsp;\u201cdesde el Gobierno Provincial realizamos esta feria para rendirle tributo por todo su aporte con sus hijos (\u2026), quiz\u00e1 sea un evento peque\u00f1o para algunos, pero lo hacemos con mucho cari\u00f1o y amor\u201d. Entre los emprendimientos expuestos fueron: vino de cacao, pasta de chocolate, quesos, jugo de ca\u00f1a, miel con quesillo, productos de limpieza, miel de abeja, artesan\u00edas en mullos, en balsa, tejidos de lana, florister\u00eda, tilapia ahumada, pintura en piedra, cerveza artesanal, hornado, cuy asado (\u2026), presentes desde Zamora, Palanda, Chinchipe, Yantzaza, El Pangui, Yacuambi y muchos m\u00e1s. Fabiola Morocho fabrica artesan\u00edas en mullos, trabaja desde hace tres a\u00f1os porque le encanta hacer esta actividad y le ha ayudado mucho a su familia. G\u00e9nesis Pel\u00e1ez, elabora l\u00e1mparas r\u00fasticas, este emprendimiento naci\u00f3 en tiempo de pandemia como una alternativa de sobrevivencia amigable con el ambiente. \u201cSer emprendedoras es lo m\u00e1s lindo que hay en la vida\u201d,&nbsp;sostuvo Teresa Palma, una de las mujeres que ha salido adelante gracias a las capacitaciones de la direcci\u00f3n de GESTURI.&nbsp; Sin duda el punto que marc\u00f3 la diferencia fue la s\u00faper rifa con m\u00e1s de 100 premios, entre ellas: licuadoras, cocinas, televisores, ollas arroceras, lavadora, canguileras, cenas en hoster\u00edas, limpiezas faciales (\u2026), misma que se desarroll\u00f3 en dos momentos y que fueron gestionados ante la empresa privada.<\/p>\n","protected":false},"author":1,"featured_media":3739,"comment_status":"open","ping_status":"open","sticky":false,"template":"","format":"standard","meta":{"footnotes":""},"categories":[243],"tags":[],"class_list":["post-3738","post","type-post","status-publish","format-standard","has-post-thumbnail","hentry","category-noticias-zamora"],"_links":{"self":[{"href":"https:\/\/www.elamazonico.com\/portal\/wp-json\/wp\/v2\/posts\/3738","targetHints":{"allow":["GET"]}}],"collection":[{"href":"https:\/\/www.elamazonico.com\/portal\/wp-json\/wp\/v2\/posts"}],"about":[{"href":"https:\/\/www.elamazonico.com\/portal\/wp-json\/wp\/v2\/types\/post"}],"author":[{"embeddable":true,"href":"https:\/\/www.elamazonico.com\/portal\/wp-json\/wp\/v2\/users\/1"}],"replies":[{"embeddable":true,"href":"https:\/\/www.elamazonico.com\/portal\/wp-json\/wp\/v2\/comments?post=3738"}],"version-history":[{"count":1,"href":"https:\/\/www.elamazonico.com\/portal\/wp-json\/wp\/v2\/posts\/3738\/revisions"}],"predecessor-version":[{"id":3740,"href":"https:\/\/www.elamazonico.com\/portal\/wp-json\/wp\/v2\/posts\/3738\/revisions\/3740"}],"wp:featuredmedia":[{"embeddable":true,"href":"https:\/\/www.elamazonico.com\/portal\/wp-json\/wp\/v2\/media\/3739"}],"wp:attachment":[{"href":"https:\/\/www.elamazonico.com\/portal\/wp-json\/wp\/v2\/media?parent=3738"}],"wp:term":[{"taxonomy":"category","embeddable":true,"href":"https:\/\/www.elamazonico.com\/portal\/wp-json\/wp\/v2\/categories?post=3738"},{"taxonomy":"post_tag","embeddable":true,"href":"https:\/\/www.elamazonico.com\/portal\/wp-json\/wp\/v2\/tags?post=3738"}],"curies":[{"name":"wp","href":"https:\/\/api.w.org\/{rel}","templated":true}]}}