{"id":3734,"date":"2022-05-08T23:26:59","date_gmt":"2022-05-09T04:26:59","guid":{"rendered":"https:\/\/www.elamazonico.com\/portal\/?p=3734"},"modified":"2022-05-09T05:48:44","modified_gmt":"2022-05-09T10:48:44","slug":"exalcalde-de-yantzaza-fue-asesinado-en-loja","status":"publish","type":"post","link":"https:\/\/www.elamazonico.com\/portal\/exalcalde-de-yantzaza-fue-asesinado-en-loja\/","title":{"rendered":"Exalcalde de Yantzaza fue asesinado en Loja"},"content":{"rendered":"\n<p>Seg\u00fan informaci\u00f3n extraoficial da cuenta que un sicario ingres\u00f3 a un domicilio ubicado en el Barrio San Cayetano Alto en la ciudad de Loja y dispar\u00f3 por varias ocasiones a \u00c1ngel Erreyes mat\u00e1ndolo de forma inmediata. La madre del occiso result\u00f3 con una herida de bala en su pierna.<\/p>\n\n\n\n<p>Luego de cometer este atroz hecho, el sicario huy\u00f3 en una camioneta con rumbo desconocido.<\/p>\n\n\n\n<p>Este hecho ins\u00f3lito genera conmoci\u00f3n en la ciudadan\u00eda y refleja la inseguridad que ronda a los habitantes de Loja.<\/p>\n\n\n\n<p>\u00c1ngel Erreyes fue alcalde del cant\u00f3n Yantzaza, provincia de Zamora Chinchipe en el per\u00edodo 2009 &#8211; 2014.<\/p>\n\n\n\n<p>Habitantes de Yantzaza y de la provincia entera est\u00e1n consternados por la triste noticia y exigen dar con el paradero del quien termin\u00f3 con su vida de manera ins\u00f3lita.<\/p>\n\n\n\n<p>\u00c1ngel Erreyes condujo un programa radial denominado \u00abVoces Educativas\u00bb por el tiempo de nueve meses en radio Rom\u00e1ntica del mismo Cant\u00f3n. En la actualidad estaba deslindado de la actividad pol\u00edtica y hace dos meses dej\u00f3 el programa radial. (I)<\/p>\n","protected":false},"excerpt":{"rendered":"<p>Seg\u00fan informaci\u00f3n extraoficial da cuenta que un sicario ingres\u00f3 a un domicilio ubicado en el Barrio San Cayetano Alto en la ciudad de Loja y dispar\u00f3 por varias ocasiones a \u00c1ngel Erreyes mat\u00e1ndolo de forma inmediata. La madre del occiso result\u00f3 con una herida de bala en su pierna. Luego de cometer este atroz hecho, el sicario huy\u00f3 en una camioneta con rumbo desconocido. Este hecho ins\u00f3lito genera conmoci\u00f3n en la ciudadan\u00eda y refleja la inseguridad que ronda a los habitantes de Loja. \u00c1ngel Erreyes fue alcalde del cant\u00f3n Yantzaza, provincia de Zamora Chinchipe en el per\u00edodo 2009 &#8211; 2014. Habitantes de Yantzaza y de la provincia entera est\u00e1n consternados por la triste noticia y exigen dar con el paradero del quien termin\u00f3 con su vida de manera ins\u00f3lita. \u00c1ngel Erreyes condujo un programa radial denominado \u00abVoces Educativas\u00bb por el tiempo de nueve meses en radio Rom\u00e1ntica del mismo Cant\u00f3n. En la actualidad estaba deslindado de la actividad pol\u00edtica y hace dos meses dej\u00f3 el programa radial. (I)<\/p>\n","protected":false},"author":1,"featured_media":3735,"comment_status":"open","ping_status":"open","sticky":false,"template":"","format":"standard","meta":{"footnotes":""},"categories":[243],"tags":[],"class_list":["post-3734","post","type-post","status-publish","format-standard","has-post-thumbnail","hentry","category-noticias-zamora"],"_links":{"self":[{"href":"https:\/\/www.elamazonico.com\/portal\/wp-json\/wp\/v2\/posts\/3734","targetHints":{"allow":["GET"]}}],"collection":[{"href":"https:\/\/www.elamazonico.com\/portal\/wp-json\/wp\/v2\/posts"}],"about":[{"href":"https:\/\/www.elamazonico.com\/portal\/wp-json\/wp\/v2\/types\/post"}],"author":[{"embeddable":true,"href":"https:\/\/www.elamazonico.com\/portal\/wp-json\/wp\/v2\/users\/1"}],"replies":[{"embeddable":true,"href":"https:\/\/www.elamazonico.com\/portal\/wp-json\/wp\/v2\/comments?post=3734"}],"version-history":[{"count":2,"href":"https:\/\/www.elamazonico.com\/portal\/wp-json\/wp\/v2\/posts\/3734\/revisions"}],"predecessor-version":[{"id":3737,"href":"https:\/\/www.elamazonico.com\/portal\/wp-json\/wp\/v2\/posts\/3734\/revisions\/3737"}],"wp:featuredmedia":[{"embeddable":true,"href":"https:\/\/www.elamazonico.com\/portal\/wp-json\/wp\/v2\/media\/3735"}],"wp:attachment":[{"href":"https:\/\/www.elamazonico.com\/portal\/wp-json\/wp\/v2\/media?parent=3734"}],"wp:term":[{"taxonomy":"category","embeddable":true,"href":"https:\/\/www.elamazonico.com\/portal\/wp-json\/wp\/v2\/categories?post=3734"},{"taxonomy":"post_tag","embeddable":true,"href":"https:\/\/www.elamazonico.com\/portal\/wp-json\/wp\/v2\/tags?post=3734"}],"curies":[{"name":"wp","href":"https:\/\/api.w.org\/{rel}","templated":true}]}}