{"id":3729,"date":"2022-05-06T11:14:33","date_gmt":"2022-05-06T16:14:33","guid":{"rendered":"https:\/\/www.elamazonico.com\/portal\/?p=3729"},"modified":"2022-05-06T11:14:39","modified_gmt":"2022-05-06T16:14:39","slug":"conflictos-e-intereses-particulares-dentro-de-la-asamblea-nacional","status":"publish","type":"post","link":"https:\/\/www.elamazonico.com\/portal\/conflictos-e-intereses-particulares-dentro-de-la-asamblea-nacional\/","title":{"rendered":"\u00bfConflictos e intereses particulares dentro de la asamblea nacional?"},"content":{"rendered":"\n<p>La Asamblea Nacional es el \u00f3rgano encargado de ejercer la Funci\u00f3n Legislativa, como uno de los poderes del estado ecuatoriano, conformada por la actuaci\u00f3n y participaci\u00f3n de 137 asamble\u00edstas, quienes representan a su curul por elecci\u00f3n popular; distribuidos entre asamble\u00edstas nacionales y provinciales.<\/p>\n\n\n\n<p>Sin duda alguna, su participaci\u00f3n en el proceso de reforma constitucional. Al \u201cexpedir, codificar, reformar y derogar las leyes, e interpretarlas con car\u00e1cter generalmente obligatorio\u201d. Pero en la actualidad, se pone en tela de duda la objetividad con la que fue creado este \u00f3rgano legislativo.<\/p>\n\n\n\n<p>Por ello, la Fundaci\u00f3n Ciudadan\u00eda y Desarrollo, quienes promueven a trav\u00e9s de la investigaci\u00f3n y educaci\u00f3n ciudadana, un Estado de Derecho han llegado a la conclusi\u00f3n de que: \u201csolo 7 de 137 asamble\u00edstas han transparentado hasta la fecha su declaraci\u00f3n de inter\u00e9s en el portal web de la Asamblea Nacional, reflejando nuevamente el reto al que contin\u00faa enfrent\u00e1ndose el Legislativo para cumplir con sus propias normas\u201d, poniendo en tela de duda la confiabilidad por parte de los asamble\u00edstas. Raz\u00f3n por la cual no se est\u00e1 cumpliendo con los objetivos e intereses del pueblo ecuatoriano.<\/p>\n\n\n\n<p>Para ello, el docente y catedr\u00e1tico, Ing. Manuel Valdivieso hace un an\u00e1lisis de la situaci\u00f3n actual de la Asamblea Nacional. Refiri\u00e9ndose a una situaci\u00f3n latente, siendo observada y conocida por gran parte de la poblaci\u00f3n. Hace \u00e9nfasis en la repercusi\u00f3n que esta tiene sobre Yantzatza y la provincia de Zamora Chinchipe.<\/p>\n\n\n\n<p>\u201cEs lamentable la situaci\u00f3n que se vive actualmente en la asamblea nacional. Sobre el tema de manera particular, en el camino los ciudadanos nos vamos dando cuenta que a trav\u00e9s del trabajo legislativo no se logra cristalizar las grandes aspiraciones de cada uno de los ciudadanos del Ecuador. Lamentablemente en nuestro pa\u00eds prevalecen los intereses particulares, partidistas desde que se inicia un proceso electoral hasta cuando se gana una elecci\u00f3n, autom\u00e1ticamente ya empiezan a trabajar sobre los intereses individuales\u201d.<\/p>\n\n\n\n<p>En su interpretaci\u00f3n comenta que el tema de la seguridad que se vive actualmente es \u00a8terrible\u00a8 hoy en d\u00eda, en cada ciudad, en cada sector de nuestro pa\u00eds, las cuestiones son lamentables. Noticias, eventos que generan caos y desorden y en ese contexto, no prima el inter\u00e9s nacional de crear pol\u00edticas p\u00fablicas para disminuir los \u00edndices de criminalidad, por tal raz\u00f3n los ciudadanos deben ser muy objetivos, anal\u00edticos en el proceso de ir seleccionando y canalizando la informaci\u00f3n para que a trav\u00e9s de un an\u00e1lisis respectivo se tomen decisiones acertadas en cuanto a elecciones.<\/p>\n\n\n\n<p>El catedr\u00e1tico no espera que se d\u00e9 un cambio conductual de parte de la clase pol\u00edtica del pa\u00eds. Lo cree dif\u00edcil. \u201cQuiz\u00e1 soy pesimista porque considero que prima los intereses partidistas de determinados grupos\u201d.<\/p>\n\n\n\n<p>Aprovecha para compartir una idea que podr\u00eda generar alg\u00fan tipo de cambio, en especial para Yantzatza, lugar de su origen y los cantones de la provincia de Zamora Chinchipe. La pregunta es: \u00bfSe ha trabajado en una reforma que permita insertar los recursos econ\u00f3micos por el tema de la miner\u00eda a favor de la provincia? \u00bfSe est\u00e1 trabajando realmente para lograr la educaci\u00f3n en la regi\u00f3n amaz\u00f3nica? \u00bfSe est\u00e1 trabajando para mejorar las condiciones de seguridad en el Ecuador? Son temas que en la practica la asamblea no cumple ese rol, solo ciertos asamble\u00edstas, pero en t\u00e9rminos generales no se logra llegar a acuerdos en beneficio del pa\u00eds, sino de interese particulares.<\/p>\n\n\n\n<p>En ese contexto, los hombres y mujeres debemos ser m\u00e1s anal\u00edticos en los procesos electorales, de tal manera se elija de forma correcta a quienes en la pr\u00e1ctica nos van a representar acertadamente.<\/p>\n\n\n\n<p>Seg\u00fan datos, la anterior asamblea llego a tener una aceptaci\u00f3n de la poblaci\u00f3n del 10% y la actual va por el mismo camino.<\/p>\n\n\n\n<p>\u201cEl nivel de credibilidad de la asamblea anterior tuvo bajas caracter\u00edsticas, la actual se sit\u00faa de la misma manera e incluso se podr\u00eda considerar en peores condiciones\u201d.<\/p>\n\n\n\n<p><strong>\u00bfQu\u00e9 hacer?<\/strong><\/p>\n\n\n\n<p>Hay situaciones y promesas que durante el camino se han ido rezagando. Se puede recordar el gran proyecto del cuarto eje vial como resultado de la guerra, a la cual se asignaron fondos y recursos. En el Per\u00fa se conoce que ese tema ya ha sido solucionado mientras en el Ecuador todav\u00eda siguen abandonados esos sectores.<\/p>\n\n\n\n<p>La pregunta es: \u00bfQu\u00e9 aspectos formativos se requieren para que las cosas se den a favor de nuestra regi\u00f3n?<\/p>\n\n\n\n<p>Siempre se ha hablado y aprovechado la cuesti\u00f3n minera como una estrategia o plataforma pol\u00edtica con el \u00e1nimo de que ciertos grupos o sectores ganen votos, pero en la pr\u00e1ctica no se ha hecho absolutamente nada por ellos. Se ha hablado de la regularizaci\u00f3n de los mineros, pero eso a nivel de estado y asamblea, no se ha normado y llegado a concretar, solo son palabras porque no existen las normativas que permita que se inserten dentro del sector productivo muchos hombres y mujeres; lo hacen, pero bajo ciertas condiciones no d\u00e9cadas. Esas son las situaciones que deber\u00edan tomarse dentro de la asamblea.<\/p>\n\n\n\n<p>La otra situaci\u00f3n, la asignaci\u00f3n de recursos. \u201cNos preguntamos qu\u00e9 tan significativo es la presencia de las empresas mineras en la provincia. Como incide econ\u00f3micamente a favor de los grandes cantones de esta regi\u00f3n amaz\u00f3nica del Ecuador. La pregunta es \u00bfC\u00f3mo deber\u00edan insertarse los recursos? a favor de los gobiernos municipales en ese contexto deber\u00eda normarse a trav\u00e9s del estado y la asamblea la reforma para que los GADs parroquiales, cantonales y gobernaci\u00f3n provincial que no est\u00e9n padeciendo para la obtenci\u00f3n de recursos, sino a trav\u00e9s de una ley que les permita la obtenci\u00f3n directa de aquellos recursos<\/p>\n\n\n\n<p>En conclusi\u00f3n \u201cmientas los ecuatorianos no analicemos correctamente y la toma de decisiones de nuestro pa\u00eds no se centre en quienes nos puedan representar. Debe existir la madurez pol\u00edtica a trav\u00e9s de las agrupaciones. Mientras exista intereses particulares, las cosas no van a cambiar, aunque crean que soy pesimista, pero en la actualidad esperar a que haya un cambio significativo en el comportamiento de las autoridades sobre la forma de trabajar en interactuar, es nula.<\/p>\n\n\n\n<p><strong>Muerte cruzada y consulta popular<\/strong><\/p>\n\n\n\n<p>\u00bfQu\u00e9 pasar\u00eda despu\u00e9s porque si se hace una muerte cruzada que pasar\u00eda despu\u00e9s?<\/p>\n\n\n\n<p>Si se hace una muerte cruzada se viene un nuevo proceso eleccionario. \u00bfLos ecuatorianos a trav\u00e9s de la experiencia vivida, se aprender\u00e1 a analizar para poder elegir?<\/p>\n\n\n\n<p>La consulta popular es para establecer cambios significativos que a trav\u00e9s de la asamblea se generen reformas necesarias. Otra pregunta ser\u00eda, \u00bfqui\u00e9nes nuevamente van a estar en la asamblea? Son interrogantes que la mayor\u00eda de ecuatorianos hace, esto en relaci\u00f3n si en un futuro las cosas cambiaran mediante la elecci\u00f3n de nuevos personajes pol\u00edticos.<\/p>\n\n\n\n<p>\u201cLos antecedentes que tiene el Ecuador hace que miremos con pesimismo un posible cambio positivo que contribuya al desarrollo del Ecuador. Que la clase pol\u00edtica asuma con responsabilidad las tareas que se les encomienda como autoridades de elecci\u00f3n\u201d concluy\u00f3 el Ing. &nbsp;Manuel Valdivieso, manifest\u00e1ndose como ciudadano y formador.<\/p>\n","protected":false},"excerpt":{"rendered":"<p>La Asamblea Nacional es el \u00f3rgano encargado de ejercer la Funci\u00f3n Legislativa, como uno de los poderes del estado ecuatoriano, conformada por la actuaci\u00f3n y participaci\u00f3n de 137 asamble\u00edstas, quienes representan a su curul por elecci\u00f3n popular; distribuidos entre asamble\u00edstas nacionales y provinciales. Sin duda alguna, su participaci\u00f3n en el proceso de reforma constitucional. Al \u201cexpedir, codificar, reformar y derogar las leyes, e interpretarlas con car\u00e1cter generalmente obligatorio\u201d. Pero en la actualidad, se pone en tela de duda la objetividad con la que fue creado este \u00f3rgano legislativo. Por ello, la Fundaci\u00f3n Ciudadan\u00eda y Desarrollo, quienes promueven a trav\u00e9s de la investigaci\u00f3n y educaci\u00f3n ciudadana, un Estado de Derecho han llegado a la conclusi\u00f3n de que: \u201csolo 7 de 137 asamble\u00edstas han transparentado hasta la fecha su declaraci\u00f3n de inter\u00e9s en el portal web de la Asamblea Nacional, reflejando nuevamente el reto al que contin\u00faa enfrent\u00e1ndose el Legislativo para cumplir con sus propias normas\u201d, poniendo en tela de duda la confiabilidad por parte de los asamble\u00edstas. Raz\u00f3n por la cual no se est\u00e1 cumpliendo con los objetivos e intereses del pueblo ecuatoriano. Para ello, el docente y catedr\u00e1tico, Ing. Manuel Valdivieso hace un an\u00e1lisis de la situaci\u00f3n actual de la Asamblea Nacional. Refiri\u00e9ndose a una situaci\u00f3n latente, siendo observada y conocida por gran parte de la poblaci\u00f3n. Hace \u00e9nfasis en la repercusi\u00f3n que esta tiene sobre Yantzatza y la provincia de Zamora Chinchipe. \u201cEs lamentable la situaci\u00f3n que se vive actualmente en la asamblea nacional. Sobre el tema de manera particular, en el camino los ciudadanos nos vamos dando cuenta que a trav\u00e9s del trabajo legislativo no se logra cristalizar las grandes aspiraciones de cada uno de los ciudadanos del Ecuador. Lamentablemente en nuestro pa\u00eds prevalecen los intereses particulares, partidistas desde que se inicia un proceso electoral hasta cuando se gana una elecci\u00f3n, autom\u00e1ticamente ya empiezan a trabajar sobre los intereses individuales\u201d. En su interpretaci\u00f3n comenta que el tema de la seguridad que se vive actualmente es \u00a8terrible\u00a8 hoy en d\u00eda, en cada ciudad, en cada sector de nuestro pa\u00eds, las cuestiones son lamentables. Noticias, eventos que generan caos y desorden y en ese contexto, no prima el inter\u00e9s nacional de crear pol\u00edticas p\u00fablicas para disminuir los \u00edndices de criminalidad, por tal raz\u00f3n los ciudadanos deben ser muy objetivos, anal\u00edticos en el proceso de ir seleccionando y canalizando la informaci\u00f3n para que a trav\u00e9s de un an\u00e1lisis respectivo se tomen decisiones acertadas en cuanto a elecciones. El catedr\u00e1tico no espera que se d\u00e9 un cambio conductual de parte de la clase pol\u00edtica del pa\u00eds. Lo cree dif\u00edcil. \u201cQuiz\u00e1 soy pesimista porque considero que prima los intereses partidistas de determinados grupos\u201d. Aprovecha para compartir una idea que podr\u00eda generar alg\u00fan tipo de cambio, en especial para Yantzatza, lugar de su origen y los cantones de la provincia de Zamora Chinchipe. La pregunta es: \u00bfSe ha trabajado en una reforma que permita insertar los recursos econ\u00f3micos por el tema de la miner\u00eda a favor de la provincia? \u00bfSe est\u00e1 trabajando realmente para lograr la educaci\u00f3n en la regi\u00f3n amaz\u00f3nica? \u00bfSe est\u00e1 trabajando para mejorar las condiciones de seguridad en el Ecuador? Son temas que en la practica la asamblea no cumple ese rol, solo ciertos asamble\u00edstas, pero en t\u00e9rminos generales no se logra llegar a acuerdos en beneficio del pa\u00eds, sino de interese particulares. En ese contexto, los hombres y mujeres debemos ser m\u00e1s anal\u00edticos en los procesos electorales, de tal manera se elija de forma correcta a quienes en la pr\u00e1ctica nos van a representar acertadamente. Seg\u00fan datos, la anterior asamblea llego a tener una aceptaci\u00f3n de la poblaci\u00f3n del 10% y la actual va por el mismo camino. \u201cEl nivel de credibilidad de la asamblea anterior tuvo bajas caracter\u00edsticas, la actual se sit\u00faa de la misma manera e incluso se podr\u00eda considerar en peores condiciones\u201d. \u00bfQu\u00e9 hacer? Hay situaciones y promesas que durante el camino se han ido rezagando. Se puede recordar el gran proyecto del cuarto eje vial como resultado de la guerra, a la cual se asignaron fondos y recursos. En el Per\u00fa se conoce que ese tema ya ha sido solucionado mientras en el Ecuador todav\u00eda siguen abandonados esos sectores. La pregunta es: \u00bfQu\u00e9 aspectos formativos se requieren para que las cosas se den a favor de nuestra regi\u00f3n? Siempre se ha hablado y aprovechado la cuesti\u00f3n minera como una estrategia o plataforma pol\u00edtica con el \u00e1nimo de que ciertos grupos o sectores ganen votos, pero en la pr\u00e1ctica no se ha hecho absolutamente nada por ellos. Se ha hablado de la regularizaci\u00f3n de los mineros, pero eso a nivel de estado y asamblea, no se ha normado y llegado a concretar, solo son palabras porque no existen las normativas que permita que se inserten dentro del sector productivo muchos hombres y mujeres; lo hacen, pero bajo ciertas condiciones no d\u00e9cadas. Esas son las situaciones que deber\u00edan tomarse dentro de la asamblea. La otra situaci\u00f3n, la asignaci\u00f3n de recursos. \u201cNos preguntamos qu\u00e9 tan significativo es la presencia de las empresas mineras en la provincia. Como incide econ\u00f3micamente a favor de los grandes cantones de esta regi\u00f3n amaz\u00f3nica del Ecuador. La pregunta es \u00bfC\u00f3mo deber\u00edan insertarse los recursos? a favor de los gobiernos municipales en ese contexto deber\u00eda normarse a trav\u00e9s del estado y la asamblea la reforma para que los GADs parroquiales, cantonales y gobernaci\u00f3n provincial que no est\u00e9n padeciendo para la obtenci\u00f3n de recursos, sino a trav\u00e9s de una ley que les permita la obtenci\u00f3n directa de aquellos recursos En conclusi\u00f3n \u201cmientas los ecuatorianos no analicemos correctamente y la toma de decisiones de nuestro pa\u00eds no se centre en quienes nos puedan representar. Debe existir la madurez pol\u00edtica a trav\u00e9s de las agrupaciones. Mientras exista intereses particulares, las cosas no van a cambiar, aunque crean que soy pesimista, pero en la actualidad esperar a que haya un cambio significativo en el comportamiento de las autoridades sobre la forma de trabajar en interactuar, es nula. Muerte cruzada y consulta popular \u00bfQu\u00e9 pasar\u00eda despu\u00e9s porque si se<\/p>\n","protected":false},"author":1,"featured_media":3730,"comment_status":"open","ping_status":"open","sticky":false,"template":"","format":"standard","meta":{"footnotes":""},"categories":[243],"tags":[],"class_list":["post-3729","post","type-post","status-publish","format-standard","has-post-thumbnail","hentry","category-noticias-zamora"],"_links":{"self":[{"href":"https:\/\/www.elamazonico.com\/portal\/wp-json\/wp\/v2\/posts\/3729","targetHints":{"allow":["GET"]}}],"collection":[{"href":"https:\/\/www.elamazonico.com\/portal\/wp-json\/wp\/v2\/posts"}],"about":[{"href":"https:\/\/www.elamazonico.com\/portal\/wp-json\/wp\/v2\/types\/post"}],"author":[{"embeddable":true,"href":"https:\/\/www.elamazonico.com\/portal\/wp-json\/wp\/v2\/users\/1"}],"replies":[{"embeddable":true,"href":"https:\/\/www.elamazonico.com\/portal\/wp-json\/wp\/v2\/comments?post=3729"}],"version-history":[{"count":1,"href":"https:\/\/www.elamazonico.com\/portal\/wp-json\/wp\/v2\/posts\/3729\/revisions"}],"predecessor-version":[{"id":3731,"href":"https:\/\/www.elamazonico.com\/portal\/wp-json\/wp\/v2\/posts\/3729\/revisions\/3731"}],"wp:featuredmedia":[{"embeddable":true,"href":"https:\/\/www.elamazonico.com\/portal\/wp-json\/wp\/v2\/media\/3730"}],"wp:attachment":[{"href":"https:\/\/www.elamazonico.com\/portal\/wp-json\/wp\/v2\/media?parent=3729"}],"wp:term":[{"taxonomy":"category","embeddable":true,"href":"https:\/\/www.elamazonico.com\/portal\/wp-json\/wp\/v2\/categories?post=3729"},{"taxonomy":"post_tag","embeddable":true,"href":"https:\/\/www.elamazonico.com\/portal\/wp-json\/wp\/v2\/tags?post=3729"}],"curies":[{"name":"wp","href":"https:\/\/api.w.org\/{rel}","templated":true}]}}