{"id":3722,"date":"2022-05-06T06:01:41","date_gmt":"2022-05-06T11:01:41","guid":{"rendered":"https:\/\/www.elamazonico.com\/portal\/?p=3722"},"modified":"2022-05-06T06:02:03","modified_gmt":"2022-05-06T11:02:03","slug":"festival-de-la-chonta-y-la-culebra-toma-fuerza","status":"publish","type":"post","link":"https:\/\/www.elamazonico.com\/portal\/festival-de-la-chonta-y-la-culebra-toma-fuerza\/","title":{"rendered":"Festival de la Chonta y la Culebra toma fuerza"},"content":{"rendered":"\n<p>Hamilton Mart\u00ednez, director provincial de la Casa de la Cultura, n\u00facleo de Zamora Chinchipe, realiz\u00f3 un an\u00e1lisis del \u00faltimo festival, mismo que fue total \u00e9xito para la provincia de Zamora Chinchipe, en lo econ\u00f3mico y cultural. Se trata del V festival Regional Amaz\u00f3nico de la Chonta y la Culebra que se desarroll\u00f3 el fin de mes de abril en el cant\u00f3n Nangaritza y el 01 de mayo en el cant\u00f3n Yantzatza.<\/p>\n\n\n\n<p>La ciudadan\u00eda particip\u00f3 observando las costumbres y tradiciones de las nacionalidades shuar asentadas en los diferentes sectores de la Amazon\u00eda ecuatoriana. \u201cSe pudo comprobar que cuando las autoridades se unen y apoyan en el aspecto cultural las cosas salen bien. Los ni\u00f1os, j\u00f3venes, adolescentes y ciudadan\u00eda en general salen triunfantes. Es ah\u00ed donde nosotros expresamos nuestro agradecimiento a la prefectura, liderada por Cl\u00e9ver Jim\u00e9nez, quien acogi\u00f3 la convocatoria de la Casa de la Cultura; a los moradores del cant\u00f3n Nangaritza que son los gestores y creadores de este importante evento como lo es el Festival Regional de la Chonta y la Culebra, sede que es dirigida por Patricio Zhingre y al alcalde Freddy Armijos, quien puso a su equipo de trabajo a disposici\u00f3n del mismo. Al alcalde del cant\u00f3n Yantzatza Dr. Mart\u00edn Jim\u00e9nez, quien tambi\u00e9n ha sido parte de este festival. Al gobierno parroquial de Zurmi, representado por el Lic. Luis Gonz\u00e1lez y todos a quienes han podido apoyarnos. Las delegaciones de los dem\u00e1s cantones de la provincia\u201d, proporciona el cordial agradecimiento a las distintas autoridades y ciudadan\u00eda que hizo posible el desarrollo de este importante evento cultural.<\/p>\n\n\n\n<p>Cont\u00f3 con la participaci\u00f3n de varias provincias de la amazonia, como de la sierra. El d\u00eda m\u00e1s concurrido fue el s\u00e1bado: las danzas las presento las provincias de Orellana, Pastaza, Morona Santiago y el Azuay, donde la ciudadan\u00eda presenci\u00f3 el talento de los distintos grupos danzantes.<\/p>\n\n\n\n<p>El 01 de mayo se desarroll\u00f3 en Yantzatza varios temas culturales y en la noche el concurso de danzas. Donde la ciudadan\u00eda acudi\u00f3 para presenciar los eventos y el cierre de las actividades.<\/p>\n\n\n\n<p>En este cant\u00f3n se pudo evidenciar un gran trabajo log\u00edstico de planificaci\u00f3n y ejecuci\u00f3n por parte del Ing. Alex Tapia. La parroquia Nancay fue la parroquia donde se dieron cita estos importantes grupos de danza; adem\u00e1s del concurso de canto shuar y el concurso de ayampaco; tambi\u00e9n el recorrido en bote por el r\u00edo Zamora y otros juegos tradicionales.<\/p>\n\n\n\n<p>Este evento importante para quienes a\u00fan no conocen las costumbres y tradiciones de la nacionalidad shuar, con la finalidad comprender y entender la importancia de la historia de la provincia de Zamora Chinchipe. Hay que seguir trabajando en el tema cultural. Para los pr\u00f3ximos a\u00f1os se prev\u00e9 que este evento sea rotativo por los diferentes cantones de Zamora Chinchipe y con ello dinamizar la econom\u00eda. Se pudo dar alojo alrededor de 600 personas dentro de las delegaciones. Los hoteles se tornaron completamente llenos por las personas provenientes de otras provincias.<\/p>\n\n\n\n<p>\u201cEstamos contentos con la organizaci\u00f3n y el equipo que colabor\u00f3 con el desarrollo de este evento. Se analizar\u00e1 con los alcaldes y presidentes de los GADs parroquiales y socializar la viabilidad para realizarlo en todos y cada uno de los nueve cantones de la provincia; ese ha sido el pedido de sus representantes\u201d.<\/p>\n\n\n\n<p>El viernes 6 de mayo de 2022, se va a realizar un homenaje a Arturo \u201cTulo\u201d Jim\u00e9nez, el primer requinto zamorano, quien este momento est\u00e1 atravesando por una situaci\u00f3n dif\u00edcil en su salud y por ello el conglomerado zamorano, artistas de la provincia y dem\u00e1s autoridades se han unido para reconocer su trabajo y trayectoria. Homenaje en vida, lo mismo se lo har\u00e1 con otros artistas de la localidad. Los grupos que har\u00e1n presencia son: Aroma Z, Ipiamac, EL Trio L\u00edrico, La Yapa, El D\u00fao de Kelty y Patricia, Jorge Aguilar.<\/p>\n\n\n\n<p>El festival emblem\u00e1tico \u201cCantares de mi infancia\u201d, a desarrollarse en el cant\u00f3n Zamora, en el sindicato de choferes profesionales de Zamora Chinchipe el d\u00eda viernes 06 de mayo del presente a\u00f1o para disfrutar de la m\u00fasica ecuatoriana.<\/p>\n","protected":false},"excerpt":{"rendered":"<p>Hamilton Mart\u00ednez, director provincial de la Casa de la Cultura, n\u00facleo de Zamora Chinchipe, realiz\u00f3 un an\u00e1lisis del \u00faltimo festival, mismo que fue total \u00e9xito para la provincia de Zamora Chinchipe, en lo econ\u00f3mico y cultural. Se trata del V festival Regional Amaz\u00f3nico de la Chonta y la Culebra que se desarroll\u00f3 el fin de mes de abril en el cant\u00f3n Nangaritza y el 01 de mayo en el cant\u00f3n Yantzatza. La ciudadan\u00eda particip\u00f3 observando las costumbres y tradiciones de las nacionalidades shuar asentadas en los diferentes sectores de la Amazon\u00eda ecuatoriana. \u201cSe pudo comprobar que cuando las autoridades se unen y apoyan en el aspecto cultural las cosas salen bien. Los ni\u00f1os, j\u00f3venes, adolescentes y ciudadan\u00eda en general salen triunfantes. Es ah\u00ed donde nosotros expresamos nuestro agradecimiento a la prefectura, liderada por Cl\u00e9ver Jim\u00e9nez, quien acogi\u00f3 la convocatoria de la Casa de la Cultura; a los moradores del cant\u00f3n Nangaritza que son los gestores y creadores de este importante evento como lo es el Festival Regional de la Chonta y la Culebra, sede que es dirigida por Patricio Zhingre y al alcalde Freddy Armijos, quien puso a su equipo de trabajo a disposici\u00f3n del mismo. Al alcalde del cant\u00f3n Yantzatza Dr. Mart\u00edn Jim\u00e9nez, quien tambi\u00e9n ha sido parte de este festival. Al gobierno parroquial de Zurmi, representado por el Lic. Luis Gonz\u00e1lez y todos a quienes han podido apoyarnos. Las delegaciones de los dem\u00e1s cantones de la provincia\u201d, proporciona el cordial agradecimiento a las distintas autoridades y ciudadan\u00eda que hizo posible el desarrollo de este importante evento cultural. Cont\u00f3 con la participaci\u00f3n de varias provincias de la amazonia, como de la sierra. El d\u00eda m\u00e1s concurrido fue el s\u00e1bado: las danzas las presento las provincias de Orellana, Pastaza, Morona Santiago y el Azuay, donde la ciudadan\u00eda presenci\u00f3 el talento de los distintos grupos danzantes. El 01 de mayo se desarroll\u00f3 en Yantzatza varios temas culturales y en la noche el concurso de danzas. Donde la ciudadan\u00eda acudi\u00f3 para presenciar los eventos y el cierre de las actividades. En este cant\u00f3n se pudo evidenciar un gran trabajo log\u00edstico de planificaci\u00f3n y ejecuci\u00f3n por parte del Ing. Alex Tapia. La parroquia Nancay fue la parroquia donde se dieron cita estos importantes grupos de danza; adem\u00e1s del concurso de canto shuar y el concurso de ayampaco; tambi\u00e9n el recorrido en bote por el r\u00edo Zamora y otros juegos tradicionales. Este evento importante para quienes a\u00fan no conocen las costumbres y tradiciones de la nacionalidad shuar, con la finalidad comprender y entender la importancia de la historia de la provincia de Zamora Chinchipe. Hay que seguir trabajando en el tema cultural. Para los pr\u00f3ximos a\u00f1os se prev\u00e9 que este evento sea rotativo por los diferentes cantones de Zamora Chinchipe y con ello dinamizar la econom\u00eda. Se pudo dar alojo alrededor de 600 personas dentro de las delegaciones. Los hoteles se tornaron completamente llenos por las personas provenientes de otras provincias. \u201cEstamos contentos con la organizaci\u00f3n y el equipo que colabor\u00f3 con el desarrollo de este evento. Se analizar\u00e1 con los alcaldes y presidentes de los GADs parroquiales y socializar la viabilidad para realizarlo en todos y cada uno de los nueve cantones de la provincia; ese ha sido el pedido de sus representantes\u201d. El viernes 6 de mayo de 2022, se va a realizar un homenaje a Arturo \u201cTulo\u201d Jim\u00e9nez, el primer requinto zamorano, quien este momento est\u00e1 atravesando por una situaci\u00f3n dif\u00edcil en su salud y por ello el conglomerado zamorano, artistas de la provincia y dem\u00e1s autoridades se han unido para reconocer su trabajo y trayectoria. Homenaje en vida, lo mismo se lo har\u00e1 con otros artistas de la localidad. Los grupos que har\u00e1n presencia son: Aroma Z, Ipiamac, EL Trio L\u00edrico, La Yapa, El D\u00fao de Kelty y Patricia, Jorge Aguilar. El festival emblem\u00e1tico \u201cCantares de mi infancia\u201d, a desarrollarse en el cant\u00f3n Zamora, en el sindicato de choferes profesionales de Zamora Chinchipe el d\u00eda viernes 06 de mayo del presente a\u00f1o para disfrutar de la m\u00fasica ecuatoriana.<\/p>\n","protected":false},"author":1,"featured_media":3723,"comment_status":"open","ping_status":"open","sticky":false,"template":"","format":"standard","meta":{"footnotes":""},"categories":[243],"tags":[],"class_list":["post-3722","post","type-post","status-publish","format-standard","has-post-thumbnail","hentry","category-noticias-zamora"],"_links":{"self":[{"href":"https:\/\/www.elamazonico.com\/portal\/wp-json\/wp\/v2\/posts\/3722","targetHints":{"allow":["GET"]}}],"collection":[{"href":"https:\/\/www.elamazonico.com\/portal\/wp-json\/wp\/v2\/posts"}],"about":[{"href":"https:\/\/www.elamazonico.com\/portal\/wp-json\/wp\/v2\/types\/post"}],"author":[{"embeddable":true,"href":"https:\/\/www.elamazonico.com\/portal\/wp-json\/wp\/v2\/users\/1"}],"replies":[{"embeddable":true,"href":"https:\/\/www.elamazonico.com\/portal\/wp-json\/wp\/v2\/comments?post=3722"}],"version-history":[{"count":1,"href":"https:\/\/www.elamazonico.com\/portal\/wp-json\/wp\/v2\/posts\/3722\/revisions"}],"predecessor-version":[{"id":3724,"href":"https:\/\/www.elamazonico.com\/portal\/wp-json\/wp\/v2\/posts\/3722\/revisions\/3724"}],"wp:featuredmedia":[{"embeddable":true,"href":"https:\/\/www.elamazonico.com\/portal\/wp-json\/wp\/v2\/media\/3723"}],"wp:attachment":[{"href":"https:\/\/www.elamazonico.com\/portal\/wp-json\/wp\/v2\/media?parent=3722"}],"wp:term":[{"taxonomy":"category","embeddable":true,"href":"https:\/\/www.elamazonico.com\/portal\/wp-json\/wp\/v2\/categories?post=3722"},{"taxonomy":"post_tag","embeddable":true,"href":"https:\/\/www.elamazonico.com\/portal\/wp-json\/wp\/v2\/tags?post=3722"}],"curies":[{"name":"wp","href":"https:\/\/api.w.org\/{rel}","templated":true}]}}