{"id":3696,"date":"2022-05-04T10:46:32","date_gmt":"2022-05-04T15:46:32","guid":{"rendered":"https:\/\/www.elamazonico.com\/portal\/?p=3696"},"modified":"2022-05-04T11:02:31","modified_gmt":"2022-05-04T16:02:31","slug":"utpl-invita-a-loja-al-concierto-de-gala-y-premiacion-del","status":"publish","type":"post","link":"https:\/\/www.elamazonico.com\/portal\/utpl-invita-a-loja-al-concierto-de-gala-y-premiacion-del\/","title":{"rendered":"UTPL invita a Loja al Concierto de Gala y Premiaci\u00f3n del  Tercer Festival Mariano UTPL 2022"},"content":{"rendered":"\n<p><strong>Tercer Festival Mariano UTPL 2022<\/strong><\/p>\n\n\n\n<p>Este mi\u00e9rcoles, 4 de mayo, se llevar\u00e1 a cabo el <strong>Concierto de Gala y Premiaci\u00f3n del Tercer Festival Mariano UTPL 2022<\/strong> en el Teatro Nacional Benjam\u00edn Carri\u00f3n Mora a las 20:00, con el objetivo de compartir entre la ciudadan\u00eda local e invitados nacionales e internacionales, las creaciones de los compositores y m\u00fasicos iberoamericanos en honor a Mar\u00eda, madre de Dios.<\/p>\n\n\n\n<p>Desde enero hasta marzo del presente a\u00f1o, el&nbsp;<a href=\"https:\/\/festivalmariano.utpl.edu.ec\/\">Tercer Festival Mariano UTPL<\/a>,&nbsp;<strong>evento musical y acad\u00e9mico&nbsp;<\/strong>organizado por la&nbsp;<a href=\"http:\/\/utpl.edu.ec\/\">Universidad T\u00e9cnica Particular de Loja<\/a>&nbsp;(UTPL), &nbsp;abri\u00f3 su convocatoria a compositores musicales iberoamericanos a&nbsp;<strong>presentar sus obras Sinf\u00f3nico \u2013 Corales in\u00e9ditas y originales en honor a la virgen Mar\u00eda <\/strong><strong>y,<\/strong><strong> <\/strong><strong>una vez el jurado calificador seleccion\u00f3 a los ganadores, estos, se dar\u00e1n a conocer en el <\/strong><strong>Concierto de Gala y Premiaci\u00f3n del Tercer Festival Mariano UTPL 2022<\/strong>.<strong><\/strong><\/p>\n\n\n\n<p>Los m\u00fasicos o compositores ganadores, obtendr\u00e1n un premio econ\u00f3mico, estatuilla y diploma por su participaci\u00f3n.&nbsp;<strong>El primer lugar recibir\u00e1 un premio econ\u00f3mico de 2.000 mil d\u00f3lares, el segundo 1.500 d\u00f3lares y el tercero 1.000 d\u00f3lares.<\/strong><\/p>\n\n\n\n<p><strong>INTERPRETACI\u00d3N MUSICAL<\/strong><\/p>\n\n\n\n<p><a href=\"https:\/\/investigacion.utpl.edu.ec\/es\/lisaez\">Loreto Saez Pezo<\/a>, coordinadora de&nbsp;<a href=\"https:\/\/www.facebook.com\/GestionCulturalUTPL\">Gesti\u00f3n Cultural de la UTPL<\/a>&nbsp;menciona que en esta tercera edici\u00f3n las composiciones ser\u00e1n presentadas por una orquesta completa, a diferencia de lo que se hizo el a\u00f1o anterior, por las restricciones de la pandemia.&nbsp;<strong>Con ello promueven composiciones musicales completas que sean agradables al sonido y o\u00eddo del p\u00fablico.<\/strong><\/p>\n\n\n\n<p>Los interesados <strong>compusieron una sinfon\u00eda con una duraci\u00f3n m\u00ednima de cuatro y m\u00e1xima de seis minutos<\/strong>, as\u00ed mismo, las obras se presentaron en formatos como: poema sinf\u00f3nico, romanza, obertura, suite, entre otros. La instrumentaci\u00f3n de las composiciones ser\u00e1 interpretada por la Orquesta Sinf\u00f3nica UTPL, el Coro Polif\u00f3nico del Municipio de Loja y solistas: soprano y bar\u00edtono.<\/p>\n\n\n\n<p><strong>TALLERES<\/strong><\/p>\n\n\n\n<p>Adem\u00e1s, en el marco del Festival Mariano se desarrollaron del&nbsp;<strong>18 al 22 de abril de 2022 un taller gratuito de composici\u00f3n musical<\/strong>; mientras que del&nbsp;<strong>25 al 29 de abril se un taller de canto coral&nbsp;<\/strong>con expertos en canto l\u00edrico acad\u00e9mico.<\/p>\n\n\n\n<p><a href=\"https:\/\/investigacion.utpl.edu.ec\/es\/lisaez\">Loreto Saez<\/a>, resalta que la finalidad del Festival Mariano es incentivar la participaci\u00f3n de academias, escuelas de m\u00fasica, compositores y m\u00fasicos de todo el continente que aporten con su talento para&nbsp;<strong>incrementar el repertorio de m\u00fasica iberoamericana.<\/strong>&nbsp;Tambi\u00e9n se busca que estas composiciones se difundan en el Festival Internacional de Artes Vivas (FIAVL) como un aporte a la m\u00fasica religiosa y coral.<\/p>\n\n\n\n<p><strong>Dato<\/strong><\/p>\n\n\n\n<p>Para conocer m\u00e1s detalles, visita:&nbsp;<a href=\"https:\/\/festivalmariano.utpl.edu.ec\/\">festivalmariano.utpl.edu.ec<\/a><\/p>\n","protected":false},"excerpt":{"rendered":"<p>Tercer Festival Mariano UTPL 2022 Este mi\u00e9rcoles, 4 de mayo, se llevar\u00e1 a cabo el Concierto de Gala y Premiaci\u00f3n del Tercer Festival Mariano UTPL 2022 en el Teatro Nacional Benjam\u00edn Carri\u00f3n Mora a las 20:00, con el objetivo de compartir entre la ciudadan\u00eda local e invitados nacionales e internacionales, las creaciones de los compositores y m\u00fasicos iberoamericanos en honor a Mar\u00eda, madre de Dios. Desde enero hasta marzo del presente a\u00f1o, el&nbsp;Tercer Festival Mariano UTPL,&nbsp;evento musical y acad\u00e9mico&nbsp;organizado por la&nbsp;Universidad T\u00e9cnica Particular de Loja&nbsp;(UTPL), &nbsp;abri\u00f3 su convocatoria a compositores musicales iberoamericanos a&nbsp;presentar sus obras Sinf\u00f3nico \u2013 Corales in\u00e9ditas y originales en honor a la virgen Mar\u00eda y, una vez el jurado calificador seleccion\u00f3 a los ganadores, estos, se dar\u00e1n a conocer en el Concierto de Gala y Premiaci\u00f3n del Tercer Festival Mariano UTPL 2022. Los m\u00fasicos o compositores ganadores, obtendr\u00e1n un premio econ\u00f3mico, estatuilla y diploma por su participaci\u00f3n.&nbsp;El primer lugar recibir\u00e1 un premio econ\u00f3mico de 2.000 mil d\u00f3lares, el segundo 1.500 d\u00f3lares y el tercero 1.000 d\u00f3lares. INTERPRETACI\u00d3N MUSICAL Loreto Saez Pezo, coordinadora de&nbsp;Gesti\u00f3n Cultural de la UTPL&nbsp;menciona que en esta tercera edici\u00f3n las composiciones ser\u00e1n presentadas por una orquesta completa, a diferencia de lo que se hizo el a\u00f1o anterior, por las restricciones de la pandemia.&nbsp;Con ello promueven composiciones musicales completas que sean agradables al sonido y o\u00eddo del p\u00fablico. Los interesados compusieron una sinfon\u00eda con una duraci\u00f3n m\u00ednima de cuatro y m\u00e1xima de seis minutos, as\u00ed mismo, las obras se presentaron en formatos como: poema sinf\u00f3nico, romanza, obertura, suite, entre otros. La instrumentaci\u00f3n de las composiciones ser\u00e1 interpretada por la Orquesta Sinf\u00f3nica UTPL, el Coro Polif\u00f3nico del Municipio de Loja y solistas: soprano y bar\u00edtono. TALLERES Adem\u00e1s, en el marco del Festival Mariano se desarrollaron del&nbsp;18 al 22 de abril de 2022 un taller gratuito de composici\u00f3n musical; mientras que del&nbsp;25 al 29 de abril se un taller de canto coral&nbsp;con expertos en canto l\u00edrico acad\u00e9mico. Loreto Saez, resalta que la finalidad del Festival Mariano es incentivar la participaci\u00f3n de academias, escuelas de m\u00fasica, compositores y m\u00fasicos de todo el continente que aporten con su talento para&nbsp;incrementar el repertorio de m\u00fasica iberoamericana.&nbsp;Tambi\u00e9n se busca que estas composiciones se difundan en el Festival Internacional de Artes Vivas (FIAVL) como un aporte a la m\u00fasica religiosa y coral. Dato Para conocer m\u00e1s detalles, visita:&nbsp;festivalmariano.utpl.edu.ec<\/p>\n","protected":false},"author":1,"featured_media":3697,"comment_status":"open","ping_status":"open","sticky":false,"template":"","format":"standard","meta":{"footnotes":""},"categories":[268,243],"tags":[],"class_list":["post-3696","post","type-post","status-publish","format-standard","has-post-thumbnail","hentry","category-nacionales","category-noticias-zamora"],"_links":{"self":[{"href":"https:\/\/www.elamazonico.com\/portal\/wp-json\/wp\/v2\/posts\/3696","targetHints":{"allow":["GET"]}}],"collection":[{"href":"https:\/\/www.elamazonico.com\/portal\/wp-json\/wp\/v2\/posts"}],"about":[{"href":"https:\/\/www.elamazonico.com\/portal\/wp-json\/wp\/v2\/types\/post"}],"author":[{"embeddable":true,"href":"https:\/\/www.elamazonico.com\/portal\/wp-json\/wp\/v2\/users\/1"}],"replies":[{"embeddable":true,"href":"https:\/\/www.elamazonico.com\/portal\/wp-json\/wp\/v2\/comments?post=3696"}],"version-history":[{"count":2,"href":"https:\/\/www.elamazonico.com\/portal\/wp-json\/wp\/v2\/posts\/3696\/revisions"}],"predecessor-version":[{"id":3699,"href":"https:\/\/www.elamazonico.com\/portal\/wp-json\/wp\/v2\/posts\/3696\/revisions\/3699"}],"wp:featuredmedia":[{"embeddable":true,"href":"https:\/\/www.elamazonico.com\/portal\/wp-json\/wp\/v2\/media\/3697"}],"wp:attachment":[{"href":"https:\/\/www.elamazonico.com\/portal\/wp-json\/wp\/v2\/media?parent=3696"}],"wp:term":[{"taxonomy":"category","embeddable":true,"href":"https:\/\/www.elamazonico.com\/portal\/wp-json\/wp\/v2\/categories?post=3696"},{"taxonomy":"post_tag","embeddable":true,"href":"https:\/\/www.elamazonico.com\/portal\/wp-json\/wp\/v2\/tags?post=3696"}],"curies":[{"name":"wp","href":"https:\/\/api.w.org\/{rel}","templated":true}]}}