{"id":3678,"date":"2022-05-04T05:56:45","date_gmt":"2022-05-04T10:56:45","guid":{"rendered":"https:\/\/www.elamazonico.com\/portal\/?p=3678"},"modified":"2022-05-04T05:56:48","modified_gmt":"2022-05-04T10:56:48","slug":"taller-sobre-derechos-humanos-y-la-naturaleza-para-lideres-de-yantzaza","status":"publish","type":"post","link":"https:\/\/www.elamazonico.com\/portal\/taller-sobre-derechos-humanos-y-la-naturaleza-para-lideres-de-yantzaza\/","title":{"rendered":"<strong>Taller sobre Derechos Humanos y la Naturaleza para l\u00edderes de Yantzaza<\/strong>"},"content":{"rendered":"\n<p>Gracias al convenio firmado entre Comunidad y Desarrollo en el Ecuador, COMUNIDEC, y el Gobierno Aut\u00f3nomo Descentralizado del cant\u00f3n Yantzaza, se desarrolla el taller denominado \u201cFormaciones a Defensores\/as de Derechos Humanos y su rol\u201d, dirigido a la ciudadan\u00eda del Valle de la Luci\u00e9rnaga.<\/p>\n\n\n\n<p>Al evento impulsado por el Departamento de Gesti\u00f3n Ambiental del GAD Yantzaza, asistieron representantes de la Coordinaci\u00f3n Pol\u00edtica de Mujeres de Yantzaza, Asociaci\u00f3n Femenina Pro-desarrollo Apfrodi y varios l\u00edderes y lideresas de algunas de las comunidades del cant\u00f3n. &nbsp;&nbsp;&nbsp;<\/p>\n\n\n\n<p>El objetivo es apoyar, acompa\u00f1ar y fortalecer el conocimiento que permita que las comunidades puedan manejar un discurso con las autoridades locales y empresas mineras, con la finalidad de mitigar los efectos que puede ocasionar la miner\u00eda, este proyecto es financiado por la Uni\u00f3n Europea y coordinado por la ONG italiana We Word.&nbsp;&nbsp;<\/p>\n\n\n\n<p>Marlon Sisalima, coordinador del Proyecto Alianza de Oro, manifiesta que \u201cse ha desarrollo una serie de actividades en torno a Derechos Humanos y el fortalecimiento de las capacidades de j\u00f3venes y organizaciones de mujeres sobre las buenas pr\u00e1cticas de la miner\u00eda, que han tenido buena acogida por parte de la ciudadan\u00eda\u201d.<\/p>\n\n\n\n<p>\u201cEstos talleres son muy nutritivos para conocer los \u00f3rganos que est\u00e1n dentro del estado y que nos pueden ayudar como soporte para poder realizar acercamientos con las entidades p\u00fablicas, los derechos humanos y de la naturaleza, que en lo \u00faltimos a\u00f1os han sido vulnerados y al pertenecer a una provincia minera es una obligaci\u00f3n capacitarse en estos temas que van en beneficio de la madre tierra\u201d, mencion\u00f3, Carmen Gonz\u00e1les, coordinadora Pol\u00edtica de Mujeres Ecuatorianas del cant\u00f3n Yantzaza.&nbsp;&nbsp;<\/p>\n","protected":false},"excerpt":{"rendered":"<p>Gracias al convenio firmado entre Comunidad y Desarrollo en el Ecuador, COMUNIDEC, y el Gobierno Aut\u00f3nomo Descentralizado del cant\u00f3n Yantzaza, se desarrolla el taller denominado \u201cFormaciones a Defensores\/as de Derechos Humanos y su rol\u201d, dirigido a la ciudadan\u00eda del Valle de la Luci\u00e9rnaga. Al evento impulsado por el Departamento de Gesti\u00f3n Ambiental del GAD Yantzaza, asistieron representantes de la Coordinaci\u00f3n Pol\u00edtica de Mujeres de Yantzaza, Asociaci\u00f3n Femenina Pro-desarrollo Apfrodi y varios l\u00edderes y lideresas de algunas de las comunidades del cant\u00f3n. &nbsp;&nbsp;&nbsp; El objetivo es apoyar, acompa\u00f1ar y fortalecer el conocimiento que permita que las comunidades puedan manejar un discurso con las autoridades locales y empresas mineras, con la finalidad de mitigar los efectos que puede ocasionar la miner\u00eda, este proyecto es financiado por la Uni\u00f3n Europea y coordinado por la ONG italiana We Word.&nbsp;&nbsp; Marlon Sisalima, coordinador del Proyecto Alianza de Oro, manifiesta que \u201cse ha desarrollo una serie de actividades en torno a Derechos Humanos y el fortalecimiento de las capacidades de j\u00f3venes y organizaciones de mujeres sobre las buenas pr\u00e1cticas de la miner\u00eda, que han tenido buena acogida por parte de la ciudadan\u00eda\u201d. \u201cEstos talleres son muy nutritivos para conocer los \u00f3rganos que est\u00e1n dentro del estado y que nos pueden ayudar como soporte para poder realizar acercamientos con las entidades p\u00fablicas, los derechos humanos y de la naturaleza, que en lo \u00faltimos a\u00f1os han sido vulnerados y al pertenecer a una provincia minera es una obligaci\u00f3n capacitarse en estos temas que van en beneficio de la madre tierra\u201d, mencion\u00f3, Carmen Gonz\u00e1les, coordinadora Pol\u00edtica de Mujeres Ecuatorianas del cant\u00f3n Yantzaza.&nbsp;&nbsp;<\/p>\n","protected":false},"author":1,"featured_media":3679,"comment_status":"open","ping_status":"open","sticky":false,"template":"","format":"standard","meta":{"footnotes":""},"categories":[243],"tags":[],"class_list":["post-3678","post","type-post","status-publish","format-standard","has-post-thumbnail","hentry","category-noticias-zamora"],"_links":{"self":[{"href":"https:\/\/www.elamazonico.com\/portal\/wp-json\/wp\/v2\/posts\/3678","targetHints":{"allow":["GET"]}}],"collection":[{"href":"https:\/\/www.elamazonico.com\/portal\/wp-json\/wp\/v2\/posts"}],"about":[{"href":"https:\/\/www.elamazonico.com\/portal\/wp-json\/wp\/v2\/types\/post"}],"author":[{"embeddable":true,"href":"https:\/\/www.elamazonico.com\/portal\/wp-json\/wp\/v2\/users\/1"}],"replies":[{"embeddable":true,"href":"https:\/\/www.elamazonico.com\/portal\/wp-json\/wp\/v2\/comments?post=3678"}],"version-history":[{"count":1,"href":"https:\/\/www.elamazonico.com\/portal\/wp-json\/wp\/v2\/posts\/3678\/revisions"}],"predecessor-version":[{"id":3680,"href":"https:\/\/www.elamazonico.com\/portal\/wp-json\/wp\/v2\/posts\/3678\/revisions\/3680"}],"wp:featuredmedia":[{"embeddable":true,"href":"https:\/\/www.elamazonico.com\/portal\/wp-json\/wp\/v2\/media\/3679"}],"wp:attachment":[{"href":"https:\/\/www.elamazonico.com\/portal\/wp-json\/wp\/v2\/media?parent=3678"}],"wp:term":[{"taxonomy":"category","embeddable":true,"href":"https:\/\/www.elamazonico.com\/portal\/wp-json\/wp\/v2\/categories?post=3678"},{"taxonomy":"post_tag","embeddable":true,"href":"https:\/\/www.elamazonico.com\/portal\/wp-json\/wp\/v2\/tags?post=3678"}],"curies":[{"name":"wp","href":"https:\/\/api.w.org\/{rel}","templated":true}]}}