{"id":3659,"date":"2022-05-03T05:51:19","date_gmt":"2022-05-03T10:51:19","guid":{"rendered":"https:\/\/www.elamazonico.com\/portal\/?p=3659"},"modified":"2022-05-03T05:51:22","modified_gmt":"2022-05-03T10:51:22","slug":"inauguraron-la-cubierta-de-la-cancha-de-uso-multiple-del-barrio-norte-de-yantzaza","status":"publish","type":"post","link":"https:\/\/www.elamazonico.com\/portal\/inauguraron-la-cubierta-de-la-cancha-de-uso-multiple-del-barrio-norte-de-yantzaza\/","title":{"rendered":"Inauguraron la cubierta de la cancha de uso m\u00faltiple del Barrio Norte de Yantzaza"},"content":{"rendered":"\n<p>La ma\u00f1ana del pasado s\u00e1bado 30 de abril en un evento que cont\u00f3 con la presencia de las principales autoridades del cant\u00f3n y ciudadan\u00eda en general, se realiz\u00f3 el acto formal de inauguraci\u00f3n de la cubierta de la cancha de uso m\u00faltiple del Barrio Norte, anhelo de todos los moradores de este sector.<\/p>\n\n\n\n<p>Esta mega cubierta, que emple\u00f3 primordialmente mano de obra local, se realiz\u00f3 con una inversi\u00f3n de 82 mil 632 d\u00f3lares. Su entrega coincide con el mes de efem\u00e9rides de la Radio Rom\u00e1ntica, cuyo prop\u00f3sito era precisamente inaugurarla en esta fecha, que coincide con sus 18 a\u00f1os de creaci\u00f3n.<\/p>\n\n\n\n<p>Los componentes m\u00e1s representativos de la obra son: el tejido de acero estructural, levantamiento de bases de hormig\u00f3n, cubierta met\u00e1lica, marcado y trazado de la cancha deportiva de uso m\u00faltiple, colocaci\u00f3n de tableros de vidrio templado y grader\u00edo.<\/p>\n\n\n\n<p>La inauguraci\u00f3n de la cubierta la realiz\u00f3 el Alcalde de Yantzaza, Mart\u00edn Jim\u00e9nez, quien agradeci\u00f3 el apoyo ciudadano para poder construir estas obras, que van en beneficio de los ni\u00f1os y adolescentes especialmente, para que realicen los deportes de manera apropiada y en mejores condiciones.<\/p>\n\n\n\n<p>Esta aspiraci\u00f3n hab\u00eda esperado por muchos a\u00f1os, as\u00ed lo se\u00f1al\u00f3 Camilo Mendoza, presidente del barrio, adem\u00e1s agradeci\u00f3 el apoyo de la Alcald\u00eda de Yantzaza por cristalizar este sue\u00f1o que ha sido una necesidad para el sector.<\/p>\n","protected":false},"excerpt":{"rendered":"<p>La ma\u00f1ana del pasado s\u00e1bado 30 de abril en un evento que cont\u00f3 con la presencia de las principales autoridades del cant\u00f3n y ciudadan\u00eda en general, se realiz\u00f3 el acto formal de inauguraci\u00f3n de la cubierta de la cancha de uso m\u00faltiple del Barrio Norte, anhelo de todos los moradores de este sector. Esta mega cubierta, que emple\u00f3 primordialmente mano de obra local, se realiz\u00f3 con una inversi\u00f3n de 82 mil 632 d\u00f3lares. Su entrega coincide con el mes de efem\u00e9rides de la Radio Rom\u00e1ntica, cuyo prop\u00f3sito era precisamente inaugurarla en esta fecha, que coincide con sus 18 a\u00f1os de creaci\u00f3n. Los componentes m\u00e1s representativos de la obra son: el tejido de acero estructural, levantamiento de bases de hormig\u00f3n, cubierta met\u00e1lica, marcado y trazado de la cancha deportiva de uso m\u00faltiple, colocaci\u00f3n de tableros de vidrio templado y grader\u00edo. La inauguraci\u00f3n de la cubierta la realiz\u00f3 el Alcalde de Yantzaza, Mart\u00edn Jim\u00e9nez, quien agradeci\u00f3 el apoyo ciudadano para poder construir estas obras, que van en beneficio de los ni\u00f1os y adolescentes especialmente, para que realicen los deportes de manera apropiada y en mejores condiciones. Esta aspiraci\u00f3n hab\u00eda esperado por muchos a\u00f1os, as\u00ed lo se\u00f1al\u00f3 Camilo Mendoza, presidente del barrio, adem\u00e1s agradeci\u00f3 el apoyo de la Alcald\u00eda de Yantzaza por cristalizar este sue\u00f1o que ha sido una necesidad para el sector.<\/p>\n","protected":false},"author":1,"featured_media":3660,"comment_status":"open","ping_status":"open","sticky":false,"template":"","format":"standard","meta":{"footnotes":""},"categories":[243],"tags":[],"class_list":["post-3659","post","type-post","status-publish","format-standard","has-post-thumbnail","hentry","category-noticias-zamora"],"_links":{"self":[{"href":"https:\/\/www.elamazonico.com\/portal\/wp-json\/wp\/v2\/posts\/3659","targetHints":{"allow":["GET"]}}],"collection":[{"href":"https:\/\/www.elamazonico.com\/portal\/wp-json\/wp\/v2\/posts"}],"about":[{"href":"https:\/\/www.elamazonico.com\/portal\/wp-json\/wp\/v2\/types\/post"}],"author":[{"embeddable":true,"href":"https:\/\/www.elamazonico.com\/portal\/wp-json\/wp\/v2\/users\/1"}],"replies":[{"embeddable":true,"href":"https:\/\/www.elamazonico.com\/portal\/wp-json\/wp\/v2\/comments?post=3659"}],"version-history":[{"count":1,"href":"https:\/\/www.elamazonico.com\/portal\/wp-json\/wp\/v2\/posts\/3659\/revisions"}],"predecessor-version":[{"id":3661,"href":"https:\/\/www.elamazonico.com\/portal\/wp-json\/wp\/v2\/posts\/3659\/revisions\/3661"}],"wp:featuredmedia":[{"embeddable":true,"href":"https:\/\/www.elamazonico.com\/portal\/wp-json\/wp\/v2\/media\/3660"}],"wp:attachment":[{"href":"https:\/\/www.elamazonico.com\/portal\/wp-json\/wp\/v2\/media?parent=3659"}],"wp:term":[{"taxonomy":"category","embeddable":true,"href":"https:\/\/www.elamazonico.com\/portal\/wp-json\/wp\/v2\/categories?post=3659"},{"taxonomy":"post_tag","embeddable":true,"href":"https:\/\/www.elamazonico.com\/portal\/wp-json\/wp\/v2\/tags?post=3659"}],"curies":[{"name":"wp","href":"https:\/\/api.w.org\/{rel}","templated":true}]}}