{"id":3651,"date":"2022-04-29T05:56:27","date_gmt":"2022-04-29T10:56:27","guid":{"rendered":"https:\/\/www.elamazonico.com\/portal\/?p=3651"},"modified":"2022-04-29T05:56:29","modified_gmt":"2022-04-29T10:56:29","slug":"radio-romantica-celebra-dieciocho-anos-de-creacion","status":"publish","type":"post","link":"https:\/\/www.elamazonico.com\/portal\/radio-romantica-celebra-dieciocho-anos-de-creacion\/","title":{"rendered":"Radio rom\u00e1ntica celebra dieciocho a\u00f1os de creaci\u00f3n"},"content":{"rendered":"\n<p>Radio Rom\u00e1ntica se cre\u00f3 en el coraz\u00f3n de Yantzatza y este a\u00f1o cumple dieciocho a\u00f1os al servicio del cant\u00f3n y de la provincia de Zamora Chinchipe. Esta empresa radial celebra un a\u00f1o m\u00e1s de aniversario. Su gerente propietario, el Ing. V\u00edctor Hugo Campoverde data que el inicio se efectu\u00f3 el 12 de abril del a\u00f1o 2004. &nbsp;Hab\u00eda decidido instalar all\u00e1 este medio de comunicaci\u00f3n, para mantener entretenida y comunicada a la poblaci\u00f3n yantzacense, con nostalgia recuerda que \u201cya son dieciocho a\u00f1os y el tiempo pasa sin darse cuenta\u201d.<\/p>\n\n\n\n<p>Agradece a la ciudadan\u00eda de la provincia de Zamora Chinchipe por permitirles ser parte de su convivir diario. Con ello, se han generado diversas plazas de trabajo. Lo que significa un sustento en estos tiempos.<\/p>\n\n\n\n<p>Para le celebraci\u00f3n sus propietarios han preparado un evento, mismo que cuenta con la presencia de la ciudadan\u00eda en general y dem\u00e1s medios de comunicaci\u00f3n.<\/p>\n\n\n\n<p><strong>Programaci\u00f3n:<\/strong><\/p>\n\n\n\n<p>S\u00e1bado, 9 am, aprovechando que el municipio va a realizar la inauguraci\u00f3n de la cubierta de una cancha del sector, se dar\u00e1 inici\u00f3 a la celebraci\u00f3n; posterior a ello,<\/p>\n\n\n\n<p>&nbsp;Se realizar\u00e1n encuentros deportivos de v\u00f3ley, tanto masculinos como femeninos, durante todo el d\u00eda.<\/p>\n\n\n\n<p>De ah\u00ed se tiene preparado el programa socio cultural. Donde participaran artistas locales y para finalizar se presentar\u00e1 la agrupaci\u00f3n Agua Santa, proveniente de la provincia de Manab\u00ed.<\/p>\n\n\n\n<p>Los artistas locales se har\u00e1n presentes a trav\u00e9s de Carmita Gaona con un gran repertorio para el deleite de los asistentes.<\/p>\n\n\n\n<p>Este evento ser\u00e1 para que los asistentes puedan compartir. Adem\u00e1s de la invitaci\u00f3n a los diferentes medios de comunicaci\u00f3n y el circulo de periodistas de la provincia de Zamora Chinchipe. Es una tradici\u00f3n de radio Rom\u00e1ntica para celebrar a\u00f1o tras a\u00f1o. Es una oportunidad para poder dinamizar la econom\u00eda en esta parte del sur del pa\u00eds.<\/p>\n\n\n\n<p>La importancia de la radio es para el desarrollo de los pueblos, porque a trav\u00e9s de ella se educa, e informa, por ello, es importante que los periodistas se den cita en este lugar para generar informaci\u00f3n; compartir experiencia y as\u00ed celebrar otro a\u00f1o m\u00e1s de aniversario de radio Rom\u00e1ntica.<\/p>\n\n\n\n<p>La ubicaci\u00f3n se encuentra en el cant\u00f3n Yantzatza, en la calle Zamora entre 10 de noviembre y 10 de agosto tomando como referencia, a dos cuadras del colegio Primero de Mayo.<\/p>\n\n\n\n<p>La celebraci\u00f3n se realizar\u00e1 en las instalaciones de la radio. El d\u00eda s\u00e1bado 30 de abril del presente a\u00f1o. Comenta que: \u201cSon alrededor de 6 a\u00f1os que no se ha podido realizar por diferentes situaciones. Sin embargo, hay que ir reactiv\u00e1ndose de a poco\u201d.<\/p>\n\n\n\n<p>Se extiende la invitaci\u00f3n a toda la ciudadan\u00eda en general. Y recalca que el reto es seguir trabajando, ser un v\u00ednculo entre la ciudadan\u00eda y las autoridades. La cultura y entretenimiento; la diversidad de pensamiento.<\/p>\n","protected":false},"excerpt":{"rendered":"<p>Radio Rom\u00e1ntica se cre\u00f3 en el coraz\u00f3n de Yantzatza y este a\u00f1o cumple dieciocho a\u00f1os al servicio del cant\u00f3n y de la provincia de Zamora Chinchipe. Esta empresa radial celebra un a\u00f1o m\u00e1s de aniversario. Su gerente propietario, el Ing. V\u00edctor Hugo Campoverde data que el inicio se efectu\u00f3 el 12 de abril del a\u00f1o 2004. &nbsp;Hab\u00eda decidido instalar all\u00e1 este medio de comunicaci\u00f3n, para mantener entretenida y comunicada a la poblaci\u00f3n yantzacense, con nostalgia recuerda que \u201cya son dieciocho a\u00f1os y el tiempo pasa sin darse cuenta\u201d. Agradece a la ciudadan\u00eda de la provincia de Zamora Chinchipe por permitirles ser parte de su convivir diario. Con ello, se han generado diversas plazas de trabajo. Lo que significa un sustento en estos tiempos. Para le celebraci\u00f3n sus propietarios han preparado un evento, mismo que cuenta con la presencia de la ciudadan\u00eda en general y dem\u00e1s medios de comunicaci\u00f3n. Programaci\u00f3n: S\u00e1bado, 9 am, aprovechando que el municipio va a realizar la inauguraci\u00f3n de la cubierta de una cancha del sector, se dar\u00e1 inici\u00f3 a la celebraci\u00f3n; posterior a ello, &nbsp;Se realizar\u00e1n encuentros deportivos de v\u00f3ley, tanto masculinos como femeninos, durante todo el d\u00eda. De ah\u00ed se tiene preparado el programa socio cultural. Donde participaran artistas locales y para finalizar se presentar\u00e1 la agrupaci\u00f3n Agua Santa, proveniente de la provincia de Manab\u00ed. Los artistas locales se har\u00e1n presentes a trav\u00e9s de Carmita Gaona con un gran repertorio para el deleite de los asistentes. Este evento ser\u00e1 para que los asistentes puedan compartir. Adem\u00e1s de la invitaci\u00f3n a los diferentes medios de comunicaci\u00f3n y el circulo de periodistas de la provincia de Zamora Chinchipe. Es una tradici\u00f3n de radio Rom\u00e1ntica para celebrar a\u00f1o tras a\u00f1o. Es una oportunidad para poder dinamizar la econom\u00eda en esta parte del sur del pa\u00eds. La importancia de la radio es para el desarrollo de los pueblos, porque a trav\u00e9s de ella se educa, e informa, por ello, es importante que los periodistas se den cita en este lugar para generar informaci\u00f3n; compartir experiencia y as\u00ed celebrar otro a\u00f1o m\u00e1s de aniversario de radio Rom\u00e1ntica. La ubicaci\u00f3n se encuentra en el cant\u00f3n Yantzatza, en la calle Zamora entre 10 de noviembre y 10 de agosto tomando como referencia, a dos cuadras del colegio Primero de Mayo. La celebraci\u00f3n se realizar\u00e1 en las instalaciones de la radio. El d\u00eda s\u00e1bado 30 de abril del presente a\u00f1o. Comenta que: \u201cSon alrededor de 6 a\u00f1os que no se ha podido realizar por diferentes situaciones. Sin embargo, hay que ir reactiv\u00e1ndose de a poco\u201d. Se extiende la invitaci\u00f3n a toda la ciudadan\u00eda en general. Y recalca que el reto es seguir trabajando, ser un v\u00ednculo entre la ciudadan\u00eda y las autoridades. La cultura y entretenimiento; la diversidad de pensamiento.<\/p>\n","protected":false},"author":1,"featured_media":3652,"comment_status":"open","ping_status":"open","sticky":false,"template":"","format":"standard","meta":{"footnotes":""},"categories":[243],"tags":[],"class_list":["post-3651","post","type-post","status-publish","format-standard","has-post-thumbnail","hentry","category-noticias-zamora"],"_links":{"self":[{"href":"https:\/\/www.elamazonico.com\/portal\/wp-json\/wp\/v2\/posts\/3651","targetHints":{"allow":["GET"]}}],"collection":[{"href":"https:\/\/www.elamazonico.com\/portal\/wp-json\/wp\/v2\/posts"}],"about":[{"href":"https:\/\/www.elamazonico.com\/portal\/wp-json\/wp\/v2\/types\/post"}],"author":[{"embeddable":true,"href":"https:\/\/www.elamazonico.com\/portal\/wp-json\/wp\/v2\/users\/1"}],"replies":[{"embeddable":true,"href":"https:\/\/www.elamazonico.com\/portal\/wp-json\/wp\/v2\/comments?post=3651"}],"version-history":[{"count":1,"href":"https:\/\/www.elamazonico.com\/portal\/wp-json\/wp\/v2\/posts\/3651\/revisions"}],"predecessor-version":[{"id":3653,"href":"https:\/\/www.elamazonico.com\/portal\/wp-json\/wp\/v2\/posts\/3651\/revisions\/3653"}],"wp:featuredmedia":[{"embeddable":true,"href":"https:\/\/www.elamazonico.com\/portal\/wp-json\/wp\/v2\/media\/3652"}],"wp:attachment":[{"href":"https:\/\/www.elamazonico.com\/portal\/wp-json\/wp\/v2\/media?parent=3651"}],"wp:term":[{"taxonomy":"category","embeddable":true,"href":"https:\/\/www.elamazonico.com\/portal\/wp-json\/wp\/v2\/categories?post=3651"},{"taxonomy":"post_tag","embeddable":true,"href":"https:\/\/www.elamazonico.com\/portal\/wp-json\/wp\/v2\/tags?post=3651"}],"curies":[{"name":"wp","href":"https:\/\/api.w.org\/{rel}","templated":true}]}}