{"id":3645,"date":"2022-04-29T05:48:41","date_gmt":"2022-04-29T10:48:41","guid":{"rendered":"https:\/\/www.elamazonico.com\/portal\/?p=3645"},"modified":"2022-04-29T05:48:50","modified_gmt":"2022-04-29T10:48:50","slug":"gad-yantzaza-conmemora-el-dia-de-la-salud-ocupacional-con-casa-abierta","status":"publish","type":"post","link":"https:\/\/www.elamazonico.com\/portal\/gad-yantzaza-conmemora-el-dia-de-la-salud-ocupacional-con-casa-abierta\/","title":{"rendered":"GAD Yantzaza conmemora el D\u00eda de la Salud Ocupacional con casa abierta"},"content":{"rendered":"\n<p>El Gobierno Aut\u00f3nomo Descentralizado del cant\u00f3n Yantzaza, por medio de la Unidad de Seguridad y Salud Ocupacional (USSO) realiz\u00f3 una casa abierta, con el objetivo de promover la prevenci\u00f3n de los accidentes en el trabajo y las enfermedades profesionales.&nbsp;<\/p>\n\n\n\n<p>El evento cont\u00f3 con la participaci\u00f3n de instituciones como; el Ministerio de Salud P\u00fablica, Instituci\u00f3n de Capacitaci\u00f3n T\u00e9cnico Profesional (INCATEPROF), Centro de Especialidades Familias Sanas, esta \u00faltima brinda los servicios de: asesoramiento y atenci\u00f3n m\u00e9dica, odontolog\u00eda, panificaci\u00f3n familiar, m\u00e9todos anticonceptivos, inmunizaciones contra el COVID 19 y la influenza. Adem\u00e1s de ofrecer asesoramiento en nutrici\u00f3n, programas preventivos en el trabajo y fisiatr\u00eda al personal del Municipio que form\u00f3 parte de esta jornada.<\/p>\n\n\n\n<p>\u201cNuestro objetivo es mejorar en pol\u00edticas de seguridad y realizar capacitaciones constantes, as\u00ed como jornadas m\u00e9dicas programadas en beneficio de nuestro personal operativo, con el af\u00e1n de prevenir accidentes laborales y enfermedades ocupacionales\u201d, manifest\u00f3 Diego Luna, Jefe de la Unidad de Seguridad Ocupacional del GAD Yantzaza.<\/p>\n\n\n\n<p>Para Juan Carlos Shingre, integrante de la Junta Cantonal de Protecci\u00f3n de Derechos del cant\u00f3n Yantzaza, la realizaci\u00f3n de estas campa\u00f1as es oportuna, porque el compromiso de velar por la salud es de todos y felicita por la atenci\u00f3n recibida en cada uno de los stands.&nbsp;<\/p>\n\n\n\n<p>Al finalizar el evento se realiz\u00f3 una rifa de implementos y equipos de seguridad en la que participaron todos los asistentes.&nbsp;&nbsp;<\/p>\n","protected":false},"excerpt":{"rendered":"<p>El Gobierno Aut\u00f3nomo Descentralizado del cant\u00f3n Yantzaza, por medio de la Unidad de Seguridad y Salud Ocupacional (USSO) realiz\u00f3 una casa abierta, con el objetivo de promover la prevenci\u00f3n de los accidentes en el trabajo y las enfermedades profesionales.&nbsp; El evento cont\u00f3 con la participaci\u00f3n de instituciones como; el Ministerio de Salud P\u00fablica, Instituci\u00f3n de Capacitaci\u00f3n T\u00e9cnico Profesional (INCATEPROF), Centro de Especialidades Familias Sanas, esta \u00faltima brinda los servicios de: asesoramiento y atenci\u00f3n m\u00e9dica, odontolog\u00eda, panificaci\u00f3n familiar, m\u00e9todos anticonceptivos, inmunizaciones contra el COVID 19 y la influenza. Adem\u00e1s de ofrecer asesoramiento en nutrici\u00f3n, programas preventivos en el trabajo y fisiatr\u00eda al personal del Municipio que form\u00f3 parte de esta jornada. \u201cNuestro objetivo es mejorar en pol\u00edticas de seguridad y realizar capacitaciones constantes, as\u00ed como jornadas m\u00e9dicas programadas en beneficio de nuestro personal operativo, con el af\u00e1n de prevenir accidentes laborales y enfermedades ocupacionales\u201d, manifest\u00f3 Diego Luna, Jefe de la Unidad de Seguridad Ocupacional del GAD Yantzaza. Para Juan Carlos Shingre, integrante de la Junta Cantonal de Protecci\u00f3n de Derechos del cant\u00f3n Yantzaza, la realizaci\u00f3n de estas campa\u00f1as es oportuna, porque el compromiso de velar por la salud es de todos y felicita por la atenci\u00f3n recibida en cada uno de los stands.&nbsp; Al finalizar el evento se realiz\u00f3 una rifa de implementos y equipos de seguridad en la que participaron todos los asistentes.&nbsp;&nbsp;<\/p>\n","protected":false},"author":1,"featured_media":3646,"comment_status":"open","ping_status":"open","sticky":false,"template":"","format":"standard","meta":{"footnotes":""},"categories":[243],"tags":[],"class_list":["post-3645","post","type-post","status-publish","format-standard","has-post-thumbnail","hentry","category-noticias-zamora"],"_links":{"self":[{"href":"https:\/\/www.elamazonico.com\/portal\/wp-json\/wp\/v2\/posts\/3645","targetHints":{"allow":["GET"]}}],"collection":[{"href":"https:\/\/www.elamazonico.com\/portal\/wp-json\/wp\/v2\/posts"}],"about":[{"href":"https:\/\/www.elamazonico.com\/portal\/wp-json\/wp\/v2\/types\/post"}],"author":[{"embeddable":true,"href":"https:\/\/www.elamazonico.com\/portal\/wp-json\/wp\/v2\/users\/1"}],"replies":[{"embeddable":true,"href":"https:\/\/www.elamazonico.com\/portal\/wp-json\/wp\/v2\/comments?post=3645"}],"version-history":[{"count":1,"href":"https:\/\/www.elamazonico.com\/portal\/wp-json\/wp\/v2\/posts\/3645\/revisions"}],"predecessor-version":[{"id":3647,"href":"https:\/\/www.elamazonico.com\/portal\/wp-json\/wp\/v2\/posts\/3645\/revisions\/3647"}],"wp:featuredmedia":[{"embeddable":true,"href":"https:\/\/www.elamazonico.com\/portal\/wp-json\/wp\/v2\/media\/3646"}],"wp:attachment":[{"href":"https:\/\/www.elamazonico.com\/portal\/wp-json\/wp\/v2\/media?parent=3645"}],"wp:term":[{"taxonomy":"category","embeddable":true,"href":"https:\/\/www.elamazonico.com\/portal\/wp-json\/wp\/v2\/categories?post=3645"},{"taxonomy":"post_tag","embeddable":true,"href":"https:\/\/www.elamazonico.com\/portal\/wp-json\/wp\/v2\/tags?post=3645"}],"curies":[{"name":"wp","href":"https:\/\/api.w.org\/{rel}","templated":true}]}}