{"id":3641,"date":"2022-04-29T05:43:40","date_gmt":"2022-04-29T10:43:40","guid":{"rendered":"https:\/\/www.elamazonico.com\/portal\/?p=3641"},"modified":"2022-04-29T07:27:31","modified_gmt":"2022-04-29T12:27:31","slug":"el-sur-del-pais-exige-la-culminacion-del-4to-eje-vial","status":"publish","type":"post","link":"https:\/\/www.elamazonico.com\/portal\/el-sur-del-pais-exige-la-culminacion-del-4to-eje-vial\/","title":{"rendered":"El Sur del pa\u00eds exige la culminaci\u00f3n del 4to Eje Vial"},"content":{"rendered":"\n<p>Alberto Jaramillo, alcalde del cant\u00f3n Chinchipe exhorta al presidente de la Rep\u00fablica del Ecuador, Guillermo Lasso a concluir la construcci\u00f3n del IV Eje Vial en el cant\u00f3n Chinchipe, mismo que beneficia la parte sur del pa\u00eds y frontera norte con Per\u00fa.<\/p>\n\n\n\n<p>\u201cEl 4to Eje Vial es un compromiso desde 1998, cuando se firm\u00f3 el tratado de paz para construir cinco ejes y dentro de eso, est\u00e1 el 4to Eje Vial que a\u00fan no se lo concluye. Han pasado 24 a\u00f1os desde que se firm\u00f3 este compromiso de paz y queremos que se haga realidad. Estamos seguros que la unidad  del pueblo ser\u00e1 hist\u00f3rico este 29 de abril, donde se va a demostrar con entusiasmo\u201d, enfatiza el burgomaestre. Adem\u00e1s, manifiesta que como autoridades y ciudadan\u00eda en general, se han organizado para presentar su preocupaci\u00f3n ante el Primer Mandatario, mismo que se dar\u00e1 cita en la ciudad de Loja para concretar el Acuerdo Binacional con el Per\u00fa, en compa\u00f1\u00eda de su hom\u00f3logo peruano, Pedro Castillo.<\/p>\n\n\n\n<p>\u00a0\u201cNosotros ac\u00e1 en Chinchipe, no solo quienes estamos al frente del gobierno municipal sino la ciudadan\u00eda en general se organiz\u00f3 para este viernes 29 de abril de 2022, a las 09am concentrarnos en la ciudad de Loja y asistir a uno de los eventos m\u00e1s importantes del sur del pa\u00eds que tiene el presidente en la ciudad de Loja y hacerle conocer\u00a0 la necesidad de los pueblos del sur, los cant\u00f3n Chinchipe, Palanda y toda la provincia de Zamora Chinchipe para que se construya o se termine el \u00faltimo tramo del IV Eje Vial\u201d.<\/p>\n\n\n\n<p>Manifiesta que previo a esto, se mantuvo una reuni\u00f3n en el sal\u00f3n municipal con autoridades del cant\u00f3n Chinchipe y de la parte norte del Per\u00fa y del Departamento de Cajamarca. Varios alcaldes se dieron cita a esta reuni\u00f3n, justamente para planificar y ver las mejores estrategias con el sentido de que tanto el primer mandatario de nuestro pa\u00eds, como el del vecino pa\u00eds del Per\u00fa, escuchen y reciban nuestro pedido y se concluya la v\u00eda del 4to Eje Vial en la regi\u00f3n sur del Ecuador.<\/p>\n\n\n\n<p>\u201cEstamos poniendo todo el esfuerzo necesario para demostrarle al Gobierno Nacional que Zamora Chinchipe va a estar presente para reclamar su justo derecho\u201d.<\/p>\n\n\n\n<p><strong>\u00bfC\u00f3mo se est\u00e1 avanzando la construcci\u00f3n de los puentes del 4to Eje Vial?<\/strong><\/p>\n\n\n\n<p>\u201cCuando nosotros visitamos la capital de la republica el d\u00eda 23 de marzo pasado y nos reunimos con la Sra. Viceministra, Carolina Ormaza, nos dijo que dentro de 20 d\u00edas ya se empezaba conjuntamente con otros dos puentes m\u00e1s, el de Quebrada Honda y el de Agua Dulce; pero los otros dos puentes: Palanda y Palanum\u00e1 hasta el momento a\u00fan no se inicia. Se aspira a que en estos d\u00edas ya comiencen a dar inicio la construcci\u00f3n del puente sobre el r\u00edo Palanda, es urgente por el estado actual, pues no est\u00e1 en condiciones que garantiza un tr\u00e1nsito seguro\u201d, culmina Jaramillo.<\/p>\n\n\n\n<p>Otro factor es la temporada invernal, que ha provocado derrumbes en la mayor parte de las v\u00edas. Se ha unificado la ayuda entre el gobierno provincial y los GADs cantonales y parroquiales para dar atenci\u00f3n a todas las v\u00edas.<\/p>\n","protected":false},"excerpt":{"rendered":"<p>Alberto Jaramillo, alcalde del cant\u00f3n Chinchipe exhorta al presidente de la Rep\u00fablica del Ecuador, Guillermo Lasso a concluir la construcci\u00f3n del IV Eje Vial en el cant\u00f3n Chinchipe, mismo que beneficia la parte sur del pa\u00eds y frontera norte con Per\u00fa. \u201cEl 4to Eje Vial es un compromiso desde 1998, cuando se firm\u00f3 el tratado de paz para construir cinco ejes y dentro de eso, est\u00e1 el 4to Eje Vial que a\u00fan no se lo concluye. Han pasado 24 a\u00f1os desde que se firm\u00f3 este compromiso de paz y queremos que se haga realidad. Estamos seguros que la unidad del pueblo ser\u00e1 hist\u00f3rico este 29 de abril, donde se va a demostrar con entusiasmo\u201d, enfatiza el burgomaestre. Adem\u00e1s, manifiesta que como autoridades y ciudadan\u00eda en general, se han organizado para presentar su preocupaci\u00f3n ante el Primer Mandatario, mismo que se dar\u00e1 cita en la ciudad de Loja para concretar el Acuerdo Binacional con el Per\u00fa, en compa\u00f1\u00eda de su hom\u00f3logo peruano, Pedro Castillo. \u00a0\u201cNosotros ac\u00e1 en Chinchipe, no solo quienes estamos al frente del gobierno municipal sino la ciudadan\u00eda en general se organiz\u00f3 para este viernes 29 de abril de 2022, a las 09am concentrarnos en la ciudad de Loja y asistir a uno de los eventos m\u00e1s importantes del sur del pa\u00eds que tiene el presidente en la ciudad de Loja y hacerle conocer\u00a0 la necesidad de los pueblos del sur, los cant\u00f3n Chinchipe, Palanda y toda la provincia de Zamora Chinchipe para que se construya o se termine el \u00faltimo tramo del IV Eje Vial\u201d. Manifiesta que previo a esto, se mantuvo una reuni\u00f3n en el sal\u00f3n municipal con autoridades del cant\u00f3n Chinchipe y de la parte norte del Per\u00fa y del Departamento de Cajamarca. Varios alcaldes se dieron cita a esta reuni\u00f3n, justamente para planificar y ver las mejores estrategias con el sentido de que tanto el primer mandatario de nuestro pa\u00eds, como el del vecino pa\u00eds del Per\u00fa, escuchen y reciban nuestro pedido y se concluya la v\u00eda del 4to Eje Vial en la regi\u00f3n sur del Ecuador. \u201cEstamos poniendo todo el esfuerzo necesario para demostrarle al Gobierno Nacional que Zamora Chinchipe va a estar presente para reclamar su justo derecho\u201d. \u00bfC\u00f3mo se est\u00e1 avanzando la construcci\u00f3n de los puentes del 4to Eje Vial? \u201cCuando nosotros visitamos la capital de la republica el d\u00eda 23 de marzo pasado y nos reunimos con la Sra. Viceministra, Carolina Ormaza, nos dijo que dentro de 20 d\u00edas ya se empezaba conjuntamente con otros dos puentes m\u00e1s, el de Quebrada Honda y el de Agua Dulce; pero los otros dos puentes: Palanda y Palanum\u00e1 hasta el momento a\u00fan no se inicia. Se aspira a que en estos d\u00edas ya comiencen a dar inicio la construcci\u00f3n del puente sobre el r\u00edo Palanda, es urgente por el estado actual, pues no est\u00e1 en condiciones que garantiza un tr\u00e1nsito seguro\u201d, culmina Jaramillo. Otro factor es la temporada invernal, que ha provocado derrumbes en la mayor parte de las v\u00edas. Se ha unificado la ayuda entre el gobierno provincial y los GADs cantonales y parroquiales para dar atenci\u00f3n a todas las v\u00edas.<\/p>\n","protected":false},"author":1,"featured_media":3643,"comment_status":"open","ping_status":"open","sticky":false,"template":"","format":"standard","meta":{"footnotes":""},"categories":[243],"tags":[],"class_list":["post-3641","post","type-post","status-publish","format-standard","has-post-thumbnail","hentry","category-noticias-zamora"],"_links":{"self":[{"href":"https:\/\/www.elamazonico.com\/portal\/wp-json\/wp\/v2\/posts\/3641","targetHints":{"allow":["GET"]}}],"collection":[{"href":"https:\/\/www.elamazonico.com\/portal\/wp-json\/wp\/v2\/posts"}],"about":[{"href":"https:\/\/www.elamazonico.com\/portal\/wp-json\/wp\/v2\/types\/post"}],"author":[{"embeddable":true,"href":"https:\/\/www.elamazonico.com\/portal\/wp-json\/wp\/v2\/users\/1"}],"replies":[{"embeddable":true,"href":"https:\/\/www.elamazonico.com\/portal\/wp-json\/wp\/v2\/comments?post=3641"}],"version-history":[{"count":2,"href":"https:\/\/www.elamazonico.com\/portal\/wp-json\/wp\/v2\/posts\/3641\/revisions"}],"predecessor-version":[{"id":3656,"href":"https:\/\/www.elamazonico.com\/portal\/wp-json\/wp\/v2\/posts\/3641\/revisions\/3656"}],"wp:featuredmedia":[{"embeddable":true,"href":"https:\/\/www.elamazonico.com\/portal\/wp-json\/wp\/v2\/media\/3643"}],"wp:attachment":[{"href":"https:\/\/www.elamazonico.com\/portal\/wp-json\/wp\/v2\/media?parent=3641"}],"wp:term":[{"taxonomy":"category","embeddable":true,"href":"https:\/\/www.elamazonico.com\/portal\/wp-json\/wp\/v2\/categories?post=3641"},{"taxonomy":"post_tag","embeddable":true,"href":"https:\/\/www.elamazonico.com\/portal\/wp-json\/wp\/v2\/tags?post=3641"}],"curies":[{"name":"wp","href":"https:\/\/api.w.org\/{rel}","templated":true}]}}