{"id":3638,"date":"2022-04-29T05:41:09","date_gmt":"2022-04-29T10:41:09","guid":{"rendered":"https:\/\/www.elamazonico.com\/portal\/?p=3638"},"modified":"2022-04-29T07:37:38","modified_gmt":"2022-04-29T12:37:38","slug":"la-pediatria-contribuye-al-tratamiento-y-prevencion-del-pie-diabetico","status":"publish","type":"post","link":"https:\/\/www.elamazonico.com\/portal\/la-pediatria-contribuye-al-tratamiento-y-prevencion-del-pie-diabetico\/","title":{"rendered":"La Podiatra contribuye al tratamiento y prevenci\u00f3n del pie diab\u00e9tico"},"content":{"rendered":"\n<p>Para el tratamiento de los pies, existen dos terminolog\u00edas y que generan confusi\u00f3n dentro de esta rama de la medicina; t\u00e9rminos utilizados para detectar enfermedades dentro de esta parte importante del cuerpo humano. Motivo por el cual se detalla la explicaci\u00f3n a continuaci\u00f3n:<\/p>\n\n\n\n<p><strong>PODIATRA:<\/strong> Es el m\u00e9dico especialista en Podiatr\u00eda. Es una alternativa profesional que requiere de un proceso educativo formal, particular, espec\u00edfico, enfocado precisamente en la atenci\u00f3n, diagn\u00f3stico, tratamiento y cuidado de las condiciones y funciones del pie humano; desarrollando procedimientos quir\u00fargicos,&nbsp;prescribiendo&nbsp;dispositivos o aparatos correctivos, recetando y\/o administrando medicamentos, as\u00ed como modalidades<br>de medicina&nbsp;f\u00edsica y rehabilitaci\u00f3n para tratar las afecciones en los pies.<\/p>\n\n\n\n<p><strong>POD\u00d3LOGO<\/strong>: Por otro lado, el Colegio Oficial de Pod\u00f3logos de Cantabria, se\u00f1ala que la <strong>podolog\u00eda <\/strong>es la ciencia sanitaria que tiene por objeto el estudio de las enfermedades y alteraciones que afectan al pie, mediante el diagn\u00f3stico y tratamiento de las afecciones y deformidades de los pies, a trav\u00e9s de \u201ct\u00e9cnicas\u201d terap\u00e9uticas propias de esta disciplina.<\/p>\n\n\n\n<p>&nbsp;Por ello, la Dra. Diana Carri\u00f3n, especialista en Podiatr\u00eda de la cl\u00ednica Santa Isabel de la ciudad de Loja, nos habla del pie diab\u00e9tico; lo que significa, sus s\u00edntomas y los riesgos que puedan acarrear si no se lo trata de la forma correcta.<\/p>\n\n\n\n<p>La especialista da conocer que el pie diab\u00e9tico es una complicaci\u00f3n muy com\u00fan en pacientes que padecen de diabetes en cualquiera de sus tipos. A pesar que considera que el padecer de esta enfermedad, catalogada como cr\u00f3nica, no es sin\u00f3nimo de tener pie diab\u00e9tico. \u201cEl pie diab\u00e9tico se da por una complicaci\u00f3n de la diabetes, por un elevado \u00edndice de glucemia que no ha sido controlado adecuadamente. Si es que se produce una peque\u00f1a lesi\u00f3n en el pie y no se realiza una adecuada atenci\u00f3n, esto puede conllevar a una alteraci\u00f3n meramente en las capas superficiales, para as\u00ed avanzar a las capas m\u00e1s profundas de la piel, el m\u00fasculo y el hueso. Es importante en primer lugar, tener un control adecuado de la glucosa; acudir al m\u00e9dico y as\u00ed poder evitar este tipo de complicaciones\u201d.<\/p>\n\n\n\n<p><strong>\u00bfCu\u00e1les son los s\u00edntomas para saber si tiene pie diab\u00e9tico?<\/strong><\/p>\n\n\n\n<p>\u201cPrimero, cuando ya se tiene alguna complicaci\u00f3n en cuanto al pie, va a ver alguna alteraci\u00f3n en la conducci\u00f3n nerviosa. Generalmente los pacientes que tienen este tipo de problema, no tienen la sensibilidad adecuada; son pacientes que van a tener calambres, no van sentir al momento de sufrir una peque\u00f1a lesi\u00f3n o un corte. Pueden tener disminuci\u00f3n en lo que es la irrigaci\u00f3n sangu\u00ednea; la ca\u00edda del vello en la zona de las piernas; la sensaci\u00f3n de fr\u00edo en los pies. Adem\u00e1s, los dedos se empiezan a encoger, t\u00e9rmino conocido como \u2018dedos en garra`, esto ocasiona que con el roce de los zapatos se pueda producir peque\u00f1as lesiones que a la larga puede llegar a complicarse. Debido a que las personas tienden a utilizar un tipo de calzado que no es el adecuado de acuerdo a las medidas de los pies.<\/p>\n\n\n\n<p><strong>RECOMENDACIONES:<\/strong><\/p>\n\n\n\n<ul class=\"wp-block-list\"><li>El calzado debe ser c\u00f3modo con una puntera amplia.<\/li><li>Evitar utilizar calzado que tenga costuras por dentro.<\/li><li>Tiene que ser un calzado de piel.<\/li><li>Evitar el calzado de material sint\u00e9tico.<\/li><li>Al momento de lavarse los pies, no hacerlo con agua demasiado caliente.<\/li><li>Cortarse las u\u00f1as de manera adecuada.<\/li><\/ul>\n\n\n\n<p>Esto se recomienda siempre y cuando las u\u00f1as de los pies sean finas; de lo contrario, lo mejor es ir al podiatra para que le realice el corte adecuado de las u\u00f1as.<\/p>\n\n\n\n<p>Ya con la aparici\u00f3n de ulceras es necesario acudir a un m\u00e9dico para que le haga una valoraci\u00f3n completa; un chequeo de lo que es la sensibilidad, la circulaci\u00f3n y ver c\u00f3mo se encuentra el estado metab\u00f3lico. Dependiendo de ello se manda a seguir un tratamiento adecuado para mejorar la circulaci\u00f3n sangu\u00ednea y evitar que se siga procesando el problema de la neuropat\u00eda, que es la deficiencia de la sensibilidad.<\/p>\n\n\n\n<p>\u201cEsta es una enfermedad que si no se trata a tiempo puede conllevar a la amputaci\u00f3n de un dedo, pie, una pierna y en el peor de los casos; la muerte. Pues una enfermedad mal controlada provoca una infecci\u00f3n que se distribuye en todo el cuerpo y se dificulta el tratamiento de estos pacientes\u201d concluy\u00f3 la galena lojana.<\/p>\n\n\n\n<p><strong>Direcci\u00f3n de la cl\u00ednica Santa Isabel en Loja.<\/strong><\/p>\n\n\n\n<p>Ubicaci\u00f3n en la Av. Cuxibamba 75-31 entre Ibarra. A una cuadra del banco de Pichincha, sucursal Loja.<\/p>\n\n\n\n<p><strong>Citas previo agendamiento:<\/strong><\/p>\n\n\n\n<p><strong>Tel\u00e9f.<\/strong> 07 272 5009<\/p>\n\n\n\n<p><strong>Cel.<\/strong> 0939965841<\/p>\n\n\n\n<p>Cl\u00ednica Santa Isabel.<\/p>\n","protected":false},"excerpt":{"rendered":"<p>Para el tratamiento de los pies, existen dos terminolog\u00edas y que generan confusi\u00f3n dentro de esta rama de la medicina; t\u00e9rminos utilizados para detectar enfermedades dentro de esta parte importante del cuerpo humano. Motivo por el cual se detalla la explicaci\u00f3n a continuaci\u00f3n: PODIATRA: Es el m\u00e9dico especialista en Podiatr\u00eda. Es una alternativa profesional que requiere de un proceso educativo formal, particular, espec\u00edfico, enfocado precisamente en la atenci\u00f3n, diagn\u00f3stico, tratamiento y cuidado de las condiciones y funciones del pie humano; desarrollando procedimientos quir\u00fargicos,&nbsp;prescribiendo&nbsp;dispositivos o aparatos correctivos, recetando y\/o administrando medicamentos, as\u00ed como modalidadesde medicina&nbsp;f\u00edsica y rehabilitaci\u00f3n para tratar las afecciones en los pies. POD\u00d3LOGO: Por otro lado, el Colegio Oficial de Pod\u00f3logos de Cantabria, se\u00f1ala que la podolog\u00eda es la ciencia sanitaria que tiene por objeto el estudio de las enfermedades y alteraciones que afectan al pie, mediante el diagn\u00f3stico y tratamiento de las afecciones y deformidades de los pies, a trav\u00e9s de \u201ct\u00e9cnicas\u201d terap\u00e9uticas propias de esta disciplina. &nbsp;Por ello, la Dra. Diana Carri\u00f3n, especialista en Podiatr\u00eda de la cl\u00ednica Santa Isabel de la ciudad de Loja, nos habla del pie diab\u00e9tico; lo que significa, sus s\u00edntomas y los riesgos que puedan acarrear si no se lo trata de la forma correcta. La especialista da conocer que el pie diab\u00e9tico es una complicaci\u00f3n muy com\u00fan en pacientes que padecen de diabetes en cualquiera de sus tipos. A pesar que considera que el padecer de esta enfermedad, catalogada como cr\u00f3nica, no es sin\u00f3nimo de tener pie diab\u00e9tico. \u201cEl pie diab\u00e9tico se da por una complicaci\u00f3n de la diabetes, por un elevado \u00edndice de glucemia que no ha sido controlado adecuadamente. Si es que se produce una peque\u00f1a lesi\u00f3n en el pie y no se realiza una adecuada atenci\u00f3n, esto puede conllevar a una alteraci\u00f3n meramente en las capas superficiales, para as\u00ed avanzar a las capas m\u00e1s profundas de la piel, el m\u00fasculo y el hueso. Es importante en primer lugar, tener un control adecuado de la glucosa; acudir al m\u00e9dico y as\u00ed poder evitar este tipo de complicaciones\u201d. \u00bfCu\u00e1les son los s\u00edntomas para saber si tiene pie diab\u00e9tico? \u201cPrimero, cuando ya se tiene alguna complicaci\u00f3n en cuanto al pie, va a ver alguna alteraci\u00f3n en la conducci\u00f3n nerviosa. Generalmente los pacientes que tienen este tipo de problema, no tienen la sensibilidad adecuada; son pacientes que van a tener calambres, no van sentir al momento de sufrir una peque\u00f1a lesi\u00f3n o un corte. Pueden tener disminuci\u00f3n en lo que es la irrigaci\u00f3n sangu\u00ednea; la ca\u00edda del vello en la zona de las piernas; la sensaci\u00f3n de fr\u00edo en los pies. Adem\u00e1s, los dedos se empiezan a encoger, t\u00e9rmino conocido como \u2018dedos en garra`, esto ocasiona que con el roce de los zapatos se pueda producir peque\u00f1as lesiones que a la larga puede llegar a complicarse. Debido a que las personas tienden a utilizar un tipo de calzado que no es el adecuado de acuerdo a las medidas de los pies. RECOMENDACIONES: El calzado debe ser c\u00f3modo con una puntera amplia. Evitar utilizar calzado que tenga costuras por dentro. Tiene que ser un calzado de piel. Evitar el calzado de material sint\u00e9tico. Al momento de lavarse los pies, no hacerlo con agua demasiado caliente. Cortarse las u\u00f1as de manera adecuada. Esto se recomienda siempre y cuando las u\u00f1as de los pies sean finas; de lo contrario, lo mejor es ir al podiatra para que le realice el corte adecuado de las u\u00f1as. Ya con la aparici\u00f3n de ulceras es necesario acudir a un m\u00e9dico para que le haga una valoraci\u00f3n completa; un chequeo de lo que es la sensibilidad, la circulaci\u00f3n y ver c\u00f3mo se encuentra el estado metab\u00f3lico. Dependiendo de ello se manda a seguir un tratamiento adecuado para mejorar la circulaci\u00f3n sangu\u00ednea y evitar que se siga procesando el problema de la neuropat\u00eda, que es la deficiencia de la sensibilidad. \u201cEsta es una enfermedad que si no se trata a tiempo puede conllevar a la amputaci\u00f3n de un dedo, pie, una pierna y en el peor de los casos; la muerte. Pues una enfermedad mal controlada provoca una infecci\u00f3n que se distribuye en todo el cuerpo y se dificulta el tratamiento de estos pacientes\u201d concluy\u00f3 la galena lojana. Direcci\u00f3n de la cl\u00ednica Santa Isabel en Loja. Ubicaci\u00f3n en la Av. Cuxibamba 75-31 entre Ibarra. A una cuadra del banco de Pichincha, sucursal Loja. Citas previo agendamiento: Tel\u00e9f. 07 272 5009 Cel. 0939965841 Cl\u00ednica Santa Isabel.<\/p>\n","protected":false},"author":1,"featured_media":3639,"comment_status":"open","ping_status":"open","sticky":false,"template":"","format":"standard","meta":{"footnotes":""},"categories":[268,243],"tags":[],"class_list":["post-3638","post","type-post","status-publish","format-standard","has-post-thumbnail","hentry","category-nacionales","category-noticias-zamora"],"_links":{"self":[{"href":"https:\/\/www.elamazonico.com\/portal\/wp-json\/wp\/v2\/posts\/3638","targetHints":{"allow":["GET"]}}],"collection":[{"href":"https:\/\/www.elamazonico.com\/portal\/wp-json\/wp\/v2\/posts"}],"about":[{"href":"https:\/\/www.elamazonico.com\/portal\/wp-json\/wp\/v2\/types\/post"}],"author":[{"embeddable":true,"href":"https:\/\/www.elamazonico.com\/portal\/wp-json\/wp\/v2\/users\/1"}],"replies":[{"embeddable":true,"href":"https:\/\/www.elamazonico.com\/portal\/wp-json\/wp\/v2\/comments?post=3638"}],"version-history":[{"count":2,"href":"https:\/\/www.elamazonico.com\/portal\/wp-json\/wp\/v2\/posts\/3638\/revisions"}],"predecessor-version":[{"id":3657,"href":"https:\/\/www.elamazonico.com\/portal\/wp-json\/wp\/v2\/posts\/3638\/revisions\/3657"}],"wp:featuredmedia":[{"embeddable":true,"href":"https:\/\/www.elamazonico.com\/portal\/wp-json\/wp\/v2\/media\/3639"}],"wp:attachment":[{"href":"https:\/\/www.elamazonico.com\/portal\/wp-json\/wp\/v2\/media?parent=3638"}],"wp:term":[{"taxonomy":"category","embeddable":true,"href":"https:\/\/www.elamazonico.com\/portal\/wp-json\/wp\/v2\/categories?post=3638"},{"taxonomy":"post_tag","embeddable":true,"href":"https:\/\/www.elamazonico.com\/portal\/wp-json\/wp\/v2\/tags?post=3638"}],"curies":[{"name":"wp","href":"https:\/\/api.w.org\/{rel}","templated":true}]}}