{"id":3635,"date":"2022-04-29T05:27:49","date_gmt":"2022-04-29T10:27:49","guid":{"rendered":"https:\/\/www.elamazonico.com\/portal\/?p=3635"},"modified":"2022-04-29T05:27:54","modified_gmt":"2022-04-29T10:27:54","slug":"gabinete-binacional-servira-para-dar-respuesta-al-pedido-de-culminacion-del-iv-eje-vial","status":"publish","type":"post","link":"https:\/\/www.elamazonico.com\/portal\/gabinete-binacional-servira-para-dar-respuesta-al-pedido-de-culminacion-del-iv-eje-vial\/","title":{"rendered":"Gabinete Binacional servir\u00e1 para dar respuesta al pedido de culminaci\u00f3n del IV Eje Vial"},"content":{"rendered":"\n<p>Este 29 de abril se llevar\u00e1 a cabo el D\u00e9cimo Cuarto Gabinete Binacional Ecuador-Per\u00fa, 2022, el mismo que contar\u00e1 con los dos mandatarios, Guillermo Lasso, de Ecuador y Pedro Castillo del Per\u00fa. El evento se efectuar\u00e1 en la ciudad de Loja, capital de la provincia de Loja.<\/p>\n\n\n\n<p>Raz\u00f3n por la cual se trasladar\u00e1n desde la provincia de Zamora Chinchipe, delegaciones y ciudadan\u00eda en general para protagonizar una marcha pac\u00edfica en la ciudad de Loja. El fin es exigir al gobierno central la conclusi\u00f3n de la construcci\u00f3n del IV Eje Vial que servir\u00e1 para beneficio de las provincias del sur del pa\u00eds y parte norte del Per\u00fa. Aprovechando esta &nbsp;ocasi\u00f3n las autoridades de los cantones Palanda y Chinchipe, emprendieron las gestiones para que las personas y colectivos se organicen para exigir una pronta e inmediata respuesta.<\/p>\n\n\n\n<p>Hasta el momento las autoridades de la frontera sur del pa\u00eds han obtenido respuesta claras ni firmes por parte del Ministro de Transporte y Obras P\u00fablicas, Marcelo Cabrera. No contentos con eso, buscan que el presidente les d\u00e9 un espacio para que escuche sus pedidos, en especial el de la ejecuci\u00f3n del IV Eje Vial.<\/p>\n\n\n\n<p>Mario Mancino, gobernador de la provincia de Loja, pone de manifiesto el avance en el tema del IV Eje Vial, en conversaci\u00f3n mantenida con el ministro de Transporte y Obras P\u00fablicas, Marcelo Cabrera.<\/p>\n\n\n\n<p>\u201cPara ponernos en contexto. El d\u00eda de hoy (ayer) tuvimos el agrado y honor de recibir a una delegaci\u00f3n de ciudadanos chinchipenses, en compa\u00f1\u00eda de autoridades con un reclamo justo. Un anhelo muy esperado por la provincia de Zamora Chinchipe y tambi\u00e9n por parte de Loja, con respecto a la culminaci\u00f3n de esta arteria vial y en ese sentido se tuvo una reuni\u00f3n en el despacho de la gobernaci\u00f3n y se logr\u00f3 concretar una reuni\u00f3n con el ministro Marcelo Cabrera, quien est\u00e1 al frente del MTOP, y que coincidentemente se encontraba en la provincia de Zamora Chinchipe, y que tambi\u00e9n luego arribo a la ciudad de Loja para una reuni\u00f3n que fue muy fruct\u00edfera, producto de ello se tendr\u00e1 buenas noticias, que ser\u00e1n escuchadas directamente por parte del Primer Mandatario. El ministro Cabrera de manera silenciosa ha venido trabajando en una propuesta sobre la culminaci\u00f3n de este proyecto\u201d as\u00ed lo sintetiza el funcionario al referirse al tema en cuesti\u00f3n.<\/p>\n\n\n\n<p>Mancino da a conocer la agenda que se lleva a efecto hoy en Loja con los mandatarios de ambos pa\u00edses.<\/p>\n\n\n\n<p><strong>Agenda del D\u00e9cimo Cuarto Gabinete Binacional Per\u00fa-Ecuador 2022<\/strong><\/p>\n\n\n\n<p>Por el quebranto en la salud del presidente la agenda que se ten\u00eda prevista para el d\u00eda 28 de abril de 2022, se traslad\u00f3 para los d\u00edas viernes y s\u00e1bado.<\/p>\n\n\n\n<p>El d\u00eda viernes 29 de abril, se tiene previsto el recibimiento de los presidentes en el aeropuerto de Catamayo; primero arribar\u00e1 Pedro Castillo, presidente del Per\u00fa, m\u00e1s tarde lo har\u00e1 Guillermo Lasso. Mismos que ser\u00e1n recibidos con honores.<\/p>\n\n\n\n<p>En el recibimiento del presidente, se har\u00e1 la entrega de las llaves de la ciudad, por parte de la alcaldesa, Patricia Picoita, en la puerta de la ciudad.<\/p>\n\n\n\n<p>Seguido, se dirige al hotel Sonesta, donde mantendr\u00e1 un encuentro privado con el hom\u00f3logo peruano. Luego saldr\u00e1n los dos hacia el Teatro Bol\u00edvar, donde se dar\u00e1 la sesi\u00f3n de trabajo concerniente al D\u00e9cimo Cuarto Gabinete Binacional, posterior a ello se dar\u00e1 la sesi\u00f3n de fotos en el teatro Bol\u00edvar. &nbsp;<\/p>\n\n\n\n<p>Posterior a ello, el presidente Lasso ofrece un almuerzo a las delegaciones visitantes en la Casona Universitaria. Despu\u00e9s de ello el presidente peruano, se regresa al aeropuerto de Catamayo, con rumbo al Per\u00fa.<\/p>\n\n\n\n<p>Mientras que Lasso, pernoctara en la ciudad de Loja, pues tiene un anuncio que se dar\u00e1 a conocer en horas de la tarde, concerniente a la provincia de Zamora Chinchipe. Y en la noche tiene una entrevista con un medio local.<\/p>\n\n\n\n<p>Al d\u00eda siguiente, el s\u00e1bado 30 de abril, arrancar\u00eda el Gabinete Binacional con el programa \u201cencontr\u00e9monos\u201d que es un formato donde el presidente habla con la ciudadan\u00eda y los periodistas, en el parque recreacional Jipiro.<\/p>\n\n\n\n<p>Finalmente, se dirige a la Central E\u00f3lica Villon\u00e1co, donde se va a realizar la firma del contrato para la construcci\u00f3n del proyecto e\u00f3lico 3, que est\u00e1 en Chuquiribamba, para luego bajar a un almuerzo en Catamayo; y \u00e9l tomar\u00eda su vuelo de regreso a Guayaquil.<\/p>\n\n\n\n<p>Se busca intentar un espacio para que el presidente pueda recibir a una comitiva de la provincia de Zamora Chinchipe. El gobernador augura un positivo resultado para el pedido del cuarto eje vial.<\/p>\n\n\n\n<p>Por su parte el ex asamble\u00edsta Elio Pe\u00f1a, se muestra en\u00e9rgico y recalca la protesta de manera pac\u00edfica que se realizar\u00e1 en la ciudad de Loja, para exigir al gobierno de Guillermo Lasso, una respuesta concreta en cuanto a la construcci\u00f3n de esta v\u00eda.<\/p>\n\n\n\n<p>Los ciudadanos de Palanda y Chinchipe, conociendo una vez la llegada del presidente de la Republica a Loja y frente a tantos ofrecimientos por parte del ministro y autoridades en administraciones pasadas. Acordaron oportuna la ocasi\u00f3n para llegar hacia Loja y pedirle al Gobierno Nacional que cumpla, primeramente, con lo que ofreci\u00f3 en campa\u00f1a cuando visit\u00f3 Zamora Chinchipe.<\/p>\n\n\n\n<p>\u201cGestiones no han faltado a lo largo y ancho de todo el tiempo. Lo que ha faltado es voluntad pol\u00edtica de quien tiene que hacer justicia con el sector sur de la patria ecuatoriana, tomando en cuenta que el cuarto eje vial no es una carretera para Chinchipe o Palanda, si bien es cierto ellos se han levantado a reclamar, pero la carretera es de car\u00e1cter Binacional\u201d, por eso es la lucha por parte de los ciudadanos de Zamora Chinchipe.<\/p>\n\n\n\n<p>Manifiesta que los ciudadanos ya no quieren ofrecimientos, sino hechos y realidad por parte del presidente de la rep\u00fablica. \u201cNos dicen que ya no hay cupo de endeudamiento, y si esperamos a eso, nunca se va a dar la conclusi\u00f3n de esta importante obra\u201d.<\/p>\n\n\n\n<p>Por ello, la manifestaci\u00f3n pac\u00edfica por parte del sur del Ecuador, es una respuesta a la falta de atenci\u00f3n al pedido. \u201cHemos sido tolerantes, pero ya ha llegado el momento de accionar una presi\u00f3n para que despierte la voluntad pol\u00edtica del gobierno\u201d.<\/p>\n\n\n\n<p>La marcha ser\u00e1 pac\u00edfica por las calles de Loja, porque si esperamos que el ministro de finanzas Sim\u00f3n Cueva y el presidente de la Rep\u00fablica busquen un cupo para el endeudamiento, no llegar\u00e1 nunca, porque ellos no tienen ni la menor idea de lo que es el IV Eje Vial.<\/p>\n\n\n\n<p>El d\u00eda de ma\u00f1ana (hoy) las provincias de Loja y Zamora Chinchipe tienen que hacerse sentir en las calles pac\u00edficamente. Se les pide a los dos gobernadores de la provincia de Zamora Chinchipe y Loja, se les otorgue las garant\u00edas por la marcha pac\u00edfica. (I)<\/p>\n","protected":false},"excerpt":{"rendered":"<p>Este 29 de abril se llevar\u00e1 a cabo el D\u00e9cimo Cuarto Gabinete Binacional Ecuador-Per\u00fa, 2022, el mismo que contar\u00e1 con los dos mandatarios, Guillermo Lasso, de Ecuador y Pedro Castillo del Per\u00fa. El evento se efectuar\u00e1 en la ciudad de Loja, capital de la provincia de Loja. Raz\u00f3n por la cual se trasladar\u00e1n desde la provincia de Zamora Chinchipe, delegaciones y ciudadan\u00eda en general para protagonizar una marcha pac\u00edfica en la ciudad de Loja. El fin es exigir al gobierno central la conclusi\u00f3n de la construcci\u00f3n del IV Eje Vial que servir\u00e1 para beneficio de las provincias del sur del pa\u00eds y parte norte del Per\u00fa. Aprovechando esta &nbsp;ocasi\u00f3n las autoridades de los cantones Palanda y Chinchipe, emprendieron las gestiones para que las personas y colectivos se organicen para exigir una pronta e inmediata respuesta. Hasta el momento las autoridades de la frontera sur del pa\u00eds han obtenido respuesta claras ni firmes por parte del Ministro de Transporte y Obras P\u00fablicas, Marcelo Cabrera. No contentos con eso, buscan que el presidente les d\u00e9 un espacio para que escuche sus pedidos, en especial el de la ejecuci\u00f3n del IV Eje Vial. Mario Mancino, gobernador de la provincia de Loja, pone de manifiesto el avance en el tema del IV Eje Vial, en conversaci\u00f3n mantenida con el ministro de Transporte y Obras P\u00fablicas, Marcelo Cabrera. \u201cPara ponernos en contexto. El d\u00eda de hoy (ayer) tuvimos el agrado y honor de recibir a una delegaci\u00f3n de ciudadanos chinchipenses, en compa\u00f1\u00eda de autoridades con un reclamo justo. Un anhelo muy esperado por la provincia de Zamora Chinchipe y tambi\u00e9n por parte de Loja, con respecto a la culminaci\u00f3n de esta arteria vial y en ese sentido se tuvo una reuni\u00f3n en el despacho de la gobernaci\u00f3n y se logr\u00f3 concretar una reuni\u00f3n con el ministro Marcelo Cabrera, quien est\u00e1 al frente del MTOP, y que coincidentemente se encontraba en la provincia de Zamora Chinchipe, y que tambi\u00e9n luego arribo a la ciudad de Loja para una reuni\u00f3n que fue muy fruct\u00edfera, producto de ello se tendr\u00e1 buenas noticias, que ser\u00e1n escuchadas directamente por parte del Primer Mandatario. El ministro Cabrera de manera silenciosa ha venido trabajando en una propuesta sobre la culminaci\u00f3n de este proyecto\u201d as\u00ed lo sintetiza el funcionario al referirse al tema en cuesti\u00f3n. Mancino da a conocer la agenda que se lleva a efecto hoy en Loja con los mandatarios de ambos pa\u00edses. Agenda del D\u00e9cimo Cuarto Gabinete Binacional Per\u00fa-Ecuador 2022 Por el quebranto en la salud del presidente la agenda que se ten\u00eda prevista para el d\u00eda 28 de abril de 2022, se traslad\u00f3 para los d\u00edas viernes y s\u00e1bado. El d\u00eda viernes 29 de abril, se tiene previsto el recibimiento de los presidentes en el aeropuerto de Catamayo; primero arribar\u00e1 Pedro Castillo, presidente del Per\u00fa, m\u00e1s tarde lo har\u00e1 Guillermo Lasso. Mismos que ser\u00e1n recibidos con honores. En el recibimiento del presidente, se har\u00e1 la entrega de las llaves de la ciudad, por parte de la alcaldesa, Patricia Picoita, en la puerta de la ciudad. Seguido, se dirige al hotel Sonesta, donde mantendr\u00e1 un encuentro privado con el hom\u00f3logo peruano. Luego saldr\u00e1n los dos hacia el Teatro Bol\u00edvar, donde se dar\u00e1 la sesi\u00f3n de trabajo concerniente al D\u00e9cimo Cuarto Gabinete Binacional, posterior a ello se dar\u00e1 la sesi\u00f3n de fotos en el teatro Bol\u00edvar. &nbsp; Posterior a ello, el presidente Lasso ofrece un almuerzo a las delegaciones visitantes en la Casona Universitaria. Despu\u00e9s de ello el presidente peruano, se regresa al aeropuerto de Catamayo, con rumbo al Per\u00fa. Mientras que Lasso, pernoctara en la ciudad de Loja, pues tiene un anuncio que se dar\u00e1 a conocer en horas de la tarde, concerniente a la provincia de Zamora Chinchipe. Y en la noche tiene una entrevista con un medio local. Al d\u00eda siguiente, el s\u00e1bado 30 de abril, arrancar\u00eda el Gabinete Binacional con el programa \u201cencontr\u00e9monos\u201d que es un formato donde el presidente habla con la ciudadan\u00eda y los periodistas, en el parque recreacional Jipiro. Finalmente, se dirige a la Central E\u00f3lica Villon\u00e1co, donde se va a realizar la firma del contrato para la construcci\u00f3n del proyecto e\u00f3lico 3, que est\u00e1 en Chuquiribamba, para luego bajar a un almuerzo en Catamayo; y \u00e9l tomar\u00eda su vuelo de regreso a Guayaquil. Se busca intentar un espacio para que el presidente pueda recibir a una comitiva de la provincia de Zamora Chinchipe. El gobernador augura un positivo resultado para el pedido del cuarto eje vial. Por su parte el ex asamble\u00edsta Elio Pe\u00f1a, se muestra en\u00e9rgico y recalca la protesta de manera pac\u00edfica que se realizar\u00e1 en la ciudad de Loja, para exigir al gobierno de Guillermo Lasso, una respuesta concreta en cuanto a la construcci\u00f3n de esta v\u00eda. Los ciudadanos de Palanda y Chinchipe, conociendo una vez la llegada del presidente de la Republica a Loja y frente a tantos ofrecimientos por parte del ministro y autoridades en administraciones pasadas. Acordaron oportuna la ocasi\u00f3n para llegar hacia Loja y pedirle al Gobierno Nacional que cumpla, primeramente, con lo que ofreci\u00f3 en campa\u00f1a cuando visit\u00f3 Zamora Chinchipe. \u201cGestiones no han faltado a lo largo y ancho de todo el tiempo. Lo que ha faltado es voluntad pol\u00edtica de quien tiene que hacer justicia con el sector sur de la patria ecuatoriana, tomando en cuenta que el cuarto eje vial no es una carretera para Chinchipe o Palanda, si bien es cierto ellos se han levantado a reclamar, pero la carretera es de car\u00e1cter Binacional\u201d, por eso es la lucha por parte de los ciudadanos de Zamora Chinchipe. Manifiesta que los ciudadanos ya no quieren ofrecimientos, sino hechos y realidad por parte del presidente de la rep\u00fablica. \u201cNos dicen que ya no hay cupo de endeudamiento, y si esperamos a eso, nunca se va a dar la conclusi\u00f3n de esta importante obra\u201d. Por ello, la manifestaci\u00f3n pac\u00edfica por parte del sur del Ecuador, es una respuesta a la falta de atenci\u00f3n al pedido. \u201cHemos sido tolerantes, pero ya ha llegado el momento<\/p>\n","protected":false},"author":1,"featured_media":3636,"comment_status":"open","ping_status":"open","sticky":false,"template":"","format":"standard","meta":{"footnotes":""},"categories":[243],"tags":[],"class_list":["post-3635","post","type-post","status-publish","format-standard","has-post-thumbnail","hentry","category-noticias-zamora"],"_links":{"self":[{"href":"https:\/\/www.elamazonico.com\/portal\/wp-json\/wp\/v2\/posts\/3635","targetHints":{"allow":["GET"]}}],"collection":[{"href":"https:\/\/www.elamazonico.com\/portal\/wp-json\/wp\/v2\/posts"}],"about":[{"href":"https:\/\/www.elamazonico.com\/portal\/wp-json\/wp\/v2\/types\/post"}],"author":[{"embeddable":true,"href":"https:\/\/www.elamazonico.com\/portal\/wp-json\/wp\/v2\/users\/1"}],"replies":[{"embeddable":true,"href":"https:\/\/www.elamazonico.com\/portal\/wp-json\/wp\/v2\/comments?post=3635"}],"version-history":[{"count":1,"href":"https:\/\/www.elamazonico.com\/portal\/wp-json\/wp\/v2\/posts\/3635\/revisions"}],"predecessor-version":[{"id":3637,"href":"https:\/\/www.elamazonico.com\/portal\/wp-json\/wp\/v2\/posts\/3635\/revisions\/3637"}],"wp:featuredmedia":[{"embeddable":true,"href":"https:\/\/www.elamazonico.com\/portal\/wp-json\/wp\/v2\/media\/3636"}],"wp:attachment":[{"href":"https:\/\/www.elamazonico.com\/portal\/wp-json\/wp\/v2\/media?parent=3635"}],"wp:term":[{"taxonomy":"category","embeddable":true,"href":"https:\/\/www.elamazonico.com\/portal\/wp-json\/wp\/v2\/categories?post=3635"},{"taxonomy":"post_tag","embeddable":true,"href":"https:\/\/www.elamazonico.com\/portal\/wp-json\/wp\/v2\/tags?post=3635"}],"curies":[{"name":"wp","href":"https:\/\/api.w.org\/{rel}","templated":true}]}}