{"id":3631,"date":"2022-04-28T05:59:06","date_gmt":"2022-04-28T10:59:06","guid":{"rendered":"https:\/\/www.elamazonico.com\/portal\/?p=3631"},"modified":"2022-04-28T05:59:17","modified_gmt":"2022-04-28T10:59:17","slug":"ecuador-registro-mas-de-12-millones-de-pasajeros-aereos-en-el-primer-trimestre-de-2022","status":"publish","type":"post","link":"https:\/\/www.elamazonico.com\/portal\/ecuador-registro-mas-de-12-millones-de-pasajeros-aereos-en-el-primer-trimestre-de-2022\/","title":{"rendered":"Ecuador registr\u00f3 m\u00e1s de 1,2 millones de pasajeros a\u00e9reos en el primer trimestre de 2022"},"content":{"rendered":"\n<p>Ecuador registr\u00f3 m\u00e1s de&nbsp;<strong>1,2 millones de pasajeros a\u00e9reos que se desplazaron<\/strong>&nbsp;tanto internamente como hacia y desde el exterior en el primer trimestre de 2022, inform\u00f3 este mi\u00e9rcoles la Direcci\u00f3n General de Aviaci\u00f3n Civil (DGAC).<\/p>\n\n\n\n<p>En los primeros tres meses de este a\u00f1o viajaron v\u00eda a\u00e9rea\u00a0<strong>1.248.519 pasajeros en vuelos nacionales e internacionales<\/strong>, tanto de servicios regulares como no regulares, y a trav\u00e9s de las 22 terminales a\u00e9reas que conforman la Red Aeroportuaria del Ecuador, indic\u00f3 la DGAC en un comunicado.<\/p>\n\n\n\n<p>La cifra de viajeros a\u00e9reos en el&nbsp;<strong>Servicio Regular<\/strong>&nbsp;fue de 1.224.001 (de los que 472.445 lo hicieron en vuelos nacionales y 751.556 en internacionales), mientras que en el Servicio No Regular se trasladaron a diferentes destinos 24.518 (20.280 entre localizaciones nacionales y 4.238 en internacionales).<\/p>\n\n\n\n<p>Por otra parte, en carga se movilizaron 78.239 toneladas, principalmente de flores, productos perecederos y correo, entre otros.<\/p>\n\n\n\n<p>En la actualidad cuatro compa\u00f1\u00edas presentan servicios de frecuencias nacionales, a saber:&nbsp;<strong>Latam Ecuador, Avianca Ecuador, Aeroregional y Equair<\/strong>, mientras que 32 cubren rutas de car\u00e1cter internacional de manera regular.<\/p>\n\n\n\n<p>En 2021, Ecuador registr\u00f3 3,9 millones de pasajeros que se movilizaron a trav\u00e9s del transporte a\u00e9reo, tanto en vuelos nacionales como internacionales, conforme a los datos oficiales de Aviaci\u00f3n Civil.<\/p>\n\n\n\n<p>Ese volumen se situ\u00f3 en un 62,5 %&nbsp;<strong>por encima de las estad\u00edsticas oficiales de 2020<\/strong>, a\u00f1o del inicio de la pandemia de covid-19, cuando se movilizaron en Ecuador 2,4 millones de pasajeros.<\/p>\n\n\n\n<p>A trav\u00e9s de las operaciones a\u00e9reas dom\u00e9sticas se transportaron 1,3 millones de pasajeros el a\u00f1o pasado, y a nivel internacional 2,6 millones de viajeros, mientras que en carga se movilizaron por v\u00eda \u00e1rea 316.002 toneladas.<\/p>\n\n\n\n<p>En el interior del pa\u00eds los usuarios del transporte a\u00e9reo viajaron principalmente a las tres principales ciudades del pa\u00eds:&nbsp;<strong>Quito, Guayaquil y Cuenca, adem\u00e1s de la localidad de Baltra<\/strong>, situada en las Islas Gal\u00e1pagos.<\/p>\n\n\n\n<p>En el \u00e1mbito internacional los destinos preferidos desde y hacia Ecuador fueron&nbsp;<strong>Panam\u00e1, Miami y Bogot\u00e1<\/strong>, y los productos de carga m\u00e1s transportados por las aeronaves fueron flores, correo y otros.<\/p>\n\n\n\n<p>En la regi\u00f3n andina, Ecuador fue de los primeros pa\u00edses en reanudar sus operaciones a\u00e9reas en plena pandemia y el 1 de junio de 2020 ten\u00eda el 25 % de las frecuencias autorizadas; a mediados de septiembre recuper\u00f3 el 100 % la actividad \u00e1rea nacional e internacional. (I)<\/p>\n\n\n\n<p>El Universo<\/p>\n\n\n\n<p><a href=\"https:\/\/www.eluniverso.com\/noticias\/economia\/a-que-ciudades-del-ecuador-llegaran-mas-vuelos-nacionales-e-internacionales-nota\/\"><\/a><\/p>\n","protected":false},"excerpt":{"rendered":"<p>Ecuador registr\u00f3 m\u00e1s de&nbsp;1,2 millones de pasajeros a\u00e9reos que se desplazaron&nbsp;tanto internamente como hacia y desde el exterior en el primer trimestre de 2022, inform\u00f3 este mi\u00e9rcoles la Direcci\u00f3n General de Aviaci\u00f3n Civil (DGAC). En los primeros tres meses de este a\u00f1o viajaron v\u00eda a\u00e9rea\u00a01.248.519 pasajeros en vuelos nacionales e internacionales, tanto de servicios regulares como no regulares, y a trav\u00e9s de las 22 terminales a\u00e9reas que conforman la Red Aeroportuaria del Ecuador, indic\u00f3 la DGAC en un comunicado. La cifra de viajeros a\u00e9reos en el&nbsp;Servicio Regular&nbsp;fue de 1.224.001 (de los que 472.445 lo hicieron en vuelos nacionales y 751.556 en internacionales), mientras que en el Servicio No Regular se trasladaron a diferentes destinos 24.518 (20.280 entre localizaciones nacionales y 4.238 en internacionales). Por otra parte, en carga se movilizaron 78.239 toneladas, principalmente de flores, productos perecederos y correo, entre otros. En la actualidad cuatro compa\u00f1\u00edas presentan servicios de frecuencias nacionales, a saber:&nbsp;Latam Ecuador, Avianca Ecuador, Aeroregional y Equair, mientras que 32 cubren rutas de car\u00e1cter internacional de manera regular. En 2021, Ecuador registr\u00f3 3,9 millones de pasajeros que se movilizaron a trav\u00e9s del transporte a\u00e9reo, tanto en vuelos nacionales como internacionales, conforme a los datos oficiales de Aviaci\u00f3n Civil. Ese volumen se situ\u00f3 en un 62,5 %&nbsp;por encima de las estad\u00edsticas oficiales de 2020, a\u00f1o del inicio de la pandemia de covid-19, cuando se movilizaron en Ecuador 2,4 millones de pasajeros. A trav\u00e9s de las operaciones a\u00e9reas dom\u00e9sticas se transportaron 1,3 millones de pasajeros el a\u00f1o pasado, y a nivel internacional 2,6 millones de viajeros, mientras que en carga se movilizaron por v\u00eda \u00e1rea 316.002 toneladas. En el interior del pa\u00eds los usuarios del transporte a\u00e9reo viajaron principalmente a las tres principales ciudades del pa\u00eds:&nbsp;Quito, Guayaquil y Cuenca, adem\u00e1s de la localidad de Baltra, situada en las Islas Gal\u00e1pagos. En el \u00e1mbito internacional los destinos preferidos desde y hacia Ecuador fueron&nbsp;Panam\u00e1, Miami y Bogot\u00e1, y los productos de carga m\u00e1s transportados por las aeronaves fueron flores, correo y otros. En la regi\u00f3n andina, Ecuador fue de los primeros pa\u00edses en reanudar sus operaciones a\u00e9reas en plena pandemia y el 1 de junio de 2020 ten\u00eda el 25 % de las frecuencias autorizadas; a mediados de septiembre recuper\u00f3 el 100 % la actividad \u00e1rea nacional e internacional. (I) El Universo<\/p>\n","protected":false},"author":1,"featured_media":3632,"comment_status":"open","ping_status":"open","sticky":false,"template":"","format":"standard","meta":{"footnotes":""},"categories":[268],"tags":[],"class_list":["post-3631","post","type-post","status-publish","format-standard","has-post-thumbnail","hentry","category-nacionales"],"_links":{"self":[{"href":"https:\/\/www.elamazonico.com\/portal\/wp-json\/wp\/v2\/posts\/3631","targetHints":{"allow":["GET"]}}],"collection":[{"href":"https:\/\/www.elamazonico.com\/portal\/wp-json\/wp\/v2\/posts"}],"about":[{"href":"https:\/\/www.elamazonico.com\/portal\/wp-json\/wp\/v2\/types\/post"}],"author":[{"embeddable":true,"href":"https:\/\/www.elamazonico.com\/portal\/wp-json\/wp\/v2\/users\/1"}],"replies":[{"embeddable":true,"href":"https:\/\/www.elamazonico.com\/portal\/wp-json\/wp\/v2\/comments?post=3631"}],"version-history":[{"count":1,"href":"https:\/\/www.elamazonico.com\/portal\/wp-json\/wp\/v2\/posts\/3631\/revisions"}],"predecessor-version":[{"id":3633,"href":"https:\/\/www.elamazonico.com\/portal\/wp-json\/wp\/v2\/posts\/3631\/revisions\/3633"}],"wp:featuredmedia":[{"embeddable":true,"href":"https:\/\/www.elamazonico.com\/portal\/wp-json\/wp\/v2\/media\/3632"}],"wp:attachment":[{"href":"https:\/\/www.elamazonico.com\/portal\/wp-json\/wp\/v2\/media?parent=3631"}],"wp:term":[{"taxonomy":"category","embeddable":true,"href":"https:\/\/www.elamazonico.com\/portal\/wp-json\/wp\/v2\/categories?post=3631"},{"taxonomy":"post_tag","embeddable":true,"href":"https:\/\/www.elamazonico.com\/portal\/wp-json\/wp\/v2\/tags?post=3631"}],"curies":[{"name":"wp","href":"https:\/\/api.w.org\/{rel}","templated":true}]}}