{"id":3625,"date":"2022-04-28T05:45:12","date_gmt":"2022-04-28T10:45:12","guid":{"rendered":"https:\/\/www.elamazonico.com\/portal\/?p=3625"},"modified":"2022-04-28T05:45:16","modified_gmt":"2022-04-28T10:45:16","slug":"pacientes-afiliados-al-iess-recibiran-dialisis-en-zamora","status":"publish","type":"post","link":"https:\/\/www.elamazonico.com\/portal\/pacientes-afiliados-al-iess-recibiran-dialisis-en-zamora\/","title":{"rendered":"Pacientes afiliados al IESS recibir\u00e1n di\u00e1lisis en Zamora"},"content":{"rendered":"\n<p>La alegr\u00eda de Vicente Vega, paciente con insuficiencia renal de Zamora Chinchipe, es el reflejo haber conseguido que este martes 26 de abril, el Instituto Ecuatoriano de Seguridad Social, (IESS) firme un convenio con el Prestador Externo PARCODIAL, para recibir sus sesiones de di\u00e1lisis&nbsp; en la ciudad de Zamora.<\/p>\n\n\n\n<p>Vega es uno de los 60 pacientes con insuficiencia renal afiliados al IESS en la provincia de Zamora Chinchipe y su criterio coincide con el de Marco Alde\u00e1n Rodr\u00edguez, que indica que&nbsp; <strong><em>\u201cha sido un real v\u00eda crusis el estar luchando para que nos den o\u00eddos\u201d.<\/em><\/strong><\/p>\n\n\n\n<p>Ellos manifiestan que, luego de varios meses de espera, por fin podr\u00e1n recibir su tratamiento en su provincia, evitando as\u00ed los gastos extras que implican viajar a la ciudad de Loja.<\/p>\n\n\n\n<p>Por ello su agradecimiento a la intervenci\u00f3n de la asamble\u00edsta Isabel Enrr\u00edquez, quien inmediatamente se puso a trabajar, una vez que conoci\u00f3 el caso, el pasado 14 de febrero del 2022, a trav\u00e9s de su alterno, Marco \u00cd\u00f1iguez.<\/p>\n\n\n\n<p>En este contexto y de acuerdo a sus funciones de seguimiento y fiscalizaci\u00f3n, la legisladora Enrr\u00edquez requiriri\u00f3 tres pedidos de informaci\u00f3n ante el IESS y se reuni\u00f3 en dos ocasiones con su Director del Seguro General de Salud en Quito, Augusto Rodr\u00edguez. As\u00ed mismo propici\u00f3 reuniones con autoridades regionales y locales de esta instituci\u00f3n. <strong><em>\u201cHemos trabajado desde el clamor de nuestros pacientes desde la urgencia y celebramos que el IESS les haya escuchado, concretando la firma del presente convenio\u201d,<\/em><\/strong> manifest\u00f3 la asamble\u00edsta.<\/p>\n\n\n\n<p><strong><em>\u201cHicimos la gesti\u00f3n con todas las autoridades de la provincia y no tuvimos eco, m\u00e1s bien la asamble\u00edsta con generosidad nos abri\u00f3 las puertas y gracias a eso se firm\u00f3 el convenio\u201d<\/em><\/strong>, indic\u00f3 Vicente Vega.<\/p>\n\n\n\n<p>Una vez firmado el convenio, los pacientes deber\u00e1n presentar la documentaci\u00f3n pertinente ante el Prestador Externo PARCODIAL, para inmediatamente proceder a recibir su tratamiento en la ciudad de Zamora.<\/p>\n","protected":false},"excerpt":{"rendered":"<p>La alegr\u00eda de Vicente Vega, paciente con insuficiencia renal de Zamora Chinchipe, es el reflejo haber conseguido que este martes 26 de abril, el Instituto Ecuatoriano de Seguridad Social, (IESS) firme un convenio con el Prestador Externo PARCODIAL, para recibir sus sesiones de di\u00e1lisis&nbsp; en la ciudad de Zamora. Vega es uno de los 60 pacientes con insuficiencia renal afiliados al IESS en la provincia de Zamora Chinchipe y su criterio coincide con el de Marco Alde\u00e1n Rodr\u00edguez, que indica que&nbsp; \u201cha sido un real v\u00eda crusis el estar luchando para que nos den o\u00eddos\u201d. Ellos manifiestan que, luego de varios meses de espera, por fin podr\u00e1n recibir su tratamiento en su provincia, evitando as\u00ed los gastos extras que implican viajar a la ciudad de Loja. Por ello su agradecimiento a la intervenci\u00f3n de la asamble\u00edsta Isabel Enrr\u00edquez, quien inmediatamente se puso a trabajar, una vez que conoci\u00f3 el caso, el pasado 14 de febrero del 2022, a trav\u00e9s de su alterno, Marco \u00cd\u00f1iguez. En este contexto y de acuerdo a sus funciones de seguimiento y fiscalizaci\u00f3n, la legisladora Enrr\u00edquez requiriri\u00f3 tres pedidos de informaci\u00f3n ante el IESS y se reuni\u00f3 en dos ocasiones con su Director del Seguro General de Salud en Quito, Augusto Rodr\u00edguez. As\u00ed mismo propici\u00f3 reuniones con autoridades regionales y locales de esta instituci\u00f3n. \u201cHemos trabajado desde el clamor de nuestros pacientes desde la urgencia y celebramos que el IESS les haya escuchado, concretando la firma del presente convenio\u201d, manifest\u00f3 la asamble\u00edsta. \u201cHicimos la gesti\u00f3n con todas las autoridades de la provincia y no tuvimos eco, m\u00e1s bien la asamble\u00edsta con generosidad nos abri\u00f3 las puertas y gracias a eso se firm\u00f3 el convenio\u201d, indic\u00f3 Vicente Vega. Una vez firmado el convenio, los pacientes deber\u00e1n presentar la documentaci\u00f3n pertinente ante el Prestador Externo PARCODIAL, para inmediatamente proceder a recibir su tratamiento en la ciudad de Zamora.<\/p>\n","protected":false},"author":1,"featured_media":3626,"comment_status":"open","ping_status":"open","sticky":false,"template":"","format":"standard","meta":{"footnotes":""},"categories":[243],"tags":[],"class_list":["post-3625","post","type-post","status-publish","format-standard","has-post-thumbnail","hentry","category-noticias-zamora"],"_links":{"self":[{"href":"https:\/\/www.elamazonico.com\/portal\/wp-json\/wp\/v2\/posts\/3625","targetHints":{"allow":["GET"]}}],"collection":[{"href":"https:\/\/www.elamazonico.com\/portal\/wp-json\/wp\/v2\/posts"}],"about":[{"href":"https:\/\/www.elamazonico.com\/portal\/wp-json\/wp\/v2\/types\/post"}],"author":[{"embeddable":true,"href":"https:\/\/www.elamazonico.com\/portal\/wp-json\/wp\/v2\/users\/1"}],"replies":[{"embeddable":true,"href":"https:\/\/www.elamazonico.com\/portal\/wp-json\/wp\/v2\/comments?post=3625"}],"version-history":[{"count":1,"href":"https:\/\/www.elamazonico.com\/portal\/wp-json\/wp\/v2\/posts\/3625\/revisions"}],"predecessor-version":[{"id":3627,"href":"https:\/\/www.elamazonico.com\/portal\/wp-json\/wp\/v2\/posts\/3625\/revisions\/3627"}],"wp:featuredmedia":[{"embeddable":true,"href":"https:\/\/www.elamazonico.com\/portal\/wp-json\/wp\/v2\/media\/3626"}],"wp:attachment":[{"href":"https:\/\/www.elamazonico.com\/portal\/wp-json\/wp\/v2\/media?parent=3625"}],"wp:term":[{"taxonomy":"category","embeddable":true,"href":"https:\/\/www.elamazonico.com\/portal\/wp-json\/wp\/v2\/categories?post=3625"},{"taxonomy":"post_tag","embeddable":true,"href":"https:\/\/www.elamazonico.com\/portal\/wp-json\/wp\/v2\/tags?post=3625"}],"curies":[{"name":"wp","href":"https:\/\/api.w.org\/{rel}","templated":true}]}}