{"id":3519,"date":"2022-04-18T20:06:35","date_gmt":"2022-04-19T01:06:35","guid":{"rendered":"https:\/\/www.elamazonico.com\/portal\/?p=3519"},"modified":"2022-04-18T20:06:38","modified_gmt":"2022-04-19T01:06:38","slug":"un-fallecido-en-la-carcel-de-loja-por-rina","status":"publish","type":"post","link":"https:\/\/www.elamazonico.com\/portal\/un-fallecido-en-la-carcel-de-loja-por-rina\/","title":{"rendered":"Un fallecido en la c\u00e1rcel de Loja por ri\u00f1a"},"content":{"rendered":"\n<p>Loja.- El interno muri\u00f3 por una hemorragia cerebral, luego de una ri\u00f1a con otros reos. Dos ser\u00edan los causantes de esta muerte violenta.<\/p>\n\n\n\n<p>La pelea se produjo el domingo 17 de abril, en la c\u00e1rcel de Loja, Pabell\u00f3n B, celda 6.<br>All\u00ed se enfrentaron a golpes Elvis Gonzalo G. C., de 22 a\u00f1os, Christian M. M., y Marvin C. G.<br>Sin embargo, la violencia se apoder\u00f3 de los 2 reclusos y atacaron a Elvis con una tabla. Los golpes provocaron un grave trauma craneoencef\u00e1lico y hemorragia, que le ocasion\u00f3 la muerte.<br><\/p>\n\n\n\n<p>Al Centro de Rehabilitaci\u00f3n Social acudieron agentes de la Unidad de Muertes Violentas de la Dinased, quienes ubicaron a los responsables de este homicidio y tambi\u00e9n el retiro de cad\u00e1ver. (I) Fuente: Primer Reporte<\/p>\n","protected":false},"excerpt":{"rendered":"<p>Loja.- El interno muri\u00f3 por una hemorragia cerebral, luego de una ri\u00f1a con otros reos. Dos ser\u00edan los causantes de esta muerte violenta. La pelea se produjo el domingo 17 de abril, en la c\u00e1rcel de Loja, Pabell\u00f3n B, celda 6.All\u00ed se enfrentaron a golpes Elvis Gonzalo G. C., de 22 a\u00f1os, Christian M. M., y Marvin C. G.Sin embargo, la violencia se apoder\u00f3 de los 2 reclusos y atacaron a Elvis con una tabla. Los golpes provocaron un grave trauma craneoencef\u00e1lico y hemorragia, que le ocasion\u00f3 la muerte. Al Centro de Rehabilitaci\u00f3n Social acudieron agentes de la Unidad de Muertes Violentas de la Dinased, quienes ubicaron a los responsables de este homicidio y tambi\u00e9n el retiro de cad\u00e1ver. (I) Fuente: Primer Reporte<\/p>\n","protected":false},"author":1,"featured_media":3520,"comment_status":"open","ping_status":"open","sticky":false,"template":"","format":"standard","meta":{"footnotes":""},"categories":[268],"tags":[],"class_list":["post-3519","post","type-post","status-publish","format-standard","has-post-thumbnail","hentry","category-nacionales"],"_links":{"self":[{"href":"https:\/\/www.elamazonico.com\/portal\/wp-json\/wp\/v2\/posts\/3519","targetHints":{"allow":["GET"]}}],"collection":[{"href":"https:\/\/www.elamazonico.com\/portal\/wp-json\/wp\/v2\/posts"}],"about":[{"href":"https:\/\/www.elamazonico.com\/portal\/wp-json\/wp\/v2\/types\/post"}],"author":[{"embeddable":true,"href":"https:\/\/www.elamazonico.com\/portal\/wp-json\/wp\/v2\/users\/1"}],"replies":[{"embeddable":true,"href":"https:\/\/www.elamazonico.com\/portal\/wp-json\/wp\/v2\/comments?post=3519"}],"version-history":[{"count":1,"href":"https:\/\/www.elamazonico.com\/portal\/wp-json\/wp\/v2\/posts\/3519\/revisions"}],"predecessor-version":[{"id":3521,"href":"https:\/\/www.elamazonico.com\/portal\/wp-json\/wp\/v2\/posts\/3519\/revisions\/3521"}],"wp:featuredmedia":[{"embeddable":true,"href":"https:\/\/www.elamazonico.com\/portal\/wp-json\/wp\/v2\/media\/3520"}],"wp:attachment":[{"href":"https:\/\/www.elamazonico.com\/portal\/wp-json\/wp\/v2\/media?parent=3519"}],"wp:term":[{"taxonomy":"category","embeddable":true,"href":"https:\/\/www.elamazonico.com\/portal\/wp-json\/wp\/v2\/categories?post=3519"},{"taxonomy":"post_tag","embeddable":true,"href":"https:\/\/www.elamazonico.com\/portal\/wp-json\/wp\/v2\/tags?post=3519"}],"curies":[{"name":"wp","href":"https:\/\/api.w.org\/{rel}","templated":true}]}}