{"id":3485,"date":"2022-04-15T20:37:11","date_gmt":"2022-04-16T01:37:11","guid":{"rendered":"https:\/\/www.elamazonico.com\/portal\/?p=3485"},"modified":"2022-04-15T20:37:17","modified_gmt":"2022-04-16T01:37:17","slug":"jueza-niega-habeas-corpus-a-carlos-pareja-yannuzzelli-pese-a-circunstancias-similares-a-las-del-caso-de-jorge-glas","status":"publish","type":"post","link":"https:\/\/www.elamazonico.com\/portal\/jueza-niega-habeas-corpus-a-carlos-pareja-yannuzzelli-pese-a-circunstancias-similares-a-las-del-caso-de-jorge-glas\/","title":{"rendered":"Jueza niega \u2018habeas corpus\u2019 a Carlos Pareja Yannuzzelli, pese a circunstancias similares a las del caso de Jorge Glas"},"content":{"rendered":"\n<p>Hace pocos minutos,<strong>&nbsp;la jueza neg\u00f3 el pedido de<\/strong><em><strong>&nbsp;habeas corpus<\/strong><\/em><strong>&nbsp;presentado por la defensa del exministro de Energ\u00eda y ex gerente de Petroecuador, Carlos Pareja Yannuzzelli.&nbsp;<\/strong>A trav\u00e9s de ese pedido se planteaba que Pareja Yannuzzelli recuperara de manera inmediata su libertad y posibilidad de movilizarse por el territorio nacional, aunque debiendo portar un grillete electr\u00f3nico o debiendo presentarse peri\u00f3dicamente, para as\u00ed, cumplir sus penas.<\/p>\n\n\n\n<p><strong>Sebasti\u00e1n Espinosa, abogado de Pareja Yannuzzelli, dijo que la negativa de la jueza se dio basada en una \u201cmotivaci\u00f3n escasa\u201d.\u00a0<\/strong>La jueza habr\u00eda mencionado que los legitimados pasivos (la parte estatal) hab\u00eda presentado la documentaci\u00f3n necesaria sobre que Pareja hab\u00eda recibido la atenci\u00f3n m\u00e9dica necesaria, y que esta establece que tiene ansiedad moderada, por lo que en definitiva se encuentra bien y no amerita el recurso.<\/p>\n\n\n\n<p>Frente a ello,&nbsp;<strong>el abogado Espinosa dijo que ya se le hizo conocer de manera verbal a la jueza que se presentar\u00e1 un recurso de apelaci\u00f3n sobre la decisi\u00f3n.&nbsp;<\/strong>Este caso, entonces deber\u00e1 ser tratado por la Corte Provincial. Adicionalmente, Espinosa dijo que presentar\u00e1n acciones penales en contra de los legitimados pasivos por uso de documento falso, falsedad ideol\u00f3gica y fraude procesal. Esto, porque aseguran que se habr\u00eda forjado un documento que conten\u00eda una supuesta atenci\u00f3n psicol\u00f3gica que no se habr\u00eda producido.<\/p>\n\n\n\n<p>Este<strong>\u00a0fue el desenlace de la audiencia de\u00a0<\/strong><em><strong>habeas corpus<\/strong><\/em><strong>\u00a0que se present\u00f3<\/strong>\u00a0por parte de Carlos Pareja, acusado de varios delitos, entre ellos: cohecho, enriquecimiento il\u00edcito, asociaci\u00f3n il\u00edcita, peculado, tr\u00e1fico de influencias. La audiencia se dio a las 11:30 de este viernes 15 de abril y tras escuchar a las partes, la jueza la suspendi\u00f3 hasta las 19:00 de hoy mismo.<\/p>\n\n\n\n<p>La defensa de<strong>&nbsp;Pareja hab\u00eda optado por la v\u00eda del<\/strong><em><strong>&nbsp;habeas corpus<\/strong><\/em><strong>&nbsp;considerando una serie de supuestas violaciones<\/strong>&nbsp;a los derechos de su cliente, especialmente relacionados con la falta de atenci\u00f3n a sus problemas psiqui\u00e1tricos (que le han llevado a dos intentos de suicidio) y a problemas como diabetes, hipertensi\u00f3n, entre otros.<\/p>\n\n\n\n<p><strong>Pero adem\u00e1s, basado en lo sucedido hace pocos d\u00edas con el caso del ex vicepresidente Jorge Glas,\u00a0<\/strong>que obtuvo la salida de la c\u00e1rcel interponiendo un habeas corpus aceptado por un juez de Manglar Alto, que ha generado un precedente. El abogado hab\u00eda pedido en la audiencia aplicar el principio \u201cstare decisis\u201d (estar a lo decidido) teniendo en cuenta las similitudes con el caso de Jorge Glas. Pero dicho argumento no fue acogido.<\/p>\n\n\n\n<figure class=\"wp-block-embed is-type-rich is-provider-twitter wp-block-embed-twitter\"><div class=\"wp-block-embed__wrapper\">\n<blockquote class=\"twitter-tweet\" data-width=\"550\" data-dnt=\"true\"><p lang=\"es\" dir=\"ltr\">Ahora q tenemos su atenci\u00f3n, ser\u00eda bueno q respondan:<br>1. Ya encontraron la cooperaci\u00f3n eficaz q firm\u00f3 Pareja Iannuzzelli y q dicen q no existe?<br>2. Ahora si Har\u00e1n caso a un sinn\u00famero de cartas presentadas por Pareja Iannuzzelli entregando informaci\u00f3n de una <a href=\"https:\/\/t.co\/oS84dB7vXh\">https:\/\/t.co\/oS84dB7vXh<\/a><\/p>&mdash; Sebasti\u00e1n Espinosa Ruiz (@ronnysebas) <a href=\"https:\/\/twitter.com\/ronnysebas\/status\/1515124153577353216?ref_src=twsrc%5Etfw\">April 16, 2022<\/a><\/blockquote><script async src=\"https:\/\/platform.twitter.com\/widgets.js\" charset=\"utf-8\"><\/script>\n<\/div><\/figure>\n\n\n\n<p>Durante la audiencia, Carlos Pareja Yannuzzelli record\u00f3 a las autoridades que est\u00e1 dispuesto a colaborar con la justicia y con el pa\u00eds para dar informaci\u00f3n sobre casos de corrupci\u00f3n. Asegura que \u00e9l firm\u00f3 un acuerdo de colaboraci\u00f3n eficaz que el Estado ha incumplido. En esos mismos t\u00e9rminos se pronunci\u00f3 el abogado de Pareja, al responder a un comunicado que hab\u00eda presentado la Fiscal\u00eda, en el cual se mostraba preocupada por la posible impunidad en los casos que ha investigado en contra del sentenciado. (I) Fuente: El Universo<\/p>\n","protected":false},"excerpt":{"rendered":"<p>Hace pocos minutos,&nbsp;la jueza neg\u00f3 el pedido de&nbsp;habeas corpus&nbsp;presentado por la defensa del exministro de Energ\u00eda y ex gerente de Petroecuador, Carlos Pareja Yannuzzelli.&nbsp;A trav\u00e9s de ese pedido se planteaba que Pareja Yannuzzelli recuperara de manera inmediata su libertad y posibilidad de movilizarse por el territorio nacional, aunque debiendo portar un grillete electr\u00f3nico o debiendo presentarse peri\u00f3dicamente, para as\u00ed, cumplir sus penas. Sebasti\u00e1n Espinosa, abogado de Pareja Yannuzzelli, dijo que la negativa de la jueza se dio basada en una \u201cmotivaci\u00f3n escasa\u201d.\u00a0La jueza habr\u00eda mencionado que los legitimados pasivos (la parte estatal) hab\u00eda presentado la documentaci\u00f3n necesaria sobre que Pareja hab\u00eda recibido la atenci\u00f3n m\u00e9dica necesaria, y que esta establece que tiene ansiedad moderada, por lo que en definitiva se encuentra bien y no amerita el recurso. Frente a ello,&nbsp;el abogado Espinosa dijo que ya se le hizo conocer de manera verbal a la jueza que se presentar\u00e1 un recurso de apelaci\u00f3n sobre la decisi\u00f3n.&nbsp;Este caso, entonces deber\u00e1 ser tratado por la Corte Provincial. Adicionalmente, Espinosa dijo que presentar\u00e1n acciones penales en contra de los legitimados pasivos por uso de documento falso, falsedad ideol\u00f3gica y fraude procesal. Esto, porque aseguran que se habr\u00eda forjado un documento que conten\u00eda una supuesta atenci\u00f3n psicol\u00f3gica que no se habr\u00eda producido. Este\u00a0fue el desenlace de la audiencia de\u00a0habeas corpus\u00a0que se present\u00f3\u00a0por parte de Carlos Pareja, acusado de varios delitos, entre ellos: cohecho, enriquecimiento il\u00edcito, asociaci\u00f3n il\u00edcita, peculado, tr\u00e1fico de influencias. La audiencia se dio a las 11:30 de este viernes 15 de abril y tras escuchar a las partes, la jueza la suspendi\u00f3 hasta las 19:00 de hoy mismo. La defensa de&nbsp;Pareja hab\u00eda optado por la v\u00eda del&nbsp;habeas corpus&nbsp;considerando una serie de supuestas violaciones&nbsp;a los derechos de su cliente, especialmente relacionados con la falta de atenci\u00f3n a sus problemas psiqui\u00e1tricos (que le han llevado a dos intentos de suicidio) y a problemas como diabetes, hipertensi\u00f3n, entre otros. Pero adem\u00e1s, basado en lo sucedido hace pocos d\u00edas con el caso del ex vicepresidente Jorge Glas,\u00a0que obtuvo la salida de la c\u00e1rcel interponiendo un habeas corpus aceptado por un juez de Manglar Alto, que ha generado un precedente. El abogado hab\u00eda pedido en la audiencia aplicar el principio \u201cstare decisis\u201d (estar a lo decidido) teniendo en cuenta las similitudes con el caso de Jorge Glas. Pero dicho argumento no fue acogido. Durante la audiencia, Carlos Pareja Yannuzzelli record\u00f3 a las autoridades que est\u00e1 dispuesto a colaborar con la justicia y con el pa\u00eds para dar informaci\u00f3n sobre casos de corrupci\u00f3n. Asegura que \u00e9l firm\u00f3 un acuerdo de colaboraci\u00f3n eficaz que el Estado ha incumplido. En esos mismos t\u00e9rminos se pronunci\u00f3 el abogado de Pareja, al responder a un comunicado que hab\u00eda presentado la Fiscal\u00eda, en el cual se mostraba preocupada por la posible impunidad en los casos que ha investigado en contra del sentenciado. (I) Fuente: El Universo<\/p>\n","protected":false},"author":1,"featured_media":3486,"comment_status":"open","ping_status":"open","sticky":false,"template":"","format":"standard","meta":{"footnotes":""},"categories":[268],"tags":[],"class_list":["post-3485","post","type-post","status-publish","format-standard","has-post-thumbnail","hentry","category-nacionales"],"_links":{"self":[{"href":"https:\/\/www.elamazonico.com\/portal\/wp-json\/wp\/v2\/posts\/3485","targetHints":{"allow":["GET"]}}],"collection":[{"href":"https:\/\/www.elamazonico.com\/portal\/wp-json\/wp\/v2\/posts"}],"about":[{"href":"https:\/\/www.elamazonico.com\/portal\/wp-json\/wp\/v2\/types\/post"}],"author":[{"embeddable":true,"href":"https:\/\/www.elamazonico.com\/portal\/wp-json\/wp\/v2\/users\/1"}],"replies":[{"embeddable":true,"href":"https:\/\/www.elamazonico.com\/portal\/wp-json\/wp\/v2\/comments?post=3485"}],"version-history":[{"count":1,"href":"https:\/\/www.elamazonico.com\/portal\/wp-json\/wp\/v2\/posts\/3485\/revisions"}],"predecessor-version":[{"id":3487,"href":"https:\/\/www.elamazonico.com\/portal\/wp-json\/wp\/v2\/posts\/3485\/revisions\/3487"}],"wp:featuredmedia":[{"embeddable":true,"href":"https:\/\/www.elamazonico.com\/portal\/wp-json\/wp\/v2\/media\/3486"}],"wp:attachment":[{"href":"https:\/\/www.elamazonico.com\/portal\/wp-json\/wp\/v2\/media?parent=3485"}],"wp:term":[{"taxonomy":"category","embeddable":true,"href":"https:\/\/www.elamazonico.com\/portal\/wp-json\/wp\/v2\/categories?post=3485"},{"taxonomy":"post_tag","embeddable":true,"href":"https:\/\/www.elamazonico.com\/portal\/wp-json\/wp\/v2\/tags?post=3485"}],"curies":[{"name":"wp","href":"https:\/\/api.w.org\/{rel}","templated":true}]}}