{"id":3482,"date":"2022-04-15T09:38:31","date_gmt":"2022-04-15T14:38:31","guid":{"rendered":"https:\/\/www.elamazonico.com\/portal\/?p=3482"},"modified":"2022-04-15T09:38:34","modified_gmt":"2022-04-15T14:38:34","slug":"asi-fue-el-hallazgo-del-cadaver-de-don-naza-en-la-parroquia-amaguana-en-el-suroriente-de-quito-estaba-atado-de-manos","status":"publish","type":"post","link":"https:\/\/www.elamazonico.com\/portal\/asi-fue-el-hallazgo-del-cadaver-de-don-naza-en-la-parroquia-amaguana-en-el-suroriente-de-quito-estaba-atado-de-manos\/","title":{"rendered":"As\u00ed fue el hallazgo del cad\u00e1ver de \u2018Don Naza\u2019 en la parroquia Amagua\u00f1a, en el suroriente de Quito; estaba atado de manos"},"content":{"rendered":"\n<p>Cerca de las 06:30 del jueves 14 de abril, \u00c1ngel Iza sub\u00eda como cada ma\u00f1ana a cuidar el ganado vacuno que tiene en la v\u00eda al volc\u00e1n Pasochoa, a diez minutos de la parroquia Amagua\u00f1a, ubicada en el suroriente de Quito. En el camino de tercer orden, entre tierra y empedrado, detuvo su marcha al percatarse de la presencia de un cuerpo cruzado en el trayecto.<\/p>\n\n\n\n<p>\u201cEl cuerpo ha estado en la calle. Llam\u00e9 a otro compa\u00f1ero que tiene arriba el ganado (vacas), y ah\u00ed dimos el parte a la Polic\u00eda. (\u2026) Estaba atado de manos, botado al piso, sin camiseta\u201d, expres\u00f3 el habitante de la zona.<\/p>\n\n\n\n<p>La polic\u00eda acudi\u00f3 al lugar para verificar la emergencia reportada y se dio el aviso a las entidades de investigaci\u00f3n. Una hora m\u00e1s tarde, en caravana empezaron a llegar los veh\u00edculos con agentes policiales, que acordonaron la zona.<\/p>\n\n\n\n<p>Seg\u00fan el informe preliminar de la instituci\u00f3n, \u201cun ciudadano afroecuatoriano se encontraba en posici\u00f3n de c\u00fabito dorsal, tendido sobre la v\u00eda, maniatado con una cuerda verde (\u2026); al parecer, presenta heridas de arma blanca\u201d.<\/p>\n\n\n\n<figure class=\"wp-block-embed is-type-video is-provider-youtube wp-block-embed-youtube wp-embed-aspect-16-9 wp-has-aspect-ratio\"><div class=\"wp-block-embed__wrapper\">\n<iframe title=\"El cuerpo de Miguel \u00c1ngel Nazareno fue hallado este jueves en Amagua\u00f1a, Quito\" width=\"740\" height=\"416\" src=\"https:\/\/www.youtube.com\/embed\/NJI_K7D1w3M?feature=oembed\" frameborder=\"0\" allow=\"accelerometer; autoplay; clipboard-write; encrypted-media; gyroscope; picture-in-picture\" allowfullscreen><\/iframe>\n<\/div><\/figure>\n\n\n\n<figure class=\"wp-block-embed is-type-rich is-provider-twitter wp-block-embed-twitter\"><div class=\"wp-block-embed__wrapper\">\n<blockquote class=\"twitter-tweet\" data-width=\"550\" data-dnt=\"true\"><p lang=\"es\" dir=\"ltr\"><a href=\"https:\/\/twitter.com\/hashtag\/AHORA?src=hash&amp;ref_src=twsrc%5Etfw\">#AHORA<\/a> | En relaci\u00f3n al ciudadano Miguel \u00c1ngel N., procesado por captaci\u00f3n ilegal de dinero a trav\u00e9s de <a href=\"https:\/\/twitter.com\/hashtag\/BigMoney?src=hash&amp;ref_src=twsrc%5Etfw\">#BigMoney<\/a> y presuntamente asesinado hoy, <a href=\"https:\/\/twitter.com\/hashtag\/Fiscal%C3%ADaEc?src=hash&amp;ref_src=twsrc%5Etfw\">#Fiscal\u00edaEc<\/a> informa sobre las investigaciones abiertas en su contra y las primeras diligencias alrededor de su deceso. Comunicado \u2b07\ufe0f <a href=\"https:\/\/t.co\/ClhBVJGbhb\">pic.twitter.com\/ClhBVJGbhb<\/a><\/p>&mdash; Fiscal\u00eda Ecuador (@FiscaliaEcuador) <a href=\"https:\/\/twitter.com\/FiscaliaEcuador\/status\/1514694533325410313?ref_src=twsrc%5Etfw\">April 14, 2022<\/a><\/blockquote><script async src=\"https:\/\/platform.twitter.com\/widgets.js\" charset=\"utf-8\"><\/script>\n<\/div><\/figure>\n\n\n\n<p>Despu\u00e9s se confirm\u00f3 que se trataba de Miguel \u00c1ngel Nazareno, conocido como&nbsp;<em>Don Naza<\/em>, principal promotor de la plataforma de captaci\u00f3n de dinero Big Money.<\/p>\n\n\n\n<p>M\u00e1s de tres horas le llev\u00f3 a los agentes de Criminal\u00edstica realizar el levantamiento de evidencias previo al levantamiento del cad\u00e1ver. Pasadas las 13:30, el veh\u00edculo de Medicina Legal abandon\u00f3 el lugar con el cuerpo en su interior.<\/p>\n\n\n\n<p>La Polic\u00eda Nacional emiti\u00f3 un documento en el cual ofrecieron colaborar en las investigaciones que dispongan los \u00f3rganos competentes para esclarecer las circunstancias de este hecho.\u00a0<strong>(I)<\/strong> Fuente: El Universo<\/p>\n","protected":false},"excerpt":{"rendered":"<p>Cerca de las 06:30 del jueves 14 de abril, \u00c1ngel Iza sub\u00eda como cada ma\u00f1ana a cuidar el ganado vacuno que tiene en la v\u00eda al volc\u00e1n Pasochoa, a diez minutos de la parroquia Amagua\u00f1a, ubicada en el suroriente de Quito. En el camino de tercer orden, entre tierra y empedrado, detuvo su marcha al percatarse de la presencia de un cuerpo cruzado en el trayecto. \u201cEl cuerpo ha estado en la calle. Llam\u00e9 a otro compa\u00f1ero que tiene arriba el ganado (vacas), y ah\u00ed dimos el parte a la Polic\u00eda. (\u2026) Estaba atado de manos, botado al piso, sin camiseta\u201d, expres\u00f3 el habitante de la zona. La polic\u00eda acudi\u00f3 al lugar para verificar la emergencia reportada y se dio el aviso a las entidades de investigaci\u00f3n. Una hora m\u00e1s tarde, en caravana empezaron a llegar los veh\u00edculos con agentes policiales, que acordonaron la zona. Seg\u00fan el informe preliminar de la instituci\u00f3n, \u201cun ciudadano afroecuatoriano se encontraba en posici\u00f3n de c\u00fabito dorsal, tendido sobre la v\u00eda, maniatado con una cuerda verde (\u2026); al parecer, presenta heridas de arma blanca\u201d. Despu\u00e9s se confirm\u00f3 que se trataba de Miguel \u00c1ngel Nazareno, conocido como&nbsp;Don Naza, principal promotor de la plataforma de captaci\u00f3n de dinero Big Money. M\u00e1s de tres horas le llev\u00f3 a los agentes de Criminal\u00edstica realizar el levantamiento de evidencias previo al levantamiento del cad\u00e1ver. Pasadas las 13:30, el veh\u00edculo de Medicina Legal abandon\u00f3 el lugar con el cuerpo en su interior. La Polic\u00eda Nacional emiti\u00f3 un documento en el cual ofrecieron colaborar en las investigaciones que dispongan los \u00f3rganos competentes para esclarecer las circunstancias de este hecho.\u00a0(I) Fuente: El Universo<\/p>\n","protected":false},"author":1,"featured_media":3483,"comment_status":"open","ping_status":"open","sticky":false,"template":"","format":"standard","meta":{"footnotes":""},"categories":[268],"tags":[],"class_list":["post-3482","post","type-post","status-publish","format-standard","has-post-thumbnail","hentry","category-nacionales"],"_links":{"self":[{"href":"https:\/\/www.elamazonico.com\/portal\/wp-json\/wp\/v2\/posts\/3482","targetHints":{"allow":["GET"]}}],"collection":[{"href":"https:\/\/www.elamazonico.com\/portal\/wp-json\/wp\/v2\/posts"}],"about":[{"href":"https:\/\/www.elamazonico.com\/portal\/wp-json\/wp\/v2\/types\/post"}],"author":[{"embeddable":true,"href":"https:\/\/www.elamazonico.com\/portal\/wp-json\/wp\/v2\/users\/1"}],"replies":[{"embeddable":true,"href":"https:\/\/www.elamazonico.com\/portal\/wp-json\/wp\/v2\/comments?post=3482"}],"version-history":[{"count":1,"href":"https:\/\/www.elamazonico.com\/portal\/wp-json\/wp\/v2\/posts\/3482\/revisions"}],"predecessor-version":[{"id":3484,"href":"https:\/\/www.elamazonico.com\/portal\/wp-json\/wp\/v2\/posts\/3482\/revisions\/3484"}],"wp:featuredmedia":[{"embeddable":true,"href":"https:\/\/www.elamazonico.com\/portal\/wp-json\/wp\/v2\/media\/3483"}],"wp:attachment":[{"href":"https:\/\/www.elamazonico.com\/portal\/wp-json\/wp\/v2\/media?parent=3482"}],"wp:term":[{"taxonomy":"category","embeddable":true,"href":"https:\/\/www.elamazonico.com\/portal\/wp-json\/wp\/v2\/categories?post=3482"},{"taxonomy":"post_tag","embeddable":true,"href":"https:\/\/www.elamazonico.com\/portal\/wp-json\/wp\/v2\/tags?post=3482"}],"curies":[{"name":"wp","href":"https:\/\/api.w.org\/{rel}","templated":true}]}}