{"id":34107,"date":"2026-09-06T00:58:53","date_gmt":"2026-09-06T05:58:53","guid":{"rendered":"https:\/\/www.elamazonico.com\/portal\/?p=34107"},"modified":"2026-09-06T00:59:08","modified_gmt":"2026-09-06T05:59:08","slug":"por-que-avianca-cancelo-una-reserva-de-gustavo-petro-para-viajar-de-colombia-a-mexico-el-pasaje-fue-comprado-en-efectivo-en-ecuador","status":"publish","type":"post","link":"https:\/\/www.elamazonico.com\/portal\/por-que-avianca-cancelo-una-reserva-de-gustavo-petro-para-viajar-de-colombia-a-mexico-el-pasaje-fue-comprado-en-efectivo-en-ecuador\/","title":{"rendered":"\u00bfPor qu\u00e9 Avianca cancel\u00f3 una reserva de Gustavo Petro para viajar de Colombia a M\u00e9xico? El pasaje fue comprado en efectivo en Ecuador"},"content":{"rendered":"<p>D\u00edas antes de que el expresidente colombiano Gustavo Petro viaje a M\u00e9xico, en donde se reuni\u00f3 con el exmandatario Rafael Correa,\u00a0la aerol\u00ednea Avianca hab\u00eda cancelado\u00a0sus tiquetes para viajar entre Bogot\u00e1 y Ciudad de M\u00e9xico.<\/p>\n<p>Los pasajes fueron comprados a trav\u00e9s de una agencia de viajes de Ecuador. El vuelo de ida estaba previsto para el 30 de agosto de 2026 y el de regreso a Colombia para el 2 de septiembre. Pero el 24 de agosto, Petro recibi\u00f3 una carta de la aerol\u00ednea en la que la informaba sobre la cancelaci\u00f3n de los pasajes.<\/p>\n<p>La reserva realizada por la agencia de viajes ecuatoriana era para tres personas, pero la cancelaci\u00f3n \u00fanicamente fue para Petro, seg\u00fan consta en la carta de Avianca.<\/p>\n<p>\u00bfCu\u00e1l fue la raz\u00f3n de la cancelaci\u00f3n de los tiquetes de Petro? El origen del problema est\u00e1 en una sanci\u00f3n que aplic\u00f3 la Oficina de Control de Activos Extranjeros (OFAC) al expresidente colombiano el a\u00f1o pasado.<\/p>\n<p>\u00abSoy libre\u00bb: Gustavo Petro obtiene autorizaci\u00f3n del Senado para salir de Colombia<br \/>\nLa aerol\u00ednea colombiana justific\u00f3 que, al tener operaciones comerciales en Estados Unidos, est\u00e1 sujeta a las regulaciones de sanciones econ\u00f3micas de la OFAC, que pertenece al Departamento del Tesoro.<\/p>\n<p>\u00abDichas regulaciones proh\u00edben a las personas y entidades que, como Avianca, tienen v\u00ednculos econ\u00f3micos y financieros con los Estados Unidos de Am\u00e9rica, realizar transacciones, incluida la prestaci\u00f3n de servicios a favor de cualquier persona cuyos bienes e intereses se encuentren bloqueados por figurar en la Lista de Nacionales Especialmente Designados y Personas Bloqueadas\u00bb, como es el caso de Petro, argument\u00f3 Avianca en su carta.<\/p>\n<p>La aerol\u00ednea colombiana a\u00f1ade que la cancelaci\u00f3n de los pasajes se dio \u00abcon el \u00fanico fin de dar cumplimiento a esta regulaci\u00f3n\u00bb.<\/p>\n<p>Los ticketes de avi\u00f3n fueron comprados en efectivo, por lo que la aerol\u00ednea solicita a Gustavo Petro los datos de la cuenta bancaria de la persona que realiz\u00f3 la compra a trav\u00e9s de la agencia de viajes de Ecuador para realizar el reembolso del dinero.<\/p>\n<p>Petro no hab\u00eda hecho p\u00fablico el indicente, hasta cuando los medios colombianos difundieron la noticia esta semana. El 4 de septiembe, en su cuenta de X, el exmandatario colombiano responde a Avianca que \u00abla ley OFAC es una sanci\u00f3n administrativa que se coloca s\u00f3lo sobre personas de los EE.UU.\u00bb<\/p>\n<p>A\u00f1ade que\u00a0Avianca no es una empresa de los Estados Unidos , por lo que, \u00abal negar el tiquete, cometi\u00f3 una arbitrariedad bajo las leyes colombianas. Y afirma que \u00abse trata de una exclusi\u00f3n por razones politicas\u00bb.<\/p>\n<p>Gustavo Petro pide a Donald Trump que apoye su salida de la &#8216;Lista Clinton&#8217;: \u00abMe prometi\u00f3 actuar en el tema\u00bb<br \/>\nLa aerol\u00ednea Avianca hizo posteriormente un pronunciamiento p\u00fablico.\u00a0 \u201cNuestra relaci\u00f3n con el pa\u00eds y sus gobernantes trasciende cualquier coyuntura y la presente medida es de car\u00e1cter puramente legal, ajena a cualquier consideraci\u00f3n o criterio de Avianca\u201d, seg\u00fan cita El Tiempo de Bogot\u00e1. <strong>Fuente: Primicias<\/strong><\/p>\n","protected":false},"excerpt":{"rendered":"<p>D\u00edas antes de que el expresidente colombiano Gustavo Petro viaje a M\u00e9xico, en donde se reuni\u00f3 con el exmandatario Rafael Correa,\u00a0la aerol\u00ednea Avianca hab\u00eda cancelado\u00a0sus tiquetes para viajar entre Bogot\u00e1 y Ciudad de M\u00e9xico. Los pasajes fueron comprados a trav\u00e9s de una agencia de viajes de Ecuador. El vuelo de ida estaba previsto para el 30 de agosto de 2026 y el de regreso a Colombia para el 2 de septiembre. Pero el 24 de agosto, Petro recibi\u00f3 una carta de la aerol\u00ednea en la que la informaba sobre la cancelaci\u00f3n de los pasajes. La reserva realizada por la agencia de viajes ecuatoriana era para tres personas, pero la cancelaci\u00f3n \u00fanicamente fue para Petro, seg\u00fan consta en la carta de Avianca. \u00bfCu\u00e1l fue la raz\u00f3n de la cancelaci\u00f3n de los tiquetes de Petro? El origen del problema est\u00e1 en una sanci\u00f3n que aplic\u00f3 la Oficina de Control de Activos Extranjeros (OFAC) al expresidente colombiano el a\u00f1o pasado. \u00abSoy libre\u00bb: Gustavo Petro obtiene autorizaci\u00f3n del Senado para salir de Colombia La aerol\u00ednea colombiana justific\u00f3 que, al tener operaciones comerciales en Estados Unidos, est\u00e1 sujeta a las regulaciones de sanciones econ\u00f3micas de la OFAC, que pertenece al Departamento del Tesoro. \u00abDichas regulaciones proh\u00edben a las personas y entidades que, como Avianca, tienen v\u00ednculos econ\u00f3micos y financieros con los Estados Unidos de Am\u00e9rica, realizar transacciones, incluida la prestaci\u00f3n de servicios a favor de cualquier persona cuyos bienes e intereses se encuentren bloqueados por figurar en la Lista de Nacionales Especialmente Designados y Personas Bloqueadas\u00bb, como es el caso de Petro, argument\u00f3 Avianca en su carta. La aerol\u00ednea colombiana a\u00f1ade que la cancelaci\u00f3n de los pasajes se dio \u00abcon el \u00fanico fin de dar cumplimiento a esta regulaci\u00f3n\u00bb. Los ticketes de avi\u00f3n fueron comprados en efectivo, por lo que la aerol\u00ednea solicita a Gustavo Petro los datos de la cuenta bancaria de la persona que realiz\u00f3 la compra a trav\u00e9s de la agencia de viajes de Ecuador para realizar el reembolso del dinero. Petro no hab\u00eda hecho p\u00fablico el indicente, hasta cuando los medios colombianos difundieron la noticia esta semana. El 4 de septiembe, en su cuenta de X, el exmandatario colombiano responde a Avianca que \u00abla ley OFAC es una sanci\u00f3n administrativa que se coloca s\u00f3lo sobre personas de los EE.UU.\u00bb A\u00f1ade que\u00a0Avianca no es una empresa de los Estados Unidos , por lo que, \u00abal negar el tiquete, cometi\u00f3 una arbitrariedad bajo las leyes colombianas. Y afirma que \u00abse trata de una exclusi\u00f3n por razones politicas\u00bb. Gustavo Petro pide a Donald Trump que apoye su salida de la &#8216;Lista Clinton&#8217;: \u00abMe prometi\u00f3 actuar en el tema\u00bb La aerol\u00ednea Avianca hizo posteriormente un pronunciamiento p\u00fablico.\u00a0 \u201cNuestra relaci\u00f3n con el pa\u00eds y sus gobernantes trasciende cualquier coyuntura y la presente medida es de car\u00e1cter puramente legal, ajena a cualquier consideraci\u00f3n o criterio de Avianca\u201d, seg\u00fan cita El Tiempo de Bogot\u00e1. Fuente: Primicias<\/p>\n","protected":false},"author":1,"featured_media":34108,"comment_status":"closed","ping_status":"closed","sticky":false,"template":"","format":"standard","meta":{"footnotes":""},"categories":[268],"tags":[],"class_list":["post-34107","post","type-post","status-publish","format-standard","has-post-thumbnail","hentry","category-nacionales"],"_links":{"self":[{"href":"https:\/\/www.elamazonico.com\/portal\/wp-json\/wp\/v2\/posts\/34107","targetHints":{"allow":["GET"]}}],"collection":[{"href":"https:\/\/www.elamazonico.com\/portal\/wp-json\/wp\/v2\/posts"}],"about":[{"href":"https:\/\/www.elamazonico.com\/portal\/wp-json\/wp\/v2\/types\/post"}],"author":[{"embeddable":true,"href":"https:\/\/www.elamazonico.com\/portal\/wp-json\/wp\/v2\/users\/1"}],"replies":[{"embeddable":true,"href":"https:\/\/www.elamazonico.com\/portal\/wp-json\/wp\/v2\/comments?post=34107"}],"version-history":[{"count":1,"href":"https:\/\/www.elamazonico.com\/portal\/wp-json\/wp\/v2\/posts\/34107\/revisions"}],"predecessor-version":[{"id":34109,"href":"https:\/\/www.elamazonico.com\/portal\/wp-json\/wp\/v2\/posts\/34107\/revisions\/34109"}],"wp:featuredmedia":[{"embeddable":true,"href":"https:\/\/www.elamazonico.com\/portal\/wp-json\/wp\/v2\/media\/34108"}],"wp:attachment":[{"href":"https:\/\/www.elamazonico.com\/portal\/wp-json\/wp\/v2\/media?parent=34107"}],"wp:term":[{"taxonomy":"category","embeddable":true,"href":"https:\/\/www.elamazonico.com\/portal\/wp-json\/wp\/v2\/categories?post=34107"},{"taxonomy":"post_tag","embeddable":true,"href":"https:\/\/www.elamazonico.com\/portal\/wp-json\/wp\/v2\/tags?post=34107"}],"curies":[{"name":"wp","href":"https:\/\/api.w.org\/{rel}","templated":true}]}}