{"id":34101,"date":"2026-09-04T15:03:24","date_gmt":"2026-09-04T20:03:24","guid":{"rendered":"https:\/\/www.elamazonico.com\/portal\/?p=34101"},"modified":"2026-09-04T15:03:24","modified_gmt":"2026-09-04T20:03:24","slug":"noboa-y-mulino-impulsan-acuerdo-comercial-y-cooperacion-ecuador-analiza-comprar-energia-a-panama","status":"publish","type":"post","link":"https:\/\/www.elamazonico.com\/portal\/noboa-y-mulino-impulsan-acuerdo-comercial-y-cooperacion-ecuador-analiza-comprar-energia-a-panama\/","title":{"rendered":"Noboa y Mulino impulsan acuerdo comercial y cooperaci\u00f3n: Ecuador analiza comprar energ\u00eda a Panam\u00e1"},"content":{"rendered":"<div class=\"paragraph texto\">\n<p class=\"p_0\">Los presidentes de Ecuador,\u00a0<b><a href=\"https:\/\/www.vistazo.com\/actualidad\/2026-08-28-presidente-daniel-noboa-reforma-iess-vender-usd-2-000-millones-activos-ociosos-ecuador-LI11195358\">Daniel Noboa<\/a><\/b>, y de Panam\u00e1,\u00a0<b>Jos\u00e9 Ra\u00fal Mulino<\/b>, mantuvieron este viernes 4 de septiembre una reuni\u00f3n bilateral en Guayaquil para fortalecer las relaciones entre ambos pa\u00edses.<\/p>\n<p class=\"p_2\">Seg\u00fan inform\u00f3 la Presidencia, los mandatarios avanzaron en una agenda enfocada en\u00a0<u>comercio, inversi\u00f3n, empleo, energ\u00eda, cooperaci\u00f3n en seguridad e intercambio de informaci\u00f3n tributaria.<\/u><\/p>\n<p class=\"p_3\">La lucha contra el crimen organizado transnacional tambi\u00e9n form\u00f3 parte del encuentro. Adem\u00e1s, Ecuador busca consolidar a Panam\u00e1 como un\u00a0<b>centro estrat\u00e9gico<\/b> para la distribuci\u00f3n y comercializaci\u00f3n de productos ecuatorianos.<\/p>\n<p class=\"p_4\">Sobre la visita oficial de Jos\u00e9 Ra\u00fal Mulino, Noboa tambi\u00e9n adelant\u00f3 que Ecuador busca fortalecer la cooperaci\u00f3n bilateral en\u00a0<b>energ\u00eda<\/b> y lucha contra el crimen organizado, adem\u00e1s de ampliar el intercambio de informaci\u00f3n entre ambos pa\u00edses.<\/p>\n<p class=\"p_6\">En una entrevista con radio i99, Noboa mencion\u00f3 el tema energ\u00e9tico y apunt\u00f3 que Panam\u00e1 se est\u00e1\u00a0<b>interconectando<\/b>\u00a0con Colombia \u00aby Colombia en s\u00ed con Ecuador.\u00a0<u>Panam\u00e1 nos puede vender a nosotros energ\u00eda<\/u>\u00ab.<\/p>\n<p class=\"p_7\">\u00abEllos exportan energ\u00eda, tienen un caso similar a Paraguay, que tienen un super\u00e1vit de energ\u00eda todo el tiempo y hay momentos en el cual ellos tienen excedentes a muy\u00a0<b>buen precio<\/b>, a muy buen costo, y nos lo pueden vender\u00bb, recalc\u00f3 el jefe de Estado.<\/p>\n<\/div>\n<h2 class=\"h2vistazo\">Ecuador y Panam\u00e1 alistan negociaciones comerciales<\/h2>\n<div class=\"paragraph texto\">\n<p class=\"p_8\">La Canciller\u00eda anunci\u00f3 que se firmar\u00e1n los\u00a0<u>T\u00e9rminos de Referencia del Acuerdo de Alcance Parcial Ecuador-Panam\u00e1<\/u>, documento que permitir\u00e1 iniciar formalmente las negociaciones para fortalecer el comercio bilateral y abrir nuevas oportunidades de mercado.<\/p>\n<p class=\"p_9\">Otro de los avances destacados es la incorporaci\u00f3n oficial de Ecuador al r\u00e9gimen de\u00a0<b>Pa\u00edses Amigos de Panam\u00e1.<\/b><\/p>\n<p class=\"p_11\">De acuerdo con la Canciller\u00eda ecuatoriana, esta medida contribuir\u00e1 a fortalecer la movilidad humana, atraer inversiones y facilitar el intercambio profesional y tur\u00edstico entre las dos naciones.<\/p>\n<p class=\"p_12\">El canciller\u00a0<b>Roberto Kury<\/b>\u00a0ha se\u00f1alado que la pol\u00edtica exterior de Ecuador se concentra en\u00a0<b>tres<\/b>\u00a0<b>objetivos<\/b>: incrementar el comercio bilateral, atraer inversi\u00f3n extranjera y ampliar la cooperaci\u00f3n internacional, especialmente aquella de car\u00e1cter no reembolsable. <strong>Fuente: Vistazo<\/strong><\/p>\n<\/div>\n","protected":false},"excerpt":{"rendered":"<p>Los presidentes de Ecuador,\u00a0Daniel Noboa, y de Panam\u00e1,\u00a0Jos\u00e9 Ra\u00fal Mulino, mantuvieron este viernes 4 de septiembre una reuni\u00f3n bilateral en Guayaquil para fortalecer las relaciones entre ambos pa\u00edses. Seg\u00fan inform\u00f3 la Presidencia, los mandatarios avanzaron en una agenda enfocada en\u00a0comercio, inversi\u00f3n, empleo, energ\u00eda, cooperaci\u00f3n en seguridad e intercambio de informaci\u00f3n tributaria. La lucha contra el crimen organizado transnacional tambi\u00e9n form\u00f3 parte del encuentro. Adem\u00e1s, Ecuador busca consolidar a Panam\u00e1 como un\u00a0centro estrat\u00e9gico para la distribuci\u00f3n y comercializaci\u00f3n de productos ecuatorianos. Sobre la visita oficial de Jos\u00e9 Ra\u00fal Mulino, Noboa tambi\u00e9n adelant\u00f3 que Ecuador busca fortalecer la cooperaci\u00f3n bilateral en\u00a0energ\u00eda y lucha contra el crimen organizado, adem\u00e1s de ampliar el intercambio de informaci\u00f3n entre ambos pa\u00edses. En una entrevista con radio i99, Noboa mencion\u00f3 el tema energ\u00e9tico y apunt\u00f3 que Panam\u00e1 se est\u00e1\u00a0interconectando\u00a0con Colombia \u00aby Colombia en s\u00ed con Ecuador.\u00a0Panam\u00e1 nos puede vender a nosotros energ\u00eda\u00ab. \u00abEllos exportan energ\u00eda, tienen un caso similar a Paraguay, que tienen un super\u00e1vit de energ\u00eda todo el tiempo y hay momentos en el cual ellos tienen excedentes a muy\u00a0buen precio, a muy buen costo, y nos lo pueden vender\u00bb, recalc\u00f3 el jefe de Estado. Ecuador y Panam\u00e1 alistan negociaciones comerciales La Canciller\u00eda anunci\u00f3 que se firmar\u00e1n los\u00a0T\u00e9rminos de Referencia del Acuerdo de Alcance Parcial Ecuador-Panam\u00e1, documento que permitir\u00e1 iniciar formalmente las negociaciones para fortalecer el comercio bilateral y abrir nuevas oportunidades de mercado. Otro de los avances destacados es la incorporaci\u00f3n oficial de Ecuador al r\u00e9gimen de\u00a0Pa\u00edses Amigos de Panam\u00e1. De acuerdo con la Canciller\u00eda ecuatoriana, esta medida contribuir\u00e1 a fortalecer la movilidad humana, atraer inversiones y facilitar el intercambio profesional y tur\u00edstico entre las dos naciones. El canciller\u00a0Roberto Kury\u00a0ha se\u00f1alado que la pol\u00edtica exterior de Ecuador se concentra en\u00a0tres\u00a0objetivos: incrementar el comercio bilateral, atraer inversi\u00f3n extranjera y ampliar la cooperaci\u00f3n internacional, especialmente aquella de car\u00e1cter no reembolsable. Fuente: Vistazo<\/p>\n","protected":false},"author":1,"featured_media":34102,"comment_status":"closed","ping_status":"closed","sticky":false,"template":"","format":"standard","meta":{"footnotes":""},"categories":[268],"tags":[],"class_list":["post-34101","post","type-post","status-publish","format-standard","has-post-thumbnail","hentry","category-nacionales"],"_links":{"self":[{"href":"https:\/\/www.elamazonico.com\/portal\/wp-json\/wp\/v2\/posts\/34101","targetHints":{"allow":["GET"]}}],"collection":[{"href":"https:\/\/www.elamazonico.com\/portal\/wp-json\/wp\/v2\/posts"}],"about":[{"href":"https:\/\/www.elamazonico.com\/portal\/wp-json\/wp\/v2\/types\/post"}],"author":[{"embeddable":true,"href":"https:\/\/www.elamazonico.com\/portal\/wp-json\/wp\/v2\/users\/1"}],"replies":[{"embeddable":true,"href":"https:\/\/www.elamazonico.com\/portal\/wp-json\/wp\/v2\/comments?post=34101"}],"version-history":[{"count":1,"href":"https:\/\/www.elamazonico.com\/portal\/wp-json\/wp\/v2\/posts\/34101\/revisions"}],"predecessor-version":[{"id":34103,"href":"https:\/\/www.elamazonico.com\/portal\/wp-json\/wp\/v2\/posts\/34101\/revisions\/34103"}],"wp:featuredmedia":[{"embeddable":true,"href":"https:\/\/www.elamazonico.com\/portal\/wp-json\/wp\/v2\/media\/34102"}],"wp:attachment":[{"href":"https:\/\/www.elamazonico.com\/portal\/wp-json\/wp\/v2\/media?parent=34101"}],"wp:term":[{"taxonomy":"category","embeddable":true,"href":"https:\/\/www.elamazonico.com\/portal\/wp-json\/wp\/v2\/categories?post=34101"},{"taxonomy":"post_tag","embeddable":true,"href":"https:\/\/www.elamazonico.com\/portal\/wp-json\/wp\/v2\/tags?post=34101"}],"curies":[{"name":"wp","href":"https:\/\/api.w.org\/{rel}","templated":true}]}}