{"id":34094,"date":"2026-09-04T14:19:52","date_gmt":"2026-09-04T19:19:52","guid":{"rendered":"https:\/\/www.elamazonico.com\/portal\/?p=34094"},"modified":"2026-09-04T14:19:52","modified_gmt":"2026-09-04T19:19:52","slug":"ecuador-quiere-avanzar-hacia-un-tratado-de-libre-comercio-con-japon-anuncia-daniel-noboa","status":"publish","type":"post","link":"https:\/\/www.elamazonico.com\/portal\/ecuador-quiere-avanzar-hacia-un-tratado-de-libre-comercio-con-japon-anuncia-daniel-noboa\/","title":{"rendered":"Ecuador quiere avanzar hacia un Tratado de Libre Comercio con Jap\u00f3n, anuncia Daniel Noboa"},"content":{"rendered":"<p>Ecuador busca un Tratado de Libre Comercio (TLC) con Jap\u00f3n, inform\u00f3 este viernes 4 de septiembre el presidente Daniel Noboa, quien ya ha mencionado antes sus expectativas\u00a0de concretar negociaciones con el pa\u00eds nip\u00f3n.<\/p>\n<p>\u00abEn los \u00faltimos 10 a\u00f1os (Jap\u00f3n) se ha vuelto menos competitivo versus Corea y China, y ha visto que sus exportaciones han ca\u00eddo y ya no pueden seguir as\u00ed. Entonces tienen que abrirse un poco al mundo\u00bb lo que implica ampliar importaciones y exportaciones, coment\u00f3 el primer mandatario en una entrevista con la emisora local radio i99.<\/p>\n<p>Noboa a\u00f1adi\u00f3 que la \u00abeconom\u00eda ecuatoriana es muy compatible con la japonesa y se puede trabajar en conjunto\u00bb.<\/p>\n<p>El pasado 6 de agosto, Ecuador y Jap\u00f3n acordaron profundizar el di\u00e1logo sobre un eventual Acuerdo de Asociaci\u00f3n Econ\u00f3mica (EPA), despu\u00e9s de que Noboa solicitara acelerar el proceso hacia su firma durante una reuni\u00f3n, en Quito, con el ministro japon\u00e9s de Asuntos Exteriores, Toshimitsu Motegi.<\/p>\n<p>La embajada japonesa se\u00f1al\u00f3 entonces que \u00abambas partes acordaron ampliar el debate\u00bb sobre \u00ablas posibles v\u00edas para el fortalecimiento de los v\u00ednculos econ\u00f3micos bilaterales en una amplia gama de aspectos\u00bb en el marco del Comit\u00e9 Econ\u00f3mico y Comercial que se cre\u00f3 en junio pasado entre Ecuador y Jap\u00f3n.<\/p>\n<blockquote><p>\u00abLa misma empresa privada japonesa le solicita al Gobierno que se haga un tratado de libre comercio con el Ecuador (&#8230;) y ac\u00e1 a la empresa privada, tambi\u00e9n le encantar\u00eda tener un tratado de libre comercio con Jap\u00f3n\u00bb<\/p><\/blockquote>\n<p>Daniel Noboa, presidente de Ecuador<br \/>\nEl canciller Roberto Kury, quien acompa\u00f1\u00f3 al presidente en la entrevista, expres\u00f3 que la pol\u00edtica exterior del Ecuador se concentra en tres objetivos: incrementar el comercio bilateral, atraer inversi\u00f3n extranjera y ampliar la cooperaci\u00f3n internacional, especialmente la no reembolsable.<\/p>\n<p>En esa l\u00ednea, este viernes 4 de septiembre el presidente de Panam\u00e1, Jos\u00e9 Ra\u00fal Mulino, realiza una visita oficial a Ecuador. Seg\u00fan Noboa, el objetivo del encuentro con su hom\u00f3logo es fortalecer la cooperaci\u00f3n bilateral en empleo, energ\u00eda y lucha contra el crimen organizado, adem\u00e1s de ampliar el intercambio de informaci\u00f3n entre ambos pa\u00edses. <strong>Fuente: Primicias<\/strong><\/p>\n","protected":false},"excerpt":{"rendered":"<p>Ecuador busca un Tratado de Libre Comercio (TLC) con Jap\u00f3n, inform\u00f3 este viernes 4 de septiembre el presidente Daniel Noboa, quien ya ha mencionado antes sus expectativas\u00a0de concretar negociaciones con el pa\u00eds nip\u00f3n. \u00abEn los \u00faltimos 10 a\u00f1os (Jap\u00f3n) se ha vuelto menos competitivo versus Corea y China, y ha visto que sus exportaciones han ca\u00eddo y ya no pueden seguir as\u00ed. Entonces tienen que abrirse un poco al mundo\u00bb lo que implica ampliar importaciones y exportaciones, coment\u00f3 el primer mandatario en una entrevista con la emisora local radio i99. Noboa a\u00f1adi\u00f3 que la \u00abeconom\u00eda ecuatoriana es muy compatible con la japonesa y se puede trabajar en conjunto\u00bb. El pasado 6 de agosto, Ecuador y Jap\u00f3n acordaron profundizar el di\u00e1logo sobre un eventual Acuerdo de Asociaci\u00f3n Econ\u00f3mica (EPA), despu\u00e9s de que Noboa solicitara acelerar el proceso hacia su firma durante una reuni\u00f3n, en Quito, con el ministro japon\u00e9s de Asuntos Exteriores, Toshimitsu Motegi. La embajada japonesa se\u00f1al\u00f3 entonces que \u00abambas partes acordaron ampliar el debate\u00bb sobre \u00ablas posibles v\u00edas para el fortalecimiento de los v\u00ednculos econ\u00f3micos bilaterales en una amplia gama de aspectos\u00bb en el marco del Comit\u00e9 Econ\u00f3mico y Comercial que se cre\u00f3 en junio pasado entre Ecuador y Jap\u00f3n. \u00abLa misma empresa privada japonesa le solicita al Gobierno que se haga un tratado de libre comercio con el Ecuador (&#8230;) y ac\u00e1 a la empresa privada, tambi\u00e9n le encantar\u00eda tener un tratado de libre comercio con Jap\u00f3n\u00bb Daniel Noboa, presidente de Ecuador El canciller Roberto Kury, quien acompa\u00f1\u00f3 al presidente en la entrevista, expres\u00f3 que la pol\u00edtica exterior del Ecuador se concentra en tres objetivos: incrementar el comercio bilateral, atraer inversi\u00f3n extranjera y ampliar la cooperaci\u00f3n internacional, especialmente la no reembolsable. En esa l\u00ednea, este viernes 4 de septiembre el presidente de Panam\u00e1, Jos\u00e9 Ra\u00fal Mulino, realiza una visita oficial a Ecuador. Seg\u00fan Noboa, el objetivo del encuentro con su hom\u00f3logo es fortalecer la cooperaci\u00f3n bilateral en empleo, energ\u00eda y lucha contra el crimen organizado, adem\u00e1s de ampliar el intercambio de informaci\u00f3n entre ambos pa\u00edses. Fuente: Primicias<\/p>\n","protected":false},"author":1,"featured_media":34095,"comment_status":"closed","ping_status":"closed","sticky":false,"template":"","format":"standard","meta":{"footnotes":""},"categories":[268],"tags":[],"class_list":["post-34094","post","type-post","status-publish","format-standard","has-post-thumbnail","hentry","category-nacionales"],"_links":{"self":[{"href":"https:\/\/www.elamazonico.com\/portal\/wp-json\/wp\/v2\/posts\/34094","targetHints":{"allow":["GET"]}}],"collection":[{"href":"https:\/\/www.elamazonico.com\/portal\/wp-json\/wp\/v2\/posts"}],"about":[{"href":"https:\/\/www.elamazonico.com\/portal\/wp-json\/wp\/v2\/types\/post"}],"author":[{"embeddable":true,"href":"https:\/\/www.elamazonico.com\/portal\/wp-json\/wp\/v2\/users\/1"}],"replies":[{"embeddable":true,"href":"https:\/\/www.elamazonico.com\/portal\/wp-json\/wp\/v2\/comments?post=34094"}],"version-history":[{"count":1,"href":"https:\/\/www.elamazonico.com\/portal\/wp-json\/wp\/v2\/posts\/34094\/revisions"}],"predecessor-version":[{"id":34096,"href":"https:\/\/www.elamazonico.com\/portal\/wp-json\/wp\/v2\/posts\/34094\/revisions\/34096"}],"wp:featuredmedia":[{"embeddable":true,"href":"https:\/\/www.elamazonico.com\/portal\/wp-json\/wp\/v2\/media\/34095"}],"wp:attachment":[{"href":"https:\/\/www.elamazonico.com\/portal\/wp-json\/wp\/v2\/media?parent=34094"}],"wp:term":[{"taxonomy":"category","embeddable":true,"href":"https:\/\/www.elamazonico.com\/portal\/wp-json\/wp\/v2\/categories?post=34094"},{"taxonomy":"post_tag","embeddable":true,"href":"https:\/\/www.elamazonico.com\/portal\/wp-json\/wp\/v2\/tags?post=34094"}],"curies":[{"name":"wp","href":"https:\/\/api.w.org\/{rel}","templated":true}]}}