{"id":34083,"date":"2026-09-04T10:16:50","date_gmt":"2026-09-04T15:16:50","guid":{"rendered":"https:\/\/www.elamazonico.com\/portal\/?p=34083"},"modified":"2026-09-04T10:16:50","modified_gmt":"2026-09-04T15:16:50","slug":"bid-aprueba-credito-de-usd-500-millones-para-ecuador-para-implementar-medidas-de-estabilidad-macroeconomica","status":"publish","type":"post","link":"https:\/\/www.elamazonico.com\/portal\/bid-aprueba-credito-de-usd-500-millones-para-ecuador-para-implementar-medidas-de-estabilidad-macroeconomica\/","title":{"rendered":"BID aprueba cr\u00e9dito de USD 500 millones para Ecuador, para implementar medidas de estabilidad macroecon\u00f3mica"},"content":{"rendered":"<p>El Directorio Ejecutivo del Banco Interamericano de Desarrollo (BID) aprob\u00f3 este 4 de septiembre de 2026 un Pr\u00e9stamo Especial para el Desarrollo (PED), por USD 500 millones para Ecuador. Se trata de un cr\u00e9dito\u00a0que tiene como objetivo \u00abayudar al pa\u00eds a impulsar reformas y medidas que promuevan la estabilidad macroecon\u00f3mica\u00bb.<\/p>\n<p>El multilateral inform\u00f3 que esta operaci\u00f3n de cr\u00e9dito forma parte de un paquete de apoyo internacional liderado por el Fondo Monetario Internacional (FMI).<\/p>\n<p>Entre los objetivos del cr\u00e9dito est\u00e1n sostener el financiamiento de los programas sociales para sectores vulnerables.<\/p>\n<p>Adem\u00e1s, \u00abel pr\u00e9stamo le permitir\u00e1 fortalecer sus reservas de d\u00f3lares, promoviendo as\u00ed la estabilidad de su mercado monetario\u00bb, dijo el BID en su comunicado.<\/p>\n<p>El Pr\u00e9stamo Especial para el Desarrollo del BID tiene un plazo de siete a\u00f1os, un per\u00edodo de gracia de tres a\u00f1os y una tasa de inter\u00e9s basada en la SOFR\u00a0(Secured Overnight Financing Rate).<\/p>\n<p>La tasa de inter\u00e9s basada en la SOFR es un \u00edndice de referencia que refleja el costo promedio de pedir dinero prestado a un d\u00eda utilizando bonos del Tesoro de Estados Unidos como garant\u00eda.<\/p>\n<p>En julio de 2026, en su visita a Ecuador, el presidente del Grupo BID, Ilan Goldfajn, anunci\u00f3 un apoyo de 7.500 millones de d\u00f3lares por parte de la instituci\u00f3n para acompa\u00f1ar el desarrollo de Ecuador durante los pr\u00f3ximos cinco a\u00f1os.<\/p>\n<p>Este paquete financiero podr\u00eda alcanzar los 10.500 millones de d\u00f3lares, dependiendo de la evoluci\u00f3n de las condiciones propicias para la inversi\u00f3n y la implementaci\u00f3n. El Grupo BID est\u00e1 integrado por el BID, BID Invest y BID Lab. <strong>Fuente: Primicias<\/strong><\/p>\n","protected":false},"excerpt":{"rendered":"<p>El Directorio Ejecutivo del Banco Interamericano de Desarrollo (BID) aprob\u00f3 este 4 de septiembre de 2026 un Pr\u00e9stamo Especial para el Desarrollo (PED), por USD 500 millones para Ecuador. Se trata de un cr\u00e9dito\u00a0que tiene como objetivo \u00abayudar al pa\u00eds a impulsar reformas y medidas que promuevan la estabilidad macroecon\u00f3mica\u00bb. El multilateral inform\u00f3 que esta operaci\u00f3n de cr\u00e9dito forma parte de un paquete de apoyo internacional liderado por el Fondo Monetario Internacional (FMI). Entre los objetivos del cr\u00e9dito est\u00e1n sostener el financiamiento de los programas sociales para sectores vulnerables. Adem\u00e1s, \u00abel pr\u00e9stamo le permitir\u00e1 fortalecer sus reservas de d\u00f3lares, promoviendo as\u00ed la estabilidad de su mercado monetario\u00bb, dijo el BID en su comunicado. El Pr\u00e9stamo Especial para el Desarrollo del BID tiene un plazo de siete a\u00f1os, un per\u00edodo de gracia de tres a\u00f1os y una tasa de inter\u00e9s basada en la SOFR\u00a0(Secured Overnight Financing Rate). La tasa de inter\u00e9s basada en la SOFR es un \u00edndice de referencia que refleja el costo promedio de pedir dinero prestado a un d\u00eda utilizando bonos del Tesoro de Estados Unidos como garant\u00eda. En julio de 2026, en su visita a Ecuador, el presidente del Grupo BID, Ilan Goldfajn, anunci\u00f3 un apoyo de 7.500 millones de d\u00f3lares por parte de la instituci\u00f3n para acompa\u00f1ar el desarrollo de Ecuador durante los pr\u00f3ximos cinco a\u00f1os. Este paquete financiero podr\u00eda alcanzar los 10.500 millones de d\u00f3lares, dependiendo de la evoluci\u00f3n de las condiciones propicias para la inversi\u00f3n y la implementaci\u00f3n. El Grupo BID est\u00e1 integrado por el BID, BID Invest y BID Lab. Fuente: Primicias<\/p>\n","protected":false},"author":1,"featured_media":34084,"comment_status":"closed","ping_status":"closed","sticky":false,"template":"","format":"standard","meta":{"footnotes":""},"categories":[268],"tags":[],"class_list":["post-34083","post","type-post","status-publish","format-standard","has-post-thumbnail","hentry","category-nacionales"],"_links":{"self":[{"href":"https:\/\/www.elamazonico.com\/portal\/wp-json\/wp\/v2\/posts\/34083","targetHints":{"allow":["GET"]}}],"collection":[{"href":"https:\/\/www.elamazonico.com\/portal\/wp-json\/wp\/v2\/posts"}],"about":[{"href":"https:\/\/www.elamazonico.com\/portal\/wp-json\/wp\/v2\/types\/post"}],"author":[{"embeddable":true,"href":"https:\/\/www.elamazonico.com\/portal\/wp-json\/wp\/v2\/users\/1"}],"replies":[{"embeddable":true,"href":"https:\/\/www.elamazonico.com\/portal\/wp-json\/wp\/v2\/comments?post=34083"}],"version-history":[{"count":1,"href":"https:\/\/www.elamazonico.com\/portal\/wp-json\/wp\/v2\/posts\/34083\/revisions"}],"predecessor-version":[{"id":34085,"href":"https:\/\/www.elamazonico.com\/portal\/wp-json\/wp\/v2\/posts\/34083\/revisions\/34085"}],"wp:featuredmedia":[{"embeddable":true,"href":"https:\/\/www.elamazonico.com\/portal\/wp-json\/wp\/v2\/media\/34084"}],"wp:attachment":[{"href":"https:\/\/www.elamazonico.com\/portal\/wp-json\/wp\/v2\/media?parent=34083"}],"wp:term":[{"taxonomy":"category","embeddable":true,"href":"https:\/\/www.elamazonico.com\/portal\/wp-json\/wp\/v2\/categories?post=34083"},{"taxonomy":"post_tag","embeddable":true,"href":"https:\/\/www.elamazonico.com\/portal\/wp-json\/wp\/v2\/tags?post=34083"}],"curies":[{"name":"wp","href":"https:\/\/api.w.org\/{rel}","templated":true}]}}