{"id":3406,"date":"2022-04-10T12:30:54","date_gmt":"2022-04-10T17:30:54","guid":{"rendered":"https:\/\/www.elamazonico.com\/portal\/?p=3406"},"modified":"2022-04-10T12:31:03","modified_gmt":"2022-04-10T17:31:03","slug":"gobierno-apelara-la-resolucion-del-juez-que-otorgo-el-habeas-corpus-para-jorge-glas","status":"publish","type":"post","link":"https:\/\/www.elamazonico.com\/portal\/gobierno-apelara-la-resolucion-del-juez-que-otorgo-el-habeas-corpus-para-jorge-glas\/","title":{"rendered":"Gobierno apelar\u00e1 la resoluci\u00f3n del juez que otorg\u00f3 el Habeas Corpus para Jorge Glas"},"content":{"rendered":"\n<p>La Presidencia de la Rep\u00fablica y el Ministerio de Gobierno ordenaron al&nbsp;Servicio Nacional de Atenci\u00f3n Integral a Personas Adultas Privadas de la Libertad y a Adolescentes Infractores (SNAI) apelar la resoluci\u00f3n del juez que otorg\u00f3 el Habeas Corpus a Jorge Glas.&nbsp;<\/p>\n\n\n\n<p>Tras conocer la resoluci\u00f3n dictada por el juez Javier Moscoso, de la Unidad Judicial Multicompetente con sede en la parroquia Manglaralto (Santa Elena), el Gobierno mostr\u00f3 su inconformidad con lo actuado por el jurista.<\/p>\n\n\n\n<p>Este recurso legal permitir\u00eda que Glas salga de prisi\u00f3n. Por ello, el SNAI indic\u00f3 que \u00abeste Servicio, como \u00f3rgano ejecutor dentro de los centros de privaci\u00f3n de libertad -y en estricto respeto a la independencia de funciones- acata la medida judicial relacionada al privado de libertad, J. Glas\u00bb.<\/p>\n\n\n\n<p>Sin embargo, la orden del Gobierno ahora es apelar esta medida.&nbsp;<\/p>\n\n\n\n<figure class=\"wp-block-image size-large\"><img fetchpriority=\"high\" decoding=\"async\" width=\"1024\" height=\"820\" src=\"https:\/\/www.elamazonico.com\/portal\/wp-content\/uploads\/2022\/04\/image-1024x820.png\" alt=\"\" class=\"wp-image-3407\" srcset=\"https:\/\/www.elamazonico.com\/portal\/wp-content\/uploads\/2022\/04\/image-1024x820.png 1024w, https:\/\/www.elamazonico.com\/portal\/wp-content\/uploads\/2022\/04\/image-300x240.png 300w, https:\/\/www.elamazonico.com\/portal\/wp-content\/uploads\/2022\/04\/image-768x615.png 768w, https:\/\/www.elamazonico.com\/portal\/wp-content\/uploads\/2022\/04\/image.png 1080w\" sizes=\"(max-width: 1024px) 100vw, 1024px\" \/><\/figure>\n\n\n\n<p>En este contexto, la Fiscal\u00eda General del Estado precis\u00f3 que sobre Glas existen dos sentencias ejecutoriadas por asociaci\u00f3n il\u00edcita y cohecho, adem\u00e1s de un proceso pendiente por peculado, que a\u00fan deber\u00e1 resolverse.<\/p>\n\n\n\n<p>El Habeas Corpus es un procedimiento jur\u00eddico mediante el cual, cualquier ciudadano puede comparecer ante el juez al considerarse que ha sido injustamente apresado, con el prop\u00f3sito de recobrar su libertad.<\/p>\n\n\n\n<p>La Presidencia de la Rep\u00fablica tambi\u00e9n emiti\u00f3 otr comunicado para expresar su desacuerdo con esta resoluci\u00f3n, aunque precis\u00f3 que respeta \u00abel principio de independencia de poderes\u00bb.<\/p>\n\n\n\n<p>\u00abManifestamos nuestro rechazo y desacuerdo jur\u00eddico\u00bb, se indic\u00f3 en el texto. Y agreg\u00f3 que existe \u00abpreocupaci\u00f3n por el abuso de las acciones constitucionales\u00bb.<\/p>\n\n\n\n<figure class=\"wp-block-image size-large\"><img decoding=\"async\" width=\"1024\" height=\"895\" src=\"https:\/\/www.elamazonico.com\/portal\/wp-content\/uploads\/2022\/04\/image-1-1024x895.png\" alt=\"\" class=\"wp-image-3408\" srcset=\"https:\/\/www.elamazonico.com\/portal\/wp-content\/uploads\/2022\/04\/image-1-1024x895.png 1024w, https:\/\/www.elamazonico.com\/portal\/wp-content\/uploads\/2022\/04\/image-1-300x262.png 300w, https:\/\/www.elamazonico.com\/portal\/wp-content\/uploads\/2022\/04\/image-1-768x671.png 768w, https:\/\/www.elamazonico.com\/portal\/wp-content\/uploads\/2022\/04\/image-1.png 1080w\" sizes=\"(max-width: 1024px) 100vw, 1024px\" \/><\/figure>\n\n\n\n<p>En esta misma l\u00ednea, el Consejo de la Judicatura tambi\u00e9n \u00abest\u00e1 obligado a respetar el principio de independencia interna\u00bb, al \u00abal tratarse de una actuaci\u00f3n y decisi\u00f3n jurisdiccional\u00bb. Por ello aclar\u00f3 que no puede iniciar alg\u00fan \u00abprocedimiento disciplinario\u00bb contra el juez que orden\u00f3 el Habeas Corpus para Glas.&nbsp;<\/p>\n\n\n\n<p>Sin embargo, el ente judicial aclar\u00f3 que el SNAI, al ser se\u00f1alado como \u00ableg\u00edtimo pasivo (demandado)\u00bb, es el organismo que puede \u00abpresentar los recursos que considere pertinente contra la sentencia emitida\u00bb, tal como piden el Ejecutivo y el Ministerio de Gobierno.<\/p>\n\n\n\n<figure class=\"wp-block-image size-large\"><img decoding=\"async\" width=\"900\" height=\"1024\" src=\"https:\/\/www.elamazonico.com\/portal\/wp-content\/uploads\/2022\/04\/image-2-900x1024.png\" alt=\"\" class=\"wp-image-3409\" srcset=\"https:\/\/www.elamazonico.com\/portal\/wp-content\/uploads\/2022\/04\/image-2-900x1024.png 900w, https:\/\/www.elamazonico.com\/portal\/wp-content\/uploads\/2022\/04\/image-2-264x300.png 264w, https:\/\/www.elamazonico.com\/portal\/wp-content\/uploads\/2022\/04\/image-2-768x874.png 768w, https:\/\/www.elamazonico.com\/portal\/wp-content\/uploads\/2022\/04\/image-2.png 1125w\" sizes=\"(max-width: 900px) 100vw, 900px\" \/><\/figure>\n\n\n\n<p>Fuente: El Tel\u00e9grafo<\/p>\n","protected":false},"excerpt":{"rendered":"<p>La Presidencia de la Rep\u00fablica y el Ministerio de Gobierno ordenaron al&nbsp;Servicio Nacional de Atenci\u00f3n Integral a Personas Adultas Privadas de la Libertad y a Adolescentes Infractores (SNAI) apelar la resoluci\u00f3n del juez que otorg\u00f3 el Habeas Corpus a Jorge Glas.&nbsp; Tras conocer la resoluci\u00f3n dictada por el juez Javier Moscoso, de la Unidad Judicial Multicompetente con sede en la parroquia Manglaralto (Santa Elena), el Gobierno mostr\u00f3 su inconformidad con lo actuado por el jurista. Este recurso legal permitir\u00eda que Glas salga de prisi\u00f3n. Por ello, el SNAI indic\u00f3 que \u00abeste Servicio, como \u00f3rgano ejecutor dentro de los centros de privaci\u00f3n de libertad -y en estricto respeto a la independencia de funciones- acata la medida judicial relacionada al privado de libertad, J. Glas\u00bb. Sin embargo, la orden del Gobierno ahora es apelar esta medida.&nbsp; En este contexto, la Fiscal\u00eda General del Estado precis\u00f3 que sobre Glas existen dos sentencias ejecutoriadas por asociaci\u00f3n il\u00edcita y cohecho, adem\u00e1s de un proceso pendiente por peculado, que a\u00fan deber\u00e1 resolverse. El Habeas Corpus es un procedimiento jur\u00eddico mediante el cual, cualquier ciudadano puede comparecer ante el juez al considerarse que ha sido injustamente apresado, con el prop\u00f3sito de recobrar su libertad. La Presidencia de la Rep\u00fablica tambi\u00e9n emiti\u00f3 otr comunicado para expresar su desacuerdo con esta resoluci\u00f3n, aunque precis\u00f3 que respeta \u00abel principio de independencia de poderes\u00bb. \u00abManifestamos nuestro rechazo y desacuerdo jur\u00eddico\u00bb, se indic\u00f3 en el texto. Y agreg\u00f3 que existe \u00abpreocupaci\u00f3n por el abuso de las acciones constitucionales\u00bb. En esta misma l\u00ednea, el Consejo de la Judicatura tambi\u00e9n \u00abest\u00e1 obligado a respetar el principio de independencia interna\u00bb, al \u00abal tratarse de una actuaci\u00f3n y decisi\u00f3n jurisdiccional\u00bb. Por ello aclar\u00f3 que no puede iniciar alg\u00fan \u00abprocedimiento disciplinario\u00bb contra el juez que orden\u00f3 el Habeas Corpus para Glas.&nbsp; Sin embargo, el ente judicial aclar\u00f3 que el SNAI, al ser se\u00f1alado como \u00ableg\u00edtimo pasivo (demandado)\u00bb, es el organismo que puede \u00abpresentar los recursos que considere pertinente contra la sentencia emitida\u00bb, tal como piden el Ejecutivo y el Ministerio de Gobierno. Fuente: El Tel\u00e9grafo<\/p>\n","protected":false},"author":1,"featured_media":3410,"comment_status":"open","ping_status":"open","sticky":false,"template":"","format":"standard","meta":{"footnotes":""},"categories":[1],"tags":[],"class_list":["post-3406","post","type-post","status-publish","format-standard","has-post-thumbnail","hentry","category-uncategorized"],"_links":{"self":[{"href":"https:\/\/www.elamazonico.com\/portal\/wp-json\/wp\/v2\/posts\/3406","targetHints":{"allow":["GET"]}}],"collection":[{"href":"https:\/\/www.elamazonico.com\/portal\/wp-json\/wp\/v2\/posts"}],"about":[{"href":"https:\/\/www.elamazonico.com\/portal\/wp-json\/wp\/v2\/types\/post"}],"author":[{"embeddable":true,"href":"https:\/\/www.elamazonico.com\/portal\/wp-json\/wp\/v2\/users\/1"}],"replies":[{"embeddable":true,"href":"https:\/\/www.elamazonico.com\/portal\/wp-json\/wp\/v2\/comments?post=3406"}],"version-history":[{"count":1,"href":"https:\/\/www.elamazonico.com\/portal\/wp-json\/wp\/v2\/posts\/3406\/revisions"}],"predecessor-version":[{"id":3411,"href":"https:\/\/www.elamazonico.com\/portal\/wp-json\/wp\/v2\/posts\/3406\/revisions\/3411"}],"wp:featuredmedia":[{"embeddable":true,"href":"https:\/\/www.elamazonico.com\/portal\/wp-json\/wp\/v2\/media\/3410"}],"wp:attachment":[{"href":"https:\/\/www.elamazonico.com\/portal\/wp-json\/wp\/v2\/media?parent=3406"}],"wp:term":[{"taxonomy":"category","embeddable":true,"href":"https:\/\/www.elamazonico.com\/portal\/wp-json\/wp\/v2\/categories?post=3406"},{"taxonomy":"post_tag","embeddable":true,"href":"https:\/\/www.elamazonico.com\/portal\/wp-json\/wp\/v2\/tags?post=3406"}],"curies":[{"name":"wp","href":"https:\/\/api.w.org\/{rel}","templated":true}]}}