{"id":34059,"date":"2026-09-03T07:52:32","date_gmt":"2026-09-03T12:52:32","guid":{"rendered":"https:\/\/www.elamazonico.com\/portal\/?p=34059"},"modified":"2026-09-03T07:52:32","modified_gmt":"2026-09-03T12:52:32","slug":"un-nuevo-ano-lectivo-una-travesia-que-debemos-recorrer-juntos","status":"publish","type":"post","link":"https:\/\/www.elamazonico.com\/portal\/un-nuevo-ano-lectivo-una-travesia-que-debemos-recorrer-juntos\/","title":{"rendered":"Un nuevo a\u00f1o lectivo: una traves\u00eda que debemos recorrer juntos"},"content":{"rendered":"<p>El tiempo de vacaciones ha llegado a su final y, con \u00e9l, comienza una nueva traves\u00eda para los estudiantes del r\u00e9gimen Sierra-Amazon\u00eda. El 1 de septiembre de 2026 no comienza simplemente un nuevo calendario escolar; comienza una nueva oportunidad para aprender, crecer, superar desaf\u00edos, construir sue\u00f1os y convertirlos en realidades.<\/p>\n<p>Pero ning\u00fan estudiante deber\u00eda recorrer este camino solo. El \u00e9xito educativo no es responsabilidad exclusiva del estudiante, ni del docente, ni de la familia. La educaci\u00f3n es una responsabilidad compartida. Cuando estudiantes, padres de familia, docentes y autoridades institucionales unen sus esfuerzos, se crea el terreno f\u00e9rtil donde pueden florecer los aprendizajes, los valores y los sue\u00f1os.<\/p>\n<p>Por eso, hoy debemos asumir un compromiso com\u00fan: construir un excelente clima escolar, familiar y laboral, donde prevalezcan el respeto, la empat\u00eda, la solidaridad, la confianza y el di\u00e1logo; un ambiente donde podamos expresarnos libremente, escuchar y ser escuchados, comprender nuestras diferencias y aprender unos de otros.<\/p>\n<p><strong><u>Los estudiantes<\/u><\/strong> son los protagonistas de este proceso. Nadie puede aprender por ustedes. Cada clase, cada tarea, cada lectura, cada esfuerzo y cada dificultad superada representa un paso hacia el futuro que desean construir.<\/p>\n<p>Pero el aprendizaje no puede desarrollarse plenamente donde existe el miedo, la burla, la violencia o la indiferencia. Por eso, hagamos de nuestras aulas espacios donde nadie tenga miedo de equivocarse, preguntar o expresar lo que piensa. Respetemos al compa\u00f1ero que aprende m\u00e1s despacio, ayudemos al que tiene dificultades, valoremos nuestras diferencias y rechacemos toda forma de violencia o discriminaci\u00f3n.<\/p>\n<p>Detr\u00e1s de cada estudiante existe una historia, una familia, unos sue\u00f1os y tambi\u00e9n dificultades que quiz\u00e1 desconocemos. Construyamos aulas donde exista autoridad, pero tambi\u00e9n humanidad; disciplina, pero tambi\u00e9n comprensi\u00f3n; exigencia, pero tambi\u00e9n motivaci\u00f3n. Un estudiante que se siente respetado y valorado tiene mayores posibilidades de comprometerse con su aprendizaje.<\/p>\n<p><strong><u>Los padres de familia<\/u><\/strong> deben comprender una verdad fundamental: la educaci\u00f3n es un proceso, no un producto. Ese proceso comienza en septiembre y termina en junio. No basta con matricular a nuestros hijos y esperar que al finalizar el a\u00f1o aparezca una buena libreta de calificaciones. Matricular es sembrar; acompa\u00f1ar es cuidar el crecimiento de la semilla.<\/p>\n<p>Durante los diez meses del a\u00f1o lectivo debemos garantizar la asistencia, interesarnos por el rendimiento acad\u00e9mico, el comportamiento y las relaciones de nuestros hijos; asistir a las reuniones de entrega de libretas; dialogar con los docentes y, cuando sea necesario, tomar oportunamente acciones preventivas y correctivas.<\/p>\n<p>No esperemos a que aparezca un problema para acercarnos a la instituci\u00f3n. La mejor dificultad es aquella que prevenimos a tiempo. Y no olvidemos que el aprendizaje tambi\u00e9n se construye en casa. Nuestros hijos necesitan encontrar all\u00ed un ambiente de tranquilidad, seguridad y confianza. Existe una regla sencilla que debemos recordar: Cuando aumenta la calma, disminuye el estr\u00e9s. Cuando aumenta la confianza, disminuye el miedo. Y cuando disminuyen el miedo y la ansiedad, nuestros hijos aprenden mejor.<\/p>\n<p>Nuestros hijos no necesitan padres perfectos; necesitan padres presentes, interesados y comprometidos. Preguntemos c\u00f3mo les fue, escuchemos sus preocupaciones, reconozcamos sus esfuerzos, pongamos l\u00edmites cuando sea necesario y, sobre todo, hag\u00e1mosles sentir que creemos en ellos.<\/p>\n<p>No esperemos al final del a\u00f1o para preocuparnos por su educaci\u00f3n. Acompa\u00f1emos el proceso desde el primer d\u00eda hasta el \u00faltimo.<\/p>\n<p><strong><u>Autoridades y docentes<\/u><\/strong><strong>: <\/strong>Un plantel donde existe un buen clima laboral es una instituci\u00f3n que educa mejor. Por ello, necesitamos autoridades que lideren la comunidad educativa con respeto, comunicaci\u00f3n, reconocimiento y trabajo colaborativo. Un docente que se siente valorado y respaldado estar\u00e1 en mejores condiciones para entregar lo mejor de s\u00ed a sus estudiantes.<\/p>\n<p>Gestionar un buen clima laboral no significa que nunca existir\u00e1n desacuerdos. Significa aprender a manejarlos con madurez, respeto, comunicaci\u00f3n y sentido institucional. Cuando los adultos trabajamos unidos, nuestros estudiantes reciben un mensaje poderoso: los problemas se pueden resolver dialogando y los grandes objetivos se alcanzan trabajando en equipo.<\/p>\n<p><strong><u>Una sola comunidad educativa, un solo prop\u00f3sito<\/u><\/strong>. Este nuevo a\u00f1o escolar nos presenta una oportunidad para dejar atr\u00e1s la indiferencia, las culpas y los reproches. Cuando algo no funciona, no pregunt\u00e9monos primero \u201c\u00bfDe qui\u00e9n es la culpa?\u201d, sino: \u201c\u00bfQu\u00e9 podemos hacer juntos para solucionarlo?\u201d Cuando un estudiante tenga dificultades, familia y escuela deben actuar antes de que el problema crezca. Cuando exista un conflicto, busquemos di\u00e1logo antes que confrontaci\u00f3n. Cuando un estudiante alcance un logro, celebremos juntos.<\/p>\n<p>Familias, estudiantes, docentes y autoridades somos piezas diferentes de un mismo engranaje.<\/p>\n<p>Si una pieza falla, todo el sistema se resiente. Pero cuando cada uno cumple responsablemente su papel, sucede algo extraordinario: la escuela se transforma en una verdadera comunidad de aprendizaje y convivencia.<\/p>\n<p>Al finalizar este a\u00f1o lectivo, queremos recoger una cosecha abundante. Pero recordemos: Una buena cosecha no aparece por casualidad. Hay que preparar la tierra, sembrar, limpiar, abonar, cuidar y perseverar. De la misma manera, nuestros hijos necesitan que los acompa\u00f1emos durante todo el proceso educativo.<\/p>\n<p>Hoy, al comenzar este nuevo a\u00f1o lectivo, renovemos nuestro compromiso: <strong>Estudiantes<\/strong>: construyan un colegio donde el respeto, la empat\u00eda y la solidaridad sean parte de cada d\u00eda. <strong>Padres de familia<\/strong>: construyan hogares donde florezcan la tranquilidad, la confianza, el di\u00e1logo y la motivaci\u00f3n. <strong>Autoridades y docentes<\/strong>: construyamos juntos un lugar de trabajo donde cada uno asuma su parte y aporte lo mejor de s\u00ed, para disfrutar de una comunidad educativa unida, capaz de acompa\u00f1ar, inspirar y formar a la sociedad que queremos para el futuro.<\/p>\n<p>Que este sea el a\u00f1o en que aprendamos a escucharnos, a comprendernos y a trabajar unidos. Porque cuando familia, escuela y estudiantes trabajan juntos, los sue\u00f1os dejan de ser solamente sue\u00f1os y comienzan a convertirse en realidades.<\/p>\n<p>Hagamos de este a\u00f1o una oportunidad para crecer, para construir puentes y para demostrar que, cuando caminamos en la misma direcci\u00f3n, podemos transformar nuestra comunidad y nuestro futuro.<strong>\u00a0<\/strong><\/p>\n<p><strong>\u00a1Sembremos juntos, cuidemos juntos y cosechemos juntos el futuro de nuestros hijos!<\/strong><\/p>\n","protected":false},"excerpt":{"rendered":"<p>El tiempo de vacaciones ha llegado a su final y, con \u00e9l, comienza una nueva traves\u00eda para los estudiantes del r\u00e9gimen Sierra-Amazon\u00eda. El 1 de septiembre de 2026 no comienza simplemente un nuevo calendario escolar; comienza una nueva oportunidad para aprender, crecer, superar desaf\u00edos, construir sue\u00f1os y convertirlos en realidades. Pero ning\u00fan estudiante deber\u00eda recorrer este camino solo. El \u00e9xito educativo no es responsabilidad exclusiva del estudiante, ni del docente, ni de la familia. La educaci\u00f3n es una responsabilidad compartida. Cuando estudiantes, padres de familia, docentes y autoridades institucionales unen sus esfuerzos, se crea el terreno f\u00e9rtil donde pueden florecer los aprendizajes, los valores y los sue\u00f1os. Por eso, hoy debemos asumir un compromiso com\u00fan: construir un excelente clima escolar, familiar y laboral, donde prevalezcan el respeto, la empat\u00eda, la solidaridad, la confianza y el di\u00e1logo; un ambiente donde podamos expresarnos libremente, escuchar y ser escuchados, comprender nuestras diferencias y aprender unos de otros. Los estudiantes son los protagonistas de este proceso. Nadie puede aprender por ustedes. Cada clase, cada tarea, cada lectura, cada esfuerzo y cada dificultad superada representa un paso hacia el futuro que desean construir. Pero el aprendizaje no puede desarrollarse plenamente donde existe el miedo, la burla, la violencia o la indiferencia. Por eso, hagamos de nuestras aulas espacios donde nadie tenga miedo de equivocarse, preguntar o expresar lo que piensa. Respetemos al compa\u00f1ero que aprende m\u00e1s despacio, ayudemos al que tiene dificultades, valoremos nuestras diferencias y rechacemos toda forma de violencia o discriminaci\u00f3n. Detr\u00e1s de cada estudiante existe una historia, una familia, unos sue\u00f1os y tambi\u00e9n dificultades que quiz\u00e1 desconocemos. Construyamos aulas donde exista autoridad, pero tambi\u00e9n humanidad; disciplina, pero tambi\u00e9n comprensi\u00f3n; exigencia, pero tambi\u00e9n motivaci\u00f3n. Un estudiante que se siente respetado y valorado tiene mayores posibilidades de comprometerse con su aprendizaje. Los padres de familia deben comprender una verdad fundamental: la educaci\u00f3n es un proceso, no un producto. Ese proceso comienza en septiembre y termina en junio. No basta con matricular a nuestros hijos y esperar que al finalizar el a\u00f1o aparezca una buena libreta de calificaciones. Matricular es sembrar; acompa\u00f1ar es cuidar el crecimiento de la semilla. Durante los diez meses del a\u00f1o lectivo debemos garantizar la asistencia, interesarnos por el rendimiento acad\u00e9mico, el comportamiento y las relaciones de nuestros hijos; asistir a las reuniones de entrega de libretas; dialogar con los docentes y, cuando sea necesario, tomar oportunamente acciones preventivas y correctivas. No esperemos a que aparezca un problema para acercarnos a la instituci\u00f3n. La mejor dificultad es aquella que prevenimos a tiempo. Y no olvidemos que el aprendizaje tambi\u00e9n se construye en casa. Nuestros hijos necesitan encontrar all\u00ed un ambiente de tranquilidad, seguridad y confianza. Existe una regla sencilla que debemos recordar: Cuando aumenta la calma, disminuye el estr\u00e9s. Cuando aumenta la confianza, disminuye el miedo. Y cuando disminuyen el miedo y la ansiedad, nuestros hijos aprenden mejor. Nuestros hijos no necesitan padres perfectos; necesitan padres presentes, interesados y comprometidos. Preguntemos c\u00f3mo les fue, escuchemos sus preocupaciones, reconozcamos sus esfuerzos, pongamos l\u00edmites cuando sea necesario y, sobre todo, hag\u00e1mosles sentir que creemos en ellos. No esperemos al final del a\u00f1o para preocuparnos por su educaci\u00f3n. Acompa\u00f1emos el proceso desde el primer d\u00eda hasta el \u00faltimo. Autoridades y docentes: Un plantel donde existe un buen clima laboral es una instituci\u00f3n que educa mejor. Por ello, necesitamos autoridades que lideren la comunidad educativa con respeto, comunicaci\u00f3n, reconocimiento y trabajo colaborativo. Un docente que se siente valorado y respaldado estar\u00e1 en mejores condiciones para entregar lo mejor de s\u00ed a sus estudiantes. Gestionar un buen clima laboral no significa que nunca existir\u00e1n desacuerdos. Significa aprender a manejarlos con madurez, respeto, comunicaci\u00f3n y sentido institucional. Cuando los adultos trabajamos unidos, nuestros estudiantes reciben un mensaje poderoso: los problemas se pueden resolver dialogando y los grandes objetivos se alcanzan trabajando en equipo. Una sola comunidad educativa, un solo prop\u00f3sito. Este nuevo a\u00f1o escolar nos presenta una oportunidad para dejar atr\u00e1s la indiferencia, las culpas y los reproches. Cuando algo no funciona, no pregunt\u00e9monos primero \u201c\u00bfDe qui\u00e9n es la culpa?\u201d, sino: \u201c\u00bfQu\u00e9 podemos hacer juntos para solucionarlo?\u201d Cuando un estudiante tenga dificultades, familia y escuela deben actuar antes de que el problema crezca. Cuando exista un conflicto, busquemos di\u00e1logo antes que confrontaci\u00f3n. Cuando un estudiante alcance un logro, celebremos juntos. Familias, estudiantes, docentes y autoridades somos piezas diferentes de un mismo engranaje. Si una pieza falla, todo el sistema se resiente. Pero cuando cada uno cumple responsablemente su papel, sucede algo extraordinario: la escuela se transforma en una verdadera comunidad de aprendizaje y convivencia. Al finalizar este a\u00f1o lectivo, queremos recoger una cosecha abundante. Pero recordemos: Una buena cosecha no aparece por casualidad. Hay que preparar la tierra, sembrar, limpiar, abonar, cuidar y perseverar. De la misma manera, nuestros hijos necesitan que los acompa\u00f1emos durante todo el proceso educativo. Hoy, al comenzar este nuevo a\u00f1o lectivo, renovemos nuestro compromiso: Estudiantes: construyan un colegio donde el respeto, la empat\u00eda y la solidaridad sean parte de cada d\u00eda. Padres de familia: construyan hogares donde florezcan la tranquilidad, la confianza, el di\u00e1logo y la motivaci\u00f3n. Autoridades y docentes: construyamos juntos un lugar de trabajo donde cada uno asuma su parte y aporte lo mejor de s\u00ed, para disfrutar de una comunidad educativa unida, capaz de acompa\u00f1ar, inspirar y formar a la sociedad que queremos para el futuro. Que este sea el a\u00f1o en que aprendamos a escucharnos, a comprendernos y a trabajar unidos. Porque cuando familia, escuela y estudiantes trabajan juntos, los sue\u00f1os dejan de ser solamente sue\u00f1os y comienzan a convertirse en realidades. Hagamos de este a\u00f1o una oportunidad para crecer, para construir puentes y para demostrar que, cuando caminamos en la misma direcci\u00f3n, podemos transformar nuestra comunidad y nuestro futuro.\u00a0 \u00a1Sembremos juntos, cuidemos juntos y cosechemos juntos el futuro de nuestros hijos!<\/p>\n","protected":false},"author":1,"featured_media":34060,"comment_status":"closed","ping_status":"closed","sticky":false,"template":"","format":"standard","meta":{"footnotes":""},"categories":[243,7],"tags":[],"class_list":["post-34059","post","type-post","status-publish","format-standard","has-post-thumbnail","hentry","category-noticias-zamora","category-opinion"],"_links":{"self":[{"href":"https:\/\/www.elamazonico.com\/portal\/wp-json\/wp\/v2\/posts\/34059","targetHints":{"allow":["GET"]}}],"collection":[{"href":"https:\/\/www.elamazonico.com\/portal\/wp-json\/wp\/v2\/posts"}],"about":[{"href":"https:\/\/www.elamazonico.com\/portal\/wp-json\/wp\/v2\/types\/post"}],"author":[{"embeddable":true,"href":"https:\/\/www.elamazonico.com\/portal\/wp-json\/wp\/v2\/users\/1"}],"replies":[{"embeddable":true,"href":"https:\/\/www.elamazonico.com\/portal\/wp-json\/wp\/v2\/comments?post=34059"}],"version-history":[{"count":1,"href":"https:\/\/www.elamazonico.com\/portal\/wp-json\/wp\/v2\/posts\/34059\/revisions"}],"predecessor-version":[{"id":34061,"href":"https:\/\/www.elamazonico.com\/portal\/wp-json\/wp\/v2\/posts\/34059\/revisions\/34061"}],"wp:featuredmedia":[{"embeddable":true,"href":"https:\/\/www.elamazonico.com\/portal\/wp-json\/wp\/v2\/media\/34060"}],"wp:attachment":[{"href":"https:\/\/www.elamazonico.com\/portal\/wp-json\/wp\/v2\/media?parent=34059"}],"wp:term":[{"taxonomy":"category","embeddable":true,"href":"https:\/\/www.elamazonico.com\/portal\/wp-json\/wp\/v2\/categories?post=34059"},{"taxonomy":"post_tag","embeddable":true,"href":"https:\/\/www.elamazonico.com\/portal\/wp-json\/wp\/v2\/tags?post=34059"}],"curies":[{"name":"wp","href":"https:\/\/api.w.org\/{rel}","templated":true}]}}