{"id":34051,"date":"2026-09-02T17:26:27","date_gmt":"2026-09-02T22:26:27","guid":{"rendered":"https:\/\/www.elamazonico.com\/portal\/?p=34051"},"modified":"2026-09-02T17:26:27","modified_gmt":"2026-09-02T22:26:27","slug":"enrique-herreria-renuncia-a-la-secretaria-juridica-de-la-presidencia-de-ecuador","status":"publish","type":"post","link":"https:\/\/www.elamazonico.com\/portal\/enrique-herreria-renuncia-a-la-secretaria-juridica-de-la-presidencia-de-ecuador\/","title":{"rendered":"Enrique Herrer\u00eda renuncia a la Secretar\u00eda Jur\u00eddica de la Presidencia de Ecuador"},"content":{"rendered":"<p>El presidente de Ecuador, Daniel Noboa, acept\u00f3 este 2 de septiembre de 2026 la renuncia presentada por Enrique Herrer\u00eda, quien se desempe\u00f1aba como Secretario Jur\u00eddico de la Presidencia.<\/p>\n<p>En junio el presidente Noboa no acept\u00f3 la renuncia que el funcionario hab\u00eda presentado en el contexto del \u00faltimo proceso de reestructuraci\u00f3n del Ejecutivo.<\/p>\n<p>En esta ocasi\u00f3n, la renuncia de Herrer\u00eda s\u00ed fue aceptada tras haber cumplido con el compromiso \u00abde conformar un equipo de profesionales en esa Secretar\u00eda que garantice y coordine la elaboraci\u00f3n de normas para acelerar el indispensable proceso de modernizaci\u00f3n del Estado\u00bb, detall\u00f3 Presidencia de Ecuador.<\/p>\n<p><img decoding=\"async\" src=\"https:\/\/pbs.twimg.com\/media\/HRO7hl9bkAAhQRd?format=jpg&amp;name=900x900\" alt=\"Image\" \/><br \/>\nHerrer\u00eda asumi\u00f3 las funciones como Secretario Jur\u00eddico en noviembre de 2025, bajo el gobierno de Noboa. Hasta marzo del mismo a\u00f1o se hab\u00eda desempe\u00f1ado como juez constitucional.<\/p>\n<p>Integr\u00f3 el primer grupo de nueve jueces designados despu\u00e9s del proceso impulsado por el Consejo de Participaci\u00f3n Ciudadana Transitorio (Cpccs-T) tras la consulta popular de 2018 (promovida por el entonces presidente Len\u00edn Moreno). Permaneci\u00f3 en esa entidad durante casi seis a\u00f1os y dej\u00f3 el cargo en la \u00faltima renovaci\u00f3n de la Corte.<\/p>\n<p>Seg\u00fan el comunicado de la Presidencia, tras dejar la Secretar\u00eda Jur\u00eddica, Herrer\u00eda volver\u00e1 al desempe\u00f1o de sus actividades profesionales en el sector privado.<\/p>\n<p><strong>Aldrin G\u00f3mez es el nuevo Secretario Jur\u00eddico\u00a0<\/strong><br \/>\nHerrer\u00eda se convirti\u00f3 en el tercer Secretario Jur\u00eddico de la Presidencia. Ahora el cargo lo ocupa Aldrin G\u00f3mez, quien es parte del equipo de profesionales que se conform\u00f3 en esa dependencia.<strong> Fuente: Primicias<\/strong><\/p>\n","protected":false},"excerpt":{"rendered":"<p>El presidente de Ecuador, Daniel Noboa, acept\u00f3 este 2 de septiembre de 2026 la renuncia presentada por Enrique Herrer\u00eda, quien se desempe\u00f1aba como Secretario Jur\u00eddico de la Presidencia. En junio el presidente Noboa no acept\u00f3 la renuncia que el funcionario hab\u00eda presentado en el contexto del \u00faltimo proceso de reestructuraci\u00f3n del Ejecutivo. En esta ocasi\u00f3n, la renuncia de Herrer\u00eda s\u00ed fue aceptada tras haber cumplido con el compromiso \u00abde conformar un equipo de profesionales en esa Secretar\u00eda que garantice y coordine la elaboraci\u00f3n de normas para acelerar el indispensable proceso de modernizaci\u00f3n del Estado\u00bb, detall\u00f3 Presidencia de Ecuador. Herrer\u00eda asumi\u00f3 las funciones como Secretario Jur\u00eddico en noviembre de 2025, bajo el gobierno de Noboa. Hasta marzo del mismo a\u00f1o se hab\u00eda desempe\u00f1ado como juez constitucional. Integr\u00f3 el primer grupo de nueve jueces designados despu\u00e9s del proceso impulsado por el Consejo de Participaci\u00f3n Ciudadana Transitorio (Cpccs-T) tras la consulta popular de 2018 (promovida por el entonces presidente Len\u00edn Moreno). Permaneci\u00f3 en esa entidad durante casi seis a\u00f1os y dej\u00f3 el cargo en la \u00faltima renovaci\u00f3n de la Corte. Seg\u00fan el comunicado de la Presidencia, tras dejar la Secretar\u00eda Jur\u00eddica, Herrer\u00eda volver\u00e1 al desempe\u00f1o de sus actividades profesionales en el sector privado. Aldrin G\u00f3mez es el nuevo Secretario Jur\u00eddico\u00a0 Herrer\u00eda se convirti\u00f3 en el tercer Secretario Jur\u00eddico de la Presidencia. Ahora el cargo lo ocupa Aldrin G\u00f3mez, quien es parte del equipo de profesionales que se conform\u00f3 en esa dependencia. Fuente: Primicias<\/p>\n","protected":false},"author":1,"featured_media":34053,"comment_status":"closed","ping_status":"closed","sticky":false,"template":"","format":"standard","meta":{"footnotes":""},"categories":[268],"tags":[],"class_list":["post-34051","post","type-post","status-publish","format-standard","has-post-thumbnail","hentry","category-nacionales"],"_links":{"self":[{"href":"https:\/\/www.elamazonico.com\/portal\/wp-json\/wp\/v2\/posts\/34051","targetHints":{"allow":["GET"]}}],"collection":[{"href":"https:\/\/www.elamazonico.com\/portal\/wp-json\/wp\/v2\/posts"}],"about":[{"href":"https:\/\/www.elamazonico.com\/portal\/wp-json\/wp\/v2\/types\/post"}],"author":[{"embeddable":true,"href":"https:\/\/www.elamazonico.com\/portal\/wp-json\/wp\/v2\/users\/1"}],"replies":[{"embeddable":true,"href":"https:\/\/www.elamazonico.com\/portal\/wp-json\/wp\/v2\/comments?post=34051"}],"version-history":[{"count":1,"href":"https:\/\/www.elamazonico.com\/portal\/wp-json\/wp\/v2\/posts\/34051\/revisions"}],"predecessor-version":[{"id":34054,"href":"https:\/\/www.elamazonico.com\/portal\/wp-json\/wp\/v2\/posts\/34051\/revisions\/34054"}],"wp:featuredmedia":[{"embeddable":true,"href":"https:\/\/www.elamazonico.com\/portal\/wp-json\/wp\/v2\/media\/34053"}],"wp:attachment":[{"href":"https:\/\/www.elamazonico.com\/portal\/wp-json\/wp\/v2\/media?parent=34051"}],"wp:term":[{"taxonomy":"category","embeddable":true,"href":"https:\/\/www.elamazonico.com\/portal\/wp-json\/wp\/v2\/categories?post=34051"},{"taxonomy":"post_tag","embeddable":true,"href":"https:\/\/www.elamazonico.com\/portal\/wp-json\/wp\/v2\/tags?post=34051"}],"curies":[{"name":"wp","href":"https:\/\/api.w.org\/{rel}","templated":true}]}}