{"id":34044,"date":"2026-09-03T04:20:23","date_gmt":"2026-09-03T09:20:23","guid":{"rendered":"https:\/\/www.elamazonico.com\/portal\/?p=34044"},"modified":"2026-09-02T16:17:46","modified_gmt":"2026-09-02T21:17:46","slug":"zumba-inauguro-el-ano-lectivo-2026-2027-con-enfasis-en-educacion-inversion-y-nuevas-oportunidades","status":"publish","type":"post","link":"https:\/\/www.elamazonico.com\/portal\/zumba-inauguro-el-ano-lectivo-2026-2027-con-enfasis-en-educacion-inversion-y-nuevas-oportunidades\/","title":{"rendered":"Zumba inaugur\u00f3 el a\u00f1o lectivo 2026-2027 con \u00e9nfasis en educaci\u00f3n, inversi\u00f3n y nuevas oportunidades"},"content":{"rendered":"<p>El mi\u00e9rcoles 2 de septiembre se desarroll\u00f3 la inauguraci\u00f3n del periodo lectivo 2026-2027 en la Unidad Educativa Manuela S\u00e1enz, de la ciudad de Zumba, cant\u00f3n Chinchipe, con la participaci\u00f3n de estudiantes, docentes, padres de familia y autoridades educativas.<\/p>\n<p>El acto marc\u00f3 el inicio de una nueva etapa acad\u00e9mica para los estudiantes de octavo a\u00f1o de Educaci\u00f3n General B\u00e1sica hasta tercero de Bachillerato General Unificado y T\u00e9cnico. Los alumnos fueron recibidos en una calle de honor como s\u00edmbolo de bienvenida y acompa\u00f1amiento institucional.<\/p>\n<p>Durante la jornada, el rector de la instituci\u00f3n, Milton G\u00f3mez Vald\u00e9z, destac\u00f3 que el nuevo a\u00f1o lectivo representa una oportunidad para fortalecer el aprendizaje, desarrollar talentos y formar ciudadanos comprometidos con su comunidad. Asimismo, reconoci\u00f3 el trabajo de los docentes y resalt\u00f3 la importancia de la participaci\u00f3n conjunta entre la instituci\u00f3n educativa y las familias.<\/p>\n<p>La autoridad anunci\u00f3 adem\u00e1s que pr\u00f3ximamente se prev\u00e9 la inauguraci\u00f3n de un bloque de cuatro aulas, infraestructura que estar\u00e1 al servicio de los estudiantes y de la comunidad educativa. Tambi\u00e9n mencion\u00f3 gestiones relacionadas con la incorporaci\u00f3n de un profesional para el \u00e1rea t\u00e9cnica y la implementaci\u00f3n de pizarras interactivas.<\/p>\n<p>Por su parte, Misael Martinez, director Distrital de Educaci\u00f3n Chinchipe-Palanda, declar\u00f3 oficialmente inaugurado el a\u00f1o lectivo 2026-2027 y present\u00f3 cifras correspondientes al distrito. Seg\u00fan inform\u00f3, el territorio cuenta con 85 instituciones educativas: 50 en Chinchipe y 35 en Palanda, adem\u00e1s de aproximadamente 420 docentes y 5.000 estudiantes.<\/p>\n<p>Mart\u00ednez tambi\u00e9n inform\u00f3 sobre acciones relacionadas con el fortalecimiento de la seguridad en los establecimientos educativos, mediante el denominado Plan Escudo, en coordinaci\u00f3n con la Polic\u00eda Nacional. Asimismo, se\u00f1al\u00f3 que se mantiene el acompa\u00f1amiento para estudiantes con discapacidad mediante la figura de apoyo en aula, junto con procesos de capacitaci\u00f3n gratuita para familiares.<\/p>\n<p>En materia de recursos educativos, indic\u00f3 que los uniformes escolares ya se encuentran disponibles en el Distrito Educativo, mientras que los textos escolares ser\u00e1n entregados durante septiembre. A\u00f1adi\u00f3 que, de acuerdo con la informaci\u00f3n presentada durante el acto, el Distrito Chinchipe-Palanda registra una inversi\u00f3n aproximada de 8 millones de d\u00f3lares durante este a\u00f1o, destinada a diferentes componentes vinculados con la educaci\u00f3n.<\/p>\n<p>El inicio del periodo lectivo 2026-2027 deja como principales desaf\u00edos el fortalecimiento de la calidad educativa, la ampliaci\u00f3n de infraestructura, la seguridad de los establecimientos y la articulaci\u00f3n entre autoridades, docentes, estudiantes y familias.<\/p>\n<p>Con este acto, la Unidad Educativa Manuela S\u00e1enz abri\u00f3 oficialmente sus puertas a un nuevo a\u00f1o acad\u00e9mico, reafirmando su compromiso con la formaci\u00f3n de ni\u00f1os y j\u00f3venes del cant\u00f3n Chinchipe.<\/p>\n","protected":false},"excerpt":{"rendered":"<p>El mi\u00e9rcoles 2 de septiembre se desarroll\u00f3 la inauguraci\u00f3n del periodo lectivo 2026-2027 en la Unidad Educativa Manuela S\u00e1enz, de la ciudad de Zumba, cant\u00f3n Chinchipe, con la participaci\u00f3n de estudiantes, docentes, padres de familia y autoridades educativas. El acto marc\u00f3 el inicio de una nueva etapa acad\u00e9mica para los estudiantes de octavo a\u00f1o de Educaci\u00f3n General B\u00e1sica hasta tercero de Bachillerato General Unificado y T\u00e9cnico. Los alumnos fueron recibidos en una calle de honor como s\u00edmbolo de bienvenida y acompa\u00f1amiento institucional. Durante la jornada, el rector de la instituci\u00f3n, Milton G\u00f3mez Vald\u00e9z, destac\u00f3 que el nuevo a\u00f1o lectivo representa una oportunidad para fortalecer el aprendizaje, desarrollar talentos y formar ciudadanos comprometidos con su comunidad. Asimismo, reconoci\u00f3 el trabajo de los docentes y resalt\u00f3 la importancia de la participaci\u00f3n conjunta entre la instituci\u00f3n educativa y las familias. La autoridad anunci\u00f3 adem\u00e1s que pr\u00f3ximamente se prev\u00e9 la inauguraci\u00f3n de un bloque de cuatro aulas, infraestructura que estar\u00e1 al servicio de los estudiantes y de la comunidad educativa. Tambi\u00e9n mencion\u00f3 gestiones relacionadas con la incorporaci\u00f3n de un profesional para el \u00e1rea t\u00e9cnica y la implementaci\u00f3n de pizarras interactivas. Por su parte, Misael Martinez, director Distrital de Educaci\u00f3n Chinchipe-Palanda, declar\u00f3 oficialmente inaugurado el a\u00f1o lectivo 2026-2027 y present\u00f3 cifras correspondientes al distrito. Seg\u00fan inform\u00f3, el territorio cuenta con 85 instituciones educativas: 50 en Chinchipe y 35 en Palanda, adem\u00e1s de aproximadamente 420 docentes y 5.000 estudiantes. Mart\u00ednez tambi\u00e9n inform\u00f3 sobre acciones relacionadas con el fortalecimiento de la seguridad en los establecimientos educativos, mediante el denominado Plan Escudo, en coordinaci\u00f3n con la Polic\u00eda Nacional. Asimismo, se\u00f1al\u00f3 que se mantiene el acompa\u00f1amiento para estudiantes con discapacidad mediante la figura de apoyo en aula, junto con procesos de capacitaci\u00f3n gratuita para familiares. En materia de recursos educativos, indic\u00f3 que los uniformes escolares ya se encuentran disponibles en el Distrito Educativo, mientras que los textos escolares ser\u00e1n entregados durante septiembre. A\u00f1adi\u00f3 que, de acuerdo con la informaci\u00f3n presentada durante el acto, el Distrito Chinchipe-Palanda registra una inversi\u00f3n aproximada de 8 millones de d\u00f3lares durante este a\u00f1o, destinada a diferentes componentes vinculados con la educaci\u00f3n. El inicio del periodo lectivo 2026-2027 deja como principales desaf\u00edos el fortalecimiento de la calidad educativa, la ampliaci\u00f3n de infraestructura, la seguridad de los establecimientos y la articulaci\u00f3n entre autoridades, docentes, estudiantes y familias. Con este acto, la Unidad Educativa Manuela S\u00e1enz abri\u00f3 oficialmente sus puertas a un nuevo a\u00f1o acad\u00e9mico, reafirmando su compromiso con la formaci\u00f3n de ni\u00f1os y j\u00f3venes del cant\u00f3n Chinchipe.<\/p>\n","protected":false},"author":1,"featured_media":34045,"comment_status":"closed","ping_status":"closed","sticky":false,"template":"","format":"standard","meta":{"footnotes":""},"categories":[243],"tags":[],"class_list":["post-34044","post","type-post","status-publish","format-standard","has-post-thumbnail","hentry","category-noticias-zamora"],"_links":{"self":[{"href":"https:\/\/www.elamazonico.com\/portal\/wp-json\/wp\/v2\/posts\/34044","targetHints":{"allow":["GET"]}}],"collection":[{"href":"https:\/\/www.elamazonico.com\/portal\/wp-json\/wp\/v2\/posts"}],"about":[{"href":"https:\/\/www.elamazonico.com\/portal\/wp-json\/wp\/v2\/types\/post"}],"author":[{"embeddable":true,"href":"https:\/\/www.elamazonico.com\/portal\/wp-json\/wp\/v2\/users\/1"}],"replies":[{"embeddable":true,"href":"https:\/\/www.elamazonico.com\/portal\/wp-json\/wp\/v2\/comments?post=34044"}],"version-history":[{"count":1,"href":"https:\/\/www.elamazonico.com\/portal\/wp-json\/wp\/v2\/posts\/34044\/revisions"}],"predecessor-version":[{"id":34046,"href":"https:\/\/www.elamazonico.com\/portal\/wp-json\/wp\/v2\/posts\/34044\/revisions\/34046"}],"wp:featuredmedia":[{"embeddable":true,"href":"https:\/\/www.elamazonico.com\/portal\/wp-json\/wp\/v2\/media\/34045"}],"wp:attachment":[{"href":"https:\/\/www.elamazonico.com\/portal\/wp-json\/wp\/v2\/media?parent=34044"}],"wp:term":[{"taxonomy":"category","embeddable":true,"href":"https:\/\/www.elamazonico.com\/portal\/wp-json\/wp\/v2\/categories?post=34044"},{"taxonomy":"post_tag","embeddable":true,"href":"https:\/\/www.elamazonico.com\/portal\/wp-json\/wp\/v2\/tags?post=34044"}],"curies":[{"name":"wp","href":"https:\/\/api.w.org\/{rel}","templated":true}]}}