{"id":34029,"date":"2026-09-02T04:58:16","date_gmt":"2026-09-02T09:58:16","guid":{"rendered":"https:\/\/www.elamazonico.com\/portal\/?p=34029"},"modified":"2026-09-01T20:02:26","modified_gmt":"2026-09-02T01:02:26","slug":"la-unidad-educativa-la-inmaculada-inicia-el-ano-lectivo-con-cerca-de-800-estudiantes","status":"publish","type":"post","link":"https:\/\/www.elamazonico.com\/portal\/la-unidad-educativa-la-inmaculada-inicia-el-ano-lectivo-con-cerca-de-800-estudiantes\/","title":{"rendered":"La Unidad Educativa La Inmaculada inicia el a\u00f1o lectivo con cerca de 800 estudiantes"},"content":{"rendered":"<p>El martes 1 de septiembre de 2026, la Unidad Educativa Fiscomisional La Inmaculada, del cant\u00f3n Zamora, dio inicio al nuevo a\u00f1o lectivo con la incorporaci\u00f3n de estudiantes de Inicial 1, Inicial 2 y Preparatoria, como parte del cronograma establecido por la instituci\u00f3n.<\/p>\n<p>La directora de la instituci\u00f3n, Beatriz Bonete, destac\u00f3 la confianza depositada por los padres de familia en el proyecto educativo y se\u00f1al\u00f3 que la inauguraci\u00f3n oficial del a\u00f1o lectivo se desarrollar\u00e1 este jueves 3 de septiembre, con la participaci\u00f3n de todos los estudiantes, desde Inicial 1 hasta s\u00e9ptimo a\u00f1o de Educaci\u00f3n General B\u00e1sica.<\/p>\n<p>La instituci\u00f3n educativa cuenta actualmente con aproximadamente 800 estudiantes y 36 docentes, quienes conforman la comunidad educativa encargada de acompa\u00f1ar el proceso acad\u00e9mico y formativo durante el nuevo periodo escolar.<\/p>\n<p>Bonete hizo \u00e9nfasis en la importancia de fortalecer la puntualidad y los valores desde el hogar, al considerar que la formaci\u00f3n integral de los estudiantes requiere un trabajo articulado entre la instituci\u00f3n educativa y las familias.<\/p>\n<p><strong>Educaci\u00f3n basada en valores y formaci\u00f3n integral<\/strong><br \/>\nDurante el inicio de clases, la directora expres\u00f3 su bienvenida a los estudiantes y resalt\u00f3 que el nuevo a\u00f1o representa una oportunidad para aprender, desarrollar nuevas habilidades y fortalecer los v\u00ednculos de amistad.<\/p>\n<p>Desde la identidad fiscomisional de la instituci\u00f3n, se\u00f1al\u00f3 que el proceso educativo busca integrar aprendizaje, valores y fe, adem\u00e1s de brindar a los estudiantes un entorno de acompa\u00f1amiento, cuidado y orientaci\u00f3n.<\/p>\n<p>En su mensaje, Bonete cit\u00f3 el Evangelio de San Mateo 18 como parte de la reflexi\u00f3n espiritual dirigida a la comunidad educativa y destac\u00f3 el compromiso de docentes y personal institucional para acompa\u00f1ar a los ni\u00f1os con paciencia, promoviendo su crecimiento en conocimientos, valores y formaci\u00f3n humana.<\/p>\n<p>Asimismo, agradeci\u00f3 a los padres de familia por confiar la educaci\u00f3n de sus hijos a la instituci\u00f3n y manifest\u00f3 que la comunidad educativa mantiene el compromiso de velar por su bienestar.<\/p>\n<p><strong>Llamado a la corresponsabilidad de las familias<\/strong><br \/>\nLa directora tambi\u00e9n record\u00f3 a los representantes legales el compromiso asumido durante el proceso de matriculaci\u00f3n, enfatizando que la educaci\u00f3n requiere una participaci\u00f3n activa de las familias.<\/p>\n<p>En este contexto, hizo un llamado a los padres y madres de familia a involucrarse en las diferentes actividades institucionales, entre ellas mingas, reuniones y sesiones, como parte de la corresponsabilidad que existe entre el hogar y la instituci\u00f3n educativa.<\/p>\n<p>El inicio de clases marca as\u00ed el comienzo de un nuevo periodo de formaci\u00f3n para cerca de 800 estudiantes, con una comunidad educativa integrada por 36 docentes y bajo una propuesta que busca articular el aprendizaje acad\u00e9mico con la formaci\u00f3n en valores y principios cristianos.<\/p>\n","protected":false},"excerpt":{"rendered":"<p>El martes 1 de septiembre de 2026, la Unidad Educativa Fiscomisional La Inmaculada, del cant\u00f3n Zamora, dio inicio al nuevo a\u00f1o lectivo con la incorporaci\u00f3n de estudiantes de Inicial 1, Inicial 2 y Preparatoria, como parte del cronograma establecido por la instituci\u00f3n. La directora de la instituci\u00f3n, Beatriz Bonete, destac\u00f3 la confianza depositada por los padres de familia en el proyecto educativo y se\u00f1al\u00f3 que la inauguraci\u00f3n oficial del a\u00f1o lectivo se desarrollar\u00e1 este jueves 3 de septiembre, con la participaci\u00f3n de todos los estudiantes, desde Inicial 1 hasta s\u00e9ptimo a\u00f1o de Educaci\u00f3n General B\u00e1sica. La instituci\u00f3n educativa cuenta actualmente con aproximadamente 800 estudiantes y 36 docentes, quienes conforman la comunidad educativa encargada de acompa\u00f1ar el proceso acad\u00e9mico y formativo durante el nuevo periodo escolar. Bonete hizo \u00e9nfasis en la importancia de fortalecer la puntualidad y los valores desde el hogar, al considerar que la formaci\u00f3n integral de los estudiantes requiere un trabajo articulado entre la instituci\u00f3n educativa y las familias. Educaci\u00f3n basada en valores y formaci\u00f3n integral Durante el inicio de clases, la directora expres\u00f3 su bienvenida a los estudiantes y resalt\u00f3 que el nuevo a\u00f1o representa una oportunidad para aprender, desarrollar nuevas habilidades y fortalecer los v\u00ednculos de amistad. Desde la identidad fiscomisional de la instituci\u00f3n, se\u00f1al\u00f3 que el proceso educativo busca integrar aprendizaje, valores y fe, adem\u00e1s de brindar a los estudiantes un entorno de acompa\u00f1amiento, cuidado y orientaci\u00f3n. En su mensaje, Bonete cit\u00f3 el Evangelio de San Mateo 18 como parte de la reflexi\u00f3n espiritual dirigida a la comunidad educativa y destac\u00f3 el compromiso de docentes y personal institucional para acompa\u00f1ar a los ni\u00f1os con paciencia, promoviendo su crecimiento en conocimientos, valores y formaci\u00f3n humana. Asimismo, agradeci\u00f3 a los padres de familia por confiar la educaci\u00f3n de sus hijos a la instituci\u00f3n y manifest\u00f3 que la comunidad educativa mantiene el compromiso de velar por su bienestar. Llamado a la corresponsabilidad de las familias La directora tambi\u00e9n record\u00f3 a los representantes legales el compromiso asumido durante el proceso de matriculaci\u00f3n, enfatizando que la educaci\u00f3n requiere una participaci\u00f3n activa de las familias. En este contexto, hizo un llamado a los padres y madres de familia a involucrarse en las diferentes actividades institucionales, entre ellas mingas, reuniones y sesiones, como parte de la corresponsabilidad que existe entre el hogar y la instituci\u00f3n educativa. El inicio de clases marca as\u00ed el comienzo de un nuevo periodo de formaci\u00f3n para cerca de 800 estudiantes, con una comunidad educativa integrada por 36 docentes y bajo una propuesta que busca articular el aprendizaje acad\u00e9mico con la formaci\u00f3n en valores y principios cristianos.<\/p>\n","protected":false},"author":1,"featured_media":34030,"comment_status":"closed","ping_status":"closed","sticky":false,"template":"","format":"standard","meta":{"footnotes":""},"categories":[243],"tags":[],"class_list":["post-34029","post","type-post","status-publish","format-standard","has-post-thumbnail","hentry","category-noticias-zamora"],"_links":{"self":[{"href":"https:\/\/www.elamazonico.com\/portal\/wp-json\/wp\/v2\/posts\/34029","targetHints":{"allow":["GET"]}}],"collection":[{"href":"https:\/\/www.elamazonico.com\/portal\/wp-json\/wp\/v2\/posts"}],"about":[{"href":"https:\/\/www.elamazonico.com\/portal\/wp-json\/wp\/v2\/types\/post"}],"author":[{"embeddable":true,"href":"https:\/\/www.elamazonico.com\/portal\/wp-json\/wp\/v2\/users\/1"}],"replies":[{"embeddable":true,"href":"https:\/\/www.elamazonico.com\/portal\/wp-json\/wp\/v2\/comments?post=34029"}],"version-history":[{"count":1,"href":"https:\/\/www.elamazonico.com\/portal\/wp-json\/wp\/v2\/posts\/34029\/revisions"}],"predecessor-version":[{"id":34031,"href":"https:\/\/www.elamazonico.com\/portal\/wp-json\/wp\/v2\/posts\/34029\/revisions\/34031"}],"wp:featuredmedia":[{"embeddable":true,"href":"https:\/\/www.elamazonico.com\/portal\/wp-json\/wp\/v2\/media\/34030"}],"wp:attachment":[{"href":"https:\/\/www.elamazonico.com\/portal\/wp-json\/wp\/v2\/media?parent=34029"}],"wp:term":[{"taxonomy":"category","embeddable":true,"href":"https:\/\/www.elamazonico.com\/portal\/wp-json\/wp\/v2\/categories?post=34029"},{"taxonomy":"post_tag","embeddable":true,"href":"https:\/\/www.elamazonico.com\/portal\/wp-json\/wp\/v2\/tags?post=34029"}],"curies":[{"name":"wp","href":"https:\/\/api.w.org\/{rel}","templated":true}]}}