{"id":34014,"date":"2026-09-01T15:20:26","date_gmt":"2026-09-01T20:20:26","guid":{"rendered":"https:\/\/www.elamazonico.com\/portal\/?p=34014"},"modified":"2026-09-01T15:20:40","modified_gmt":"2026-09-01T20:20:40","slug":"los-casos-que-salpicaron-a-jose-serrano-vuelven-a-salir-a-la-luz-gabela-balda-lara","status":"publish","type":"post","link":"https:\/\/www.elamazonico.com\/portal\/los-casos-que-salpicaron-a-jose-serrano-vuelven-a-salir-a-la-luz-gabela-balda-lara\/","title":{"rendered":"Los casos que salpicaron a Jos\u00e9 Serrano vuelven a salir a la luz: Gabela, Balda, Lara&#8230;"},"content":{"rendered":"<p>La\u00a0<a href=\"https:\/\/www.ecuavisa.com\/tema\/jose-serrano-t94695\" target=\"_blank\" rel=\"noopener\">deportaci\u00f3n de Jos\u00e9 Serrano<\/a>\u00a0desempolv\u00f3 una serie de<strong>\u00a0casos de repercusi\u00f3n nacional<\/strong>\u00a0que estaban empolvados en Ecuador hasta hace poco.<\/p>\n<p>Estamos hablando de casos como el\u00a0<strong>desfalco al Isspol<\/strong>, el secuestro del pol\u00edtico\u00a0<strong>Fernando Balda,<\/strong>\u00a0el informe extraviado por el asesinato del general\u00a0<strong>Jorge Gabela<\/strong>, la supuesta masacre de\u00a0<strong>Galo Lara<\/strong>\u00a0y la revuelta policial del\u00a0<strong>30 de septiembre (30S)<\/strong>.<\/p>\n<div class=\"banner-context\">\n<div id=\"article_desktop_block_1\" class=\"bannersaas banner-desktop\" data-google-query-id=\"CPjR8IaZzpYDFdYFHAAdN5kTlA\">Sus<strong>\u00a0protagonistas<\/strong>\u00a0recordaron c\u00f3mo habr\u00eda actuado el exministro fuerte del corre\u00edsmo, acus\u00e1ndolo de corrupci\u00f3n, ocultamiento de informaci\u00f3n, imputaciones y procesos penales forjados e incluso \u00f3rdenes de secuestro.<\/div>\n<\/div>\n<p>Y es que\u00a0<strong>Jos\u00e9 Serrano tuvo un rol protag\u00f3nico en el gobierno de Rafael Correa<\/strong>, ocupando los ministerios de Justicia e Interior. El periodista de investigaci\u00f3n, Juan Carlos Calder\u00f3n lo calific\u00f3 como\u00a0<strong>\u201cel hombre fuerte del gobierno del hombre fuerte (Correa)\u201d<\/strong>.<\/p>\n<div class=\"banner-context\">\n<div id=\"article_desktop_block_2\" class=\"bannersaas banner-desktop\" data-google-query-id=\"CPnR8IaZzpYDFdYFHAAdN5kTlA\">A la fecha, <strong>Jos\u00e9 Serrano\u00a0<\/strong>se encuentra recluido en la C\u00e1rcel del Encuentro, la de m\u00e1xima seguridad del Ecuador, porque sobre \u00e9l pesa la medida de prisi\u00f3n preventiva por el<strong>\u00a0caso Magnicidio FV<\/strong>, en el que Fiscal\u00eda lo se\u00f1ala como presunto mentalizador del asesinato de Fernando Villavicencio.<\/div>\n<\/div>\n<h2>Caso Galo Lara<\/h2>\n<p><strong>Galo Lara y su esposa Carolina Llanos<\/strong>\u00a0fueron acusados como los planificadores de un triple asesinato en 2011 en Quinsaloma, Los R\u00edos. Al a\u00f1o siguiente fueron sentenciados a prisi\u00f3n, hasta que en 2021 se comprob\u00f3 su inocencia.<\/p>\n<p>En 2011, Galo Lara era de uno de los opositores m\u00e1s \u00e1cidos del presidente\u00a0<strong>Rafael Correa<\/strong>\u00a0y el ahora candidato a la Alcald\u00eda de Quevedo por ADN sostiene que la acusaci\u00f3n respondi\u00f3 a una venganza pol\u00edtica por las denuncias que realizaba.<\/p>\n<div class=\"banner-context\">\n<div id=\"article_desktop_block_3\" class=\"bannersaas banner-desktop\" data-google-query-id=\"CLqf_oaZzpYDFdYFHAAdN5kTlA\">\n<div id=\"google_ads_iframe_\/49542283\/ecuavisa.com\/article_desktop_block_3_0__container__\">Lara se hab\u00eda ocultado en Panam\u00e1, pero desde ah\u00ed, en 2014, fue extraditado de manera sospechosa, pues se presume hubo un acuerdo de por medio. El hijo del pol\u00edtico,<strong>\u00a0Galo Lara Loor\u00a0<\/strong>asegur\u00f3 el 29 de agosto que uno de los que estuvo detr\u00e1s de eso fue Jos\u00e9 Serrano.<\/div>\n<\/div>\n<\/div>\n<div>\n<div id=\"twitter-40\" class=\"ck-twitter\">\n<div class=\"twitter-tweet twitter-tweet-rendered\"><iframe id=\"twitter-widget-0\" class=\"\" title=\"X Post\" src=\"https:\/\/platform.twitter.com\/embed\/Tweet.html?dnt=false&amp;embedId=twitter-widget-0&amp;features=eyJ0ZndfdGltZWxpbmVfbGlzdCI6eyJidWNrZXQiOltdLCJ2ZXJzaW9uIjpudWxsfSwidGZ3X2ZvbGxvd2VyX2NvdW50X3N1bnNldCI6eyJidWNrZXQiOnRydWUsInZlcnNpb24iOm51bGx9LCJ0ZndfdHdlZXRfZWRpdF9iYWNrZW5kIjp7ImJ1Y2tldCI6Im9uIiwidmVyc2lvbiI6bnVsbH0sInRmd19yZWZzcmNfc2Vzc2lvbiI6eyJidWNrZXQiOiJvbiIsInZlcnNpb24iOm51bGx9LCJ0ZndfZm9zbnJfc29mdF9pbnRlcnZlbnRpb25zX2VuYWJsZWQiOnsiYnVja2V0Ijoib24iLCJ2ZXJzaW9uIjpudWxsfSwidGZ3X21peGVkX21lZGlhXzE1ODk3Ijp7ImJ1Y2tldCI6InRyZWF0bWVudCIsInZlcnNpb24iOm51bGx9LCJ0ZndfZXhwZXJpbWVudHNfY29va2llX2V4cGlyYXRpb24iOnsiYnVja2V0IjoxMjA5NjAwLCJ2ZXJzaW9uIjpudWxsfSwidGZ3X3Nob3dfYmlyZHdhdGNoX3Bpdm90c19lbmFibGVkIjp7ImJ1Y2tldCI6Im9uIiwidmVyc2lvbiI6bnVsbH0sInRmd19kdXBsaWNhdGVfc2NyaWJlc190b19zZXR0aW5ncyI6eyJidWNrZXQiOiJvbiIsInZlcnNpb24iOm51bGx9LCJ0ZndfdXNlX3Byb2ZpbGVfaW1hZ2Vfc2hhcGVfZW5hYmxlZCI6eyJidWNrZXQiOiJvbiIsInZlcnNpb24iOm51bGx9LCJ0ZndfdmlkZW9faGxzX2R5bmFtaWNfbWFuaWZlc3RzXzE1MDgyIjp7ImJ1Y2tldCI6InRydWVfYml0cmF0ZSIsInZlcnNpb24iOm51bGx9LCJ0ZndfbGVnYWN5X3RpbWVsaW5lX3N1bnNldCI6eyJidWNrZXQiOnRydWUsInZlcnNpb24iOm51bGx9LCJ0ZndfdHdlZXRfZWRpdF9mcm9udGVuZCI6eyJidWNrZXQiOiJvbiIsInZlcnNpb24iOm51bGx9fQ%3D%3D&amp;frame=false&amp;hideCard=false&amp;hideThread=false&amp;id=2093764935448678687&amp;lang=es&amp;origin=https%3A%2F%2Fwww.ecuavisa.com%2Fla-noticia-a-fondo%2Fdetencion-jose-serrano-tres-casos-vuelven-aparecer-20260831-0059.html&amp;sessionId=f44eb8070214c93e260400d6f7227104ab9a47f2&amp;siteScreenName=ecuavisa&amp;theme=light&amp;widgetsVersion=6a3ad42b224df%3A1778106238597&amp;width=550px\" frameborder=\"0\" scrolling=\"no\" allowfullscreen=\"allowfullscreen\" data-gtm-yt-inspected-13=\"true\" data-tweet-id=\"2093764935448678687\" data-mce-fragment=\"1\"><\/iframe><\/div>\n<\/div>\n<\/div>\n<p>En su calidad de Ministro del Interior,<strong>\u00a0Jos\u00e9 Serrano siempre defendi\u00f3 que Lara era c\u00f3mplice de un macabro crimen.\u00a0<\/strong>\u201cEste es el caso de un c\u00f3mplice de asesinato, que no puede quedar en la impunidad. Los autores materiales y uno de los actores intelectuales ya fueron juzgados, pero los c\u00f3mplices deben enfrentar la justicia del mismo modo\u201d, manifest\u00f3 en su momento.<\/p>\n<p>Por su parte, Galo Lara dijo que no tiene \u00e1nimo de revancha contra Serrano porque ya lo perdon\u00f3.<\/p>\n<div class=\"banner-context\"><\/div>\n<div class=\"ck-related-news\">\n<div id=\"relatedNews-69\"><strong>Secuestro de Fernando Balda<\/strong><\/div>\n<\/div>\n<p>El\u00a0<strong>pol\u00edtico Fernando Balda fue secuestrado en Colombia<\/strong>\u00a0en agosto de 2012 y siete a\u00f1os despu\u00e9s, dos polic\u00edas de Inteligencia fueron sentenciados: Diana Falc\u00f3n y Ra\u00fal &#8216;El Rat\u00f3n&#8217; Chicaiza.<\/p>\n<p>Este \u00faltimo busc\u00f3 ayuda de toda \u00edndole para evitar la prisi\u00f3n, pero le cerraron las puertas para una misi\u00f3n que le hab\u00edan pedido sus superiores, dijo.<\/p>\n<p>En el libro &#8216;Despu\u00e9s olvidar\u00e1n nuestros nombres&#8217;, del periodista Juan Carlos Calder\u00f3n, se revela que<strong>\u00a0Chicaiza mantuvo conversaciones con Jos\u00e9 Serrano en 2018<\/strong>, quien por entonces era el presidente de la Asamblea Nacional. Esos di\u00e1logos fueron grabados clandestinamente por el agente. Hablaban sobre cu\u00e1nto dinero necesitaba para defenderse, lo que daba a entender que Serrano estaba al tanto del plan de secuestro. Al final, el agente Chicaiza no lo vincul\u00f3.<\/p>\n<div class=\"banner-context\">\n<div id=\"article_desktop_block_5\" class=\"bannersaas banner-desktop\" data-google-query-id=\"CPzR8IaZzpYDFdYFHAAdN5kTlA\"><\/div>\n<\/div>\n<p><strong>Fernando Balda celebr\u00f3 la detenci\u00f3n de Jos\u00e9 Serrano<\/strong>\u00a0y denunci\u00f3 que cuando estuvo recluido fue trasladado a otra c\u00e1rcel sin explicaci\u00f3n alguna. \u201cDespu\u00e9s supe que detr\u00e1s de aquel traslado exist\u00eda una intenci\u00f3n mucho m\u00e1s oscura, incluso la de simular una supuesta fuga\u201d, coment\u00f3 en X.<\/p>\n<h2>Caso Jorge Gabela<\/h2>\n<div>\n<figure id=\"cnt_img_9616\" class=\"image\"><figcaption>Publicaci\u00f3n sobre el caso Gabela en el que habla Jos\u00e9 Serrano. (Captura Ministerio de Gobierno)<span style=\"background-color: #ffffff;\">El general Jorge Gabela fue asesinado en diciembre de 2010 en Guayaquil y el caso no termina por cerrar para\u00a0<\/span><strong style=\"background-color: #ffffff;\">Patricia Ochoa<\/strong><span style=\"background-color: #ffffff;\">\u00a0hasta la fecha. El crimen de Gabela ocurri\u00f3 en un contexto en el que denunciaba que los\u00a0<\/span><strong style=\"background-color: #ffffff;\">helic\u00f3pteros Dhruv<\/strong><span style=\"background-color: #ffffff;\">\u00a0adquiridos por el Ministerio de Defensa ten\u00edan fallas t\u00e9cnicas.<\/span><\/figcaption><\/figure>\n<\/div>\n<p>Aunque el Gobierno sosten\u00eda que el asesinato respond\u00eda a delincuencia com\u00fan, Patricia Ochoa nunca crey\u00f3 en esa hip\u00f3tesis. Por eso se cre\u00f3 un Comit\u00e9 y se contrat\u00f3 al\u00a0<strong>perito Roberto Meza,<\/strong>\u00a0quien elabor\u00f3 tres informes en 2013. El \u00faltimo apuntaba a los posibles autores intelectuales, pero este se extravi\u00f3 en manos estatales.<\/p>\n<p>Ochoa sospecha que\u00a0<strong>Serrano pudo ser uno de los funcionarios que estuvo detr\u00e1s del Tercer Informe extraviado.<\/strong><\/p>\n<p>Meza regres\u00f3 al pa\u00eds en 2023 para reconstruir ese producto.<\/p>\n<div>\n<div id=\"fb-134\" class=\"ckeditor-ifb\"><iframe src=\"https:\/\/www.facebook.com\/plugins\/post.php?href=https%3A%2F%2Fwww.facebook.com%2Fpatricia.ochoasantos%2Fposts%2Fpfbid02pyJNHT4KEWJKch5bPYnLedFqPY36K56FPWStFzRFjseRjS75ZmpVuXz5NeQBBXMql&amp;show_text=true&amp;width=500\" width=\"500\" height=\"607\" frameborder=\"0\" scrolling=\"no\" allowfullscreen=\"allowfullscreen\" data-gtm-yt-inspected-13=\"true\" data-mce-fragment=\"1\"><\/iframe><\/div>\n<\/div>\n<h2>30S: el caso Francisco Endara<\/h2>\n<p><strong>Francisco Endara Daza<\/strong>\u00a0fue sentenciado en tres instancias nacionales por supuestamente participar en la incursi\u00f3n a Ecuador TV durante la\u00a0<strong>revuelta policial del 30 de septiembre de 2010, conocido como 30S.<\/strong><\/p>\n<p>Fue un caso llamativo porque en cada instancia la imputaci\u00f3n iba cambiando, primero acusado de sabotaje y terrorismo, luego se\u00f1alado como un<strong>\u00a0\u201capaciguador\u201d de la protesta<\/strong>, \u201cpero que particip\u00f3 y con su aplauso en un momento determinado hac\u00eda manifiesto y exteriorizaba su acuerdo general con la actuaci\u00f3n del colectivo social\u2026\u201d.<\/p>\n<div>\n<div id=\"twitter-979\" class=\"ck-twitter\">\n<div class=\"twitter-tweet twitter-tweet-rendered\"><iframe id=\"twitter-widget-1\" class=\"\" title=\"X Post\" src=\"https:\/\/platform.twitter.com\/embed\/Tweet.html?dnt=false&amp;embedId=twitter-widget-1&amp;features=eyJ0ZndfdGltZWxpbmVfbGlzdCI6eyJidWNrZXQiOltdLCJ2ZXJzaW9uIjpudWxsfSwidGZ3X2ZvbGxvd2VyX2NvdW50X3N1bnNldCI6eyJidWNrZXQiOnRydWUsInZlcnNpb24iOm51bGx9LCJ0ZndfdHdlZXRfZWRpdF9iYWNrZW5kIjp7ImJ1Y2tldCI6Im9uIiwidmVyc2lvbiI6bnVsbH0sInRmd19yZWZzcmNfc2Vzc2lvbiI6eyJidWNrZXQiOiJvbiIsInZlcnNpb24iOm51bGx9LCJ0ZndfZm9zbnJfc29mdF9pbnRlcnZlbnRpb25zX2VuYWJsZWQiOnsiYnVja2V0Ijoib24iLCJ2ZXJzaW9uIjpudWxsfSwidGZ3X21peGVkX21lZGlhXzE1ODk3Ijp7ImJ1Y2tldCI6InRyZWF0bWVudCIsInZlcnNpb24iOm51bGx9LCJ0ZndfZXhwZXJpbWVudHNfY29va2llX2V4cGlyYXRpb24iOnsiYnVja2V0IjoxMjA5NjAwLCJ2ZXJzaW9uIjpudWxsfSwidGZ3X3Nob3dfYmlyZHdhdGNoX3Bpdm90c19lbmFibGVkIjp7ImJ1Y2tldCI6Im9uIiwidmVyc2lvbiI6bnVsbH0sInRmd19kdXBsaWNhdGVfc2NyaWJlc190b19zZXR0aW5ncyI6eyJidWNrZXQiOiJvbiIsInZlcnNpb24iOm51bGx9LCJ0ZndfdXNlX3Byb2ZpbGVfaW1hZ2Vfc2hhcGVfZW5hYmxlZCI6eyJidWNrZXQiOiJvbiIsInZlcnNpb24iOm51bGx9LCJ0ZndfdmlkZW9faGxzX2R5bmFtaWNfbWFuaWZlc3RzXzE1MDgyIjp7ImJ1Y2tldCI6InRydWVfYml0cmF0ZSIsInZlcnNpb24iOm51bGx9LCJ0ZndfbGVnYWN5X3RpbWVsaW5lX3N1bnNldCI6eyJidWNrZXQiOnRydWUsInZlcnNpb24iOm51bGx9LCJ0ZndfdHdlZXRfZWRpdF9mcm9udGVuZCI6eyJidWNrZXQiOiJvbiIsInZlcnNpb24iOm51bGx9fQ%3D%3D&amp;frame=false&amp;hideCard=false&amp;hideThread=false&amp;id=2093697784863989891&amp;lang=es&amp;origin=https%3A%2F%2Fwww.ecuavisa.com%2Fla-noticia-a-fondo%2Fdetencion-jose-serrano-tres-casos-vuelven-aparecer-20260831-0059.html&amp;sessionId=f44eb8070214c93e260400d6f7227104ab9a47f2&amp;siteScreenName=ecuavisa&amp;theme=light&amp;widgetsVersion=6a3ad42b224df%3A1778106238597&amp;width=550px\" frameborder=\"0\" scrolling=\"no\" allowfullscreen=\"allowfullscreen\" data-gtm-yt-inspected-13=\"true\" data-tweet-id=\"2093697784863989891\" data-mce-fragment=\"1\"><\/iframe><\/div>\n<\/div>\n<\/div>\n<p><strong>\u201cMe sentenciaron por aplaudir\u201d<\/strong>, manifest\u00f3 en su momento.<\/p>\n<p>A la fecha, Endara es ingeniero en sistemas y\u00a0<strong>acus\u00f3 a Jos\u00e9 Serrano de forjarle la acusaci\u00f3n<\/strong>. \u00abLo digo sin resentimientos o venganza, simplemente con sentido de justicia y porque no exista impunidad porque este individuo persigui\u00f3 sistem\u00e1ticamente a muchas personas. Hay un l\u00edmite entre discrepar pol\u00edticamente y actuar con odio como lo hizo este sujeto junto a su grupo\u00bb, escribi\u00f3 en X.<\/p>\n<h3>Desfalco al Isspol<\/h3>\n<div>\n<div id=\"twitter-295\" class=\"ck-twitter\">\n<div class=\"twitter-tweet twitter-tweet-rendered\"><iframe id=\"twitter-widget-2\" class=\"\" title=\"X Post\" src=\"https:\/\/platform.twitter.com\/embed\/Tweet.html?dnt=false&amp;embedId=twitter-widget-2&amp;features=eyJ0ZndfdGltZWxpbmVfbGlzdCI6eyJidWNrZXQiOltdLCJ2ZXJzaW9uIjpudWxsfSwidGZ3X2ZvbGxvd2VyX2NvdW50X3N1bnNldCI6eyJidWNrZXQiOnRydWUsInZlcnNpb24iOm51bGx9LCJ0ZndfdHdlZXRfZWRpdF9iYWNrZW5kIjp7ImJ1Y2tldCI6Im9uIiwidmVyc2lvbiI6bnVsbH0sInRmd19yZWZzcmNfc2Vzc2lvbiI6eyJidWNrZXQiOiJvbiIsInZlcnNpb24iOm51bGx9LCJ0ZndfZm9zbnJfc29mdF9pbnRlcnZlbnRpb25zX2VuYWJsZWQiOnsiYnVja2V0Ijoib24iLCJ2ZXJzaW9uIjpudWxsfSwidGZ3X21peGVkX21lZGlhXzE1ODk3Ijp7ImJ1Y2tldCI6InRyZWF0bWVudCIsInZlcnNpb24iOm51bGx9LCJ0ZndfZXhwZXJpbWVudHNfY29va2llX2V4cGlyYXRpb24iOnsiYnVja2V0IjoxMjA5NjAwLCJ2ZXJzaW9uIjpudWxsfSwidGZ3X3Nob3dfYmlyZHdhdGNoX3Bpdm90c19lbmFibGVkIjp7ImJ1Y2tldCI6Im9uIiwidmVyc2lvbiI6bnVsbH0sInRmd19kdXBsaWNhdGVfc2NyaWJlc190b19zZXR0aW5ncyI6eyJidWNrZXQiOiJvbiIsInZlcnNpb24iOm51bGx9LCJ0ZndfdXNlX3Byb2ZpbGVfaW1hZ2Vfc2hhcGVfZW5hYmxlZCI6eyJidWNrZXQiOiJvbiIsInZlcnNpb24iOm51bGx9LCJ0ZndfdmlkZW9faGxzX2R5bmFtaWNfbWFuaWZlc3RzXzE1MDgyIjp7ImJ1Y2tldCI6InRydWVfYml0cmF0ZSIsInZlcnNpb24iOm51bGx9LCJ0ZndfbGVnYWN5X3RpbWVsaW5lX3N1bnNldCI6eyJidWNrZXQiOnRydWUsInZlcnNpb24iOm51bGx9LCJ0ZndfdHdlZXRfZWRpdF9mcm9udGVuZCI6eyJidWNrZXQiOiJvbiIsInZlcnNpb24iOm51bGx9fQ%3D%3D&amp;frame=false&amp;hideCard=false&amp;hideThread=false&amp;id=1462809260144869381&amp;lang=es&amp;origin=https%3A%2F%2Fwww.ecuavisa.com%2Fla-noticia-a-fondo%2Fdetencion-jose-serrano-tres-casos-vuelven-aparecer-20260831-0059.html&amp;sessionId=f44eb8070214c93e260400d6f7227104ab9a47f2&amp;siteScreenName=ecuavisa&amp;theme=light&amp;widgetsVersion=6a3ad42b224df%3A1778106238597&amp;width=550px\" frameborder=\"0\" scrolling=\"no\" allowfullscreen=\"allowfullscreen\" data-gtm-yt-inspected-13=\"true\" data-tweet-id=\"1462809260144869381\" data-mce-fragment=\"1\"><\/iframe><\/div>\n<\/div>\n<\/div>\n<p>El asesor financiero\u00a0<strong>Jorge Ch\u00e9rrez\u00a0<\/strong>es uno de los se\u00f1alados de desfalcar los recursos del Instituto de Seguridad Social de la Polic\u00eda (Isspol).<\/p>\n<p>Jos\u00e9 Serrano ha dicho que no lo conoce, pero en noviembre de 2021, el presidente de la Comisi\u00f3n de Fiscalizaci\u00f3n, Fernando Villavicencio, le pregunt\u00f3 sobre un cheque de\u00a0<strong>Jorge Ch\u00e9rrez girado a favor de Mar\u00eda Paula Christiansen<\/strong>\u00a0por un total de USD 230 000.<\/p>\n<p>Christiansen, quien es su actual pareja sentimental de Jos\u00e9 Serrano, dijo en su momento que ese cheque correspond\u00eda a un contrato de spa.<\/p>\n<p><strong>Renato Gonz\u00e1lez, exdirector del Isspol,<\/strong> no pas\u00f3 por alto la detenci\u00f3n de Serrano, sobre quien escribi\u00f3: \u201cUna lecci\u00f3n de vida para todos, lo ef\u00edmero del poder, lo vol\u00e1til de los honores y las pleites\u00edas, incre\u00edble ver a un personaje que pr\u00e1cticamente decid\u00eda sobre la vida y futuro de los dem\u00e1s, hoy devastado, canoso, flaco\u2026\u201d <strong>Fuente: Ecuavisa<\/strong><\/p>\n","protected":false},"excerpt":{"rendered":"<p>La\u00a0deportaci\u00f3n de Jos\u00e9 Serrano\u00a0desempolv\u00f3 una serie de\u00a0casos de repercusi\u00f3n nacional\u00a0que estaban empolvados en Ecuador hasta hace poco. Estamos hablando de casos como el\u00a0desfalco al Isspol, el secuestro del pol\u00edtico\u00a0Fernando Balda,\u00a0el informe extraviado por el asesinato del general\u00a0Jorge Gabela, la supuesta masacre de\u00a0Galo Lara\u00a0y la revuelta policial del\u00a030 de septiembre (30S). Sus\u00a0protagonistas\u00a0recordaron c\u00f3mo habr\u00eda actuado el exministro fuerte del corre\u00edsmo, acus\u00e1ndolo de corrupci\u00f3n, ocultamiento de informaci\u00f3n, imputaciones y procesos penales forjados e incluso \u00f3rdenes de secuestro. Y es que\u00a0Jos\u00e9 Serrano tuvo un rol protag\u00f3nico en el gobierno de Rafael Correa, ocupando los ministerios de Justicia e Interior. El periodista de investigaci\u00f3n, Juan Carlos Calder\u00f3n lo calific\u00f3 como\u00a0\u201cel hombre fuerte del gobierno del hombre fuerte (Correa)\u201d. A la fecha, Jos\u00e9 Serrano\u00a0se encuentra recluido en la C\u00e1rcel del Encuentro, la de m\u00e1xima seguridad del Ecuador, porque sobre \u00e9l pesa la medida de prisi\u00f3n preventiva por el\u00a0caso Magnicidio FV, en el que Fiscal\u00eda lo se\u00f1ala como presunto mentalizador del asesinato de Fernando Villavicencio. Caso Galo Lara Galo Lara y su esposa Carolina Llanos\u00a0fueron acusados como los planificadores de un triple asesinato en 2011 en Quinsaloma, Los R\u00edos. Al a\u00f1o siguiente fueron sentenciados a prisi\u00f3n, hasta que en 2021 se comprob\u00f3 su inocencia. En 2011, Galo Lara era de uno de los opositores m\u00e1s \u00e1cidos del presidente\u00a0Rafael Correa\u00a0y el ahora candidato a la Alcald\u00eda de Quevedo por ADN sostiene que la acusaci\u00f3n respondi\u00f3 a una venganza pol\u00edtica por las denuncias que realizaba. Lara se hab\u00eda ocultado en Panam\u00e1, pero desde ah\u00ed, en 2014, fue extraditado de manera sospechosa, pues se presume hubo un acuerdo de por medio. El hijo del pol\u00edtico,\u00a0Galo Lara Loor\u00a0asegur\u00f3 el 29 de agosto que uno de los que estuvo detr\u00e1s de eso fue Jos\u00e9 Serrano. En su calidad de Ministro del Interior,\u00a0Jos\u00e9 Serrano siempre defendi\u00f3 que Lara era c\u00f3mplice de un macabro crimen.\u00a0\u201cEste es el caso de un c\u00f3mplice de asesinato, que no puede quedar en la impunidad. Los autores materiales y uno de los actores intelectuales ya fueron juzgados, pero los c\u00f3mplices deben enfrentar la justicia del mismo modo\u201d, manifest\u00f3 en su momento. Por su parte, Galo Lara dijo que no tiene \u00e1nimo de revancha contra Serrano porque ya lo perdon\u00f3. Secuestro de Fernando Balda El\u00a0pol\u00edtico Fernando Balda fue secuestrado en Colombia\u00a0en agosto de 2012 y siete a\u00f1os despu\u00e9s, dos polic\u00edas de Inteligencia fueron sentenciados: Diana Falc\u00f3n y Ra\u00fal &#8216;El Rat\u00f3n&#8217; Chicaiza. Este \u00faltimo busc\u00f3 ayuda de toda \u00edndole para evitar la prisi\u00f3n, pero le cerraron las puertas para una misi\u00f3n que le hab\u00edan pedido sus superiores, dijo. En el libro &#8216;Despu\u00e9s olvidar\u00e1n nuestros nombres&#8217;, del periodista Juan Carlos Calder\u00f3n, se revela que\u00a0Chicaiza mantuvo conversaciones con Jos\u00e9 Serrano en 2018, quien por entonces era el presidente de la Asamblea Nacional. Esos di\u00e1logos fueron grabados clandestinamente por el agente. Hablaban sobre cu\u00e1nto dinero necesitaba para defenderse, lo que daba a entender que Serrano estaba al tanto del plan de secuestro. Al final, el agente Chicaiza no lo vincul\u00f3. Fernando Balda celebr\u00f3 la detenci\u00f3n de Jos\u00e9 Serrano\u00a0y denunci\u00f3 que cuando estuvo recluido fue trasladado a otra c\u00e1rcel sin explicaci\u00f3n alguna. \u201cDespu\u00e9s supe que detr\u00e1s de aquel traslado exist\u00eda una intenci\u00f3n mucho m\u00e1s oscura, incluso la de simular una supuesta fuga\u201d, coment\u00f3 en X. Caso Jorge Gabela Publicaci\u00f3n sobre el caso Gabela en el que habla Jos\u00e9 Serrano. (Captura Ministerio de Gobierno)El general Jorge Gabela fue asesinado en diciembre de 2010 en Guayaquil y el caso no termina por cerrar para\u00a0Patricia Ochoa\u00a0hasta la fecha. El crimen de Gabela ocurri\u00f3 en un contexto en el que denunciaba que los\u00a0helic\u00f3pteros Dhruv\u00a0adquiridos por el Ministerio de Defensa ten\u00edan fallas t\u00e9cnicas. Aunque el Gobierno sosten\u00eda que el asesinato respond\u00eda a delincuencia com\u00fan, Patricia Ochoa nunca crey\u00f3 en esa hip\u00f3tesis. Por eso se cre\u00f3 un Comit\u00e9 y se contrat\u00f3 al\u00a0perito Roberto Meza,\u00a0quien elabor\u00f3 tres informes en 2013. El \u00faltimo apuntaba a los posibles autores intelectuales, pero este se extravi\u00f3 en manos estatales. Ochoa sospecha que\u00a0Serrano pudo ser uno de los funcionarios que estuvo detr\u00e1s del Tercer Informe extraviado. Meza regres\u00f3 al pa\u00eds en 2023 para reconstruir ese producto. 30S: el caso Francisco Endara Francisco Endara Daza\u00a0fue sentenciado en tres instancias nacionales por supuestamente participar en la incursi\u00f3n a Ecuador TV durante la\u00a0revuelta policial del 30 de septiembre de 2010, conocido como 30S. Fue un caso llamativo porque en cada instancia la imputaci\u00f3n iba cambiando, primero acusado de sabotaje y terrorismo, luego se\u00f1alado como un\u00a0\u201capaciguador\u201d de la protesta, \u201cpero que particip\u00f3 y con su aplauso en un momento determinado hac\u00eda manifiesto y exteriorizaba su acuerdo general con la actuaci\u00f3n del colectivo social\u2026\u201d. \u201cMe sentenciaron por aplaudir\u201d, manifest\u00f3 en su momento. A la fecha, Endara es ingeniero en sistemas y\u00a0acus\u00f3 a Jos\u00e9 Serrano de forjarle la acusaci\u00f3n. \u00abLo digo sin resentimientos o venganza, simplemente con sentido de justicia y porque no exista impunidad porque este individuo persigui\u00f3 sistem\u00e1ticamente a muchas personas. Hay un l\u00edmite entre discrepar pol\u00edticamente y actuar con odio como lo hizo este sujeto junto a su grupo\u00bb, escribi\u00f3 en X. Desfalco al Isspol El asesor financiero\u00a0Jorge Ch\u00e9rrez\u00a0es uno de los se\u00f1alados de desfalcar los recursos del Instituto de Seguridad Social de la Polic\u00eda (Isspol). Jos\u00e9 Serrano ha dicho que no lo conoce, pero en noviembre de 2021, el presidente de la Comisi\u00f3n de Fiscalizaci\u00f3n, Fernando Villavicencio, le pregunt\u00f3 sobre un cheque de\u00a0Jorge Ch\u00e9rrez girado a favor de Mar\u00eda Paula Christiansen\u00a0por un total de USD 230 000. Christiansen, quien es su actual pareja sentimental de Jos\u00e9 Serrano, dijo en su momento que ese cheque correspond\u00eda a un contrato de spa. Renato Gonz\u00e1lez, exdirector del Isspol, no pas\u00f3 por alto la detenci\u00f3n de Serrano, sobre quien escribi\u00f3: \u201cUna lecci\u00f3n de vida para todos, lo ef\u00edmero del poder, lo vol\u00e1til de los honores y las pleites\u00edas, incre\u00edble ver a un personaje que pr\u00e1cticamente decid\u00eda sobre la vida y futuro de los dem\u00e1s, hoy devastado, canoso, flaco\u2026\u201d Fuente: Ecuavisa<\/p>\n","protected":false},"author":1,"featured_media":34015,"comment_status":"closed","ping_status":"closed","sticky":false,"template":"","format":"standard","meta":{"footnotes":""},"categories":[268],"tags":[],"class_list":["post-34014","post","type-post","status-publish","format-standard","has-post-thumbnail","hentry","category-nacionales"],"_links":{"self":[{"href":"https:\/\/www.elamazonico.com\/portal\/wp-json\/wp\/v2\/posts\/34014","targetHints":{"allow":["GET"]}}],"collection":[{"href":"https:\/\/www.elamazonico.com\/portal\/wp-json\/wp\/v2\/posts"}],"about":[{"href":"https:\/\/www.elamazonico.com\/portal\/wp-json\/wp\/v2\/types\/post"}],"author":[{"embeddable":true,"href":"https:\/\/www.elamazonico.com\/portal\/wp-json\/wp\/v2\/users\/1"}],"replies":[{"embeddable":true,"href":"https:\/\/www.elamazonico.com\/portal\/wp-json\/wp\/v2\/comments?post=34014"}],"version-history":[{"count":1,"href":"https:\/\/www.elamazonico.com\/portal\/wp-json\/wp\/v2\/posts\/34014\/revisions"}],"predecessor-version":[{"id":34016,"href":"https:\/\/www.elamazonico.com\/portal\/wp-json\/wp\/v2\/posts\/34014\/revisions\/34016"}],"wp:featuredmedia":[{"embeddable":true,"href":"https:\/\/www.elamazonico.com\/portal\/wp-json\/wp\/v2\/media\/34015"}],"wp:attachment":[{"href":"https:\/\/www.elamazonico.com\/portal\/wp-json\/wp\/v2\/media?parent=34014"}],"wp:term":[{"taxonomy":"category","embeddable":true,"href":"https:\/\/www.elamazonico.com\/portal\/wp-json\/wp\/v2\/categories?post=34014"},{"taxonomy":"post_tag","embeddable":true,"href":"https:\/\/www.elamazonico.com\/portal\/wp-json\/wp\/v2\/tags?post=34014"}],"curies":[{"name":"wp","href":"https:\/\/api.w.org\/{rel}","templated":true}]}}