{"id":34011,"date":"2026-09-01T15:04:55","date_gmt":"2026-09-01T20:04:55","guid":{"rendered":"https:\/\/www.elamazonico.com\/portal\/?p=34011"},"modified":"2026-09-01T15:04:55","modified_gmt":"2026-09-01T20:04:55","slug":"marcelo-gallardo-roberto-martinez-y-luis-zubeldia-los-tres-candidatos-que-maneja-la-fef-para-nuevo-dt-de-la-seleccion","status":"publish","type":"post","link":"https:\/\/www.elamazonico.com\/portal\/marcelo-gallardo-roberto-martinez-y-luis-zubeldia-los-tres-candidatos-que-maneja-la-fef-para-nuevo-dt-de-la-seleccion\/","title":{"rendered":"Marcelo Gallardo, Roberto Mart\u00ednez y Luis Zubeld\u00eda, los tres candidatos que maneja la FEF para nuevo DT de la Selecci\u00f3n"},"content":{"rendered":"<p>La selecci\u00f3n ecuatoriana lleva 63 d\u00edas sin entrenador. Sebasti\u00e1n Beccacece se despidi\u00f3 el 30 de junio de 2026, despu\u00e9s de caer ante M\u00e9xico en el Mundial. Desde ese momento, la Federaci\u00f3n Ecuatoriana de F\u00fatbol empez\u00f3 a buscar su reemplazo.<\/p>\n<p>Ha sido un per\u00edodo de negociaciones intensas. La FEF ha descartado varios nombres en el camino, por distintas razones. Sin embargo, PRIMICIAS conoci\u00f3 que los dirigentes han entrado en la etapa final con tres candidatos: Marcelo Gallardo, Roberto Mart\u00ednez y Luis Zubeld\u00eda.<\/p>\n<p>Son perfiles que ofrecen tres caracter\u00edsticas diferentes: Marcelo Gallardo triunf\u00f3 ampliamente en River Plate (gan\u00f3 15 t\u00edtulos) y busca su primera experiencia en selecci\u00f3n; Roberto Mart\u00ednez, en cambio, dirigi\u00f3 a selecciones potentes (B\u00e9lgica y Portugal) y estuvo en los Mundiales de 2018, 2022 y 2026; y Luis Zubeld\u00eda tiene a su favor que, de los tres, es el que mejor conoce el f\u00fatbol ecuatoriano.<\/p>\n<p><strong>El &#8216;Mu\u00f1eco&#8217; que gusta a la hinchada<\/strong><br \/>\nApenas se supo que Marcelo Gallardo (50 a\u00f1os) era uno de los candidatos para dirigir a Ecuador, el nombre cay\u00f3 bien en la afici\u00f3n de la Selecci\u00f3n. Se trata de un entrenador que lo gan\u00f3 todo con River Plate y esa imagen est\u00e1 en el recuerdo.<\/p>\n<p>El argentino inici\u00f3 su carrera en Nacional de Montevideo, donde r\u00e1pidamente demostr\u00f3 su talento en el banquillo y se coron\u00f3 campe\u00f3n de la Primera Divisi\u00f3n. Luego de dos temporadas en suelo &#8216;charr\u00faa&#8217;, pas\u00f3 a River Plate, el club de sus amores. Con los &#8216;Millonarios&#8217; consigui\u00f3 el per\u00edodo m\u00e1s exitoso en la historia del club, con dos t\u00edtulos de Copa Libertadores (incluyendo la inolvidable final ante Boca Juniors en 2018).<\/p>\n<p>Tras un breve paso por el Al-Ittihad en el f\u00fatbol \u00e1rabe, el &#8216;Mu\u00f1eco&#8217; retorn\u00f3 a River, pero su segunda etapa no fue tan fruct\u00edfera como la primera y no pudo alzar ning\u00fan t\u00edtulo. En todo caso, ah\u00ed el DT conoci\u00f3 a Kendry P\u00e1ez, quien en ese entonces llegaba desde el Chelsea, como un refuerzo importante, aunque no trascendi\u00f3.<\/p>\n<p>Marcelo Gallardo lleva sin equipo desde febrero de 2026. La oferta de la Tri es tentadora, ya que significar\u00eda su primera experiencia al frente de una selecci\u00f3n. Su estilo de juego ofensivo y su capacidad para fomentar j\u00f3venes talentos podr\u00edan cuajar con lo que necesita nuestra selecci\u00f3n.<\/p>\n<p>Las negociaciones entre la FEF y el DT han avanzado, pero a\u00fan no hay acuerdo firmado. De hecho, en las \u00faltimas horas el DT se reuni\u00f3 con Francisco Egas, para hablar del proyecto.<\/p>\n<p><img decoding=\"async\" src=\"https:\/\/cdn.conmebol.com\/wp-content\/uploads\/2024\/01\/000_32GW4HN-1536x1024.jpg\" alt=\"Marcelo Gallardo\" \/><\/p>\n<p><strong>Roberto Mart\u00ednez, campe\u00f3n y medallista en selecciones<\/strong><br \/>\nRoberto Mart\u00ednez (53 a\u00f1os) fue un mediocampista con una corta trayectoria en equipos menores de Espa\u00f1a, Inglaterra, Escocia y Gales. Se retir\u00f3 en 2007 y ese mismo a\u00f1o empez\u00f3 a dirigir al Swansea, con el que gan\u00f3 la English Football League One.<\/p>\n<p>El DT creci\u00f3 r\u00e1pido y luego dirigi\u00f3 al Wigan Athletic y al Everton de la Premier League. Su buen rendimiento lo llev\u00f3 a la selecci\u00f3n de B\u00e9lgica, donde alcanz\u00f3 el tercer lugar en el Mundial de Rusia 2018.\u00a0Sin embargo, para el Mundial de Qatar la selecci\u00f3n belga no pudo mantener el nivel y se despidi\u00f3 en la fase de grupos.<\/p>\n<p>Despu\u00e9s de eso pas\u00f3 a la selecci\u00f3n de Portugal, donde asumi\u00f3 de dirigir a Cristiano Ronaldo y llevar a este pa\u00eds a ganar t\u00edtulos. Lo logr\u00f3: gan\u00f3 la Liga de Naciones en 2025, venciendo a Espa\u00f1a en la final.<\/p>\n<p>Portugal lleg\u00f3 al Mundial 2026 con muchas expectativas, pero no logr\u00f3 consolidar su juego. En la fase de grupos empat\u00f3 en el debut ante Rep\u00fablica Democr\u00e1tica del Congo, gole\u00f3 5-0 a Uzbekist\u00e1n y empat\u00f3 sin goles contra Colombia. En 16avos de final venci\u00f3 2-1 a Croacia. Y se despidi\u00f3 del torneo, precisamente ante Espa\u00f1a, en octavos de final. Desde ese d\u00eda qued\u00f3 libre.<\/p>\n<p><strong>Luis Zubeld\u00eda y su conocimiento del f\u00fatbol ecuatoriano<\/strong><br \/>\nEl otro nombre que a\u00fan sigue en an\u00e1lisis es el de Luis Zubeld\u00eda, que termin\u00f3 su v\u00ednculo con Fluminense el pasado 13 de agosto, debido a los malos resultados.<\/p>\n<p>El entrenador argentino, de 45 a\u00f1os, tiene un amplio recorrido dirigiendo clubes en Argentina, Ecuador, M\u00e9xico, Espa\u00f1a, Paraguay y Brasil y tambi\u00e9n ser\u00eda su primera experiencia al frente de una selecci\u00f3n.<\/p>\n<p>En el pa\u00eds es recordado por sus pasos por Barcelona SC y Liga de Quito. Con los &#8216;albos&#8217; gan\u00f3 la LigaPro y la Copa Sudamericana, en 2023.<\/p>\n<p>Aunque Zubeld\u00eda tambi\u00e9n cometi\u00f3 algunos exabruptos en su paso por el f\u00fatbol ecuatoriano. Tras su salida de Liga, el DT ofreci\u00f3 una entrevista en la que habl\u00f3 de Michel Deller y lo acus\u00f3 de influir en el arbitraje en el Ecuador.<\/p>\n<p>Por esa raz\u00f3n, el presidente vitalicio de Independiente del Valle puso una denuncia penal en contra el DT en 2025, aunque ese proceso no avanz\u00f3. <strong>Fuente: Primicias<\/strong><\/p>\n","protected":false},"excerpt":{"rendered":"<p>La selecci\u00f3n ecuatoriana lleva 63 d\u00edas sin entrenador. Sebasti\u00e1n Beccacece se despidi\u00f3 el 30 de junio de 2026, despu\u00e9s de caer ante M\u00e9xico en el Mundial. Desde ese momento, la Federaci\u00f3n Ecuatoriana de F\u00fatbol empez\u00f3 a buscar su reemplazo. Ha sido un per\u00edodo de negociaciones intensas. La FEF ha descartado varios nombres en el camino, por distintas razones. Sin embargo, PRIMICIAS conoci\u00f3 que los dirigentes han entrado en la etapa final con tres candidatos: Marcelo Gallardo, Roberto Mart\u00ednez y Luis Zubeld\u00eda. Son perfiles que ofrecen tres caracter\u00edsticas diferentes: Marcelo Gallardo triunf\u00f3 ampliamente en River Plate (gan\u00f3 15 t\u00edtulos) y busca su primera experiencia en selecci\u00f3n; Roberto Mart\u00ednez, en cambio, dirigi\u00f3 a selecciones potentes (B\u00e9lgica y Portugal) y estuvo en los Mundiales de 2018, 2022 y 2026; y Luis Zubeld\u00eda tiene a su favor que, de los tres, es el que mejor conoce el f\u00fatbol ecuatoriano. El &#8216;Mu\u00f1eco&#8217; que gusta a la hinchada Apenas se supo que Marcelo Gallardo (50 a\u00f1os) era uno de los candidatos para dirigir a Ecuador, el nombre cay\u00f3 bien en la afici\u00f3n de la Selecci\u00f3n. Se trata de un entrenador que lo gan\u00f3 todo con River Plate y esa imagen est\u00e1 en el recuerdo. El argentino inici\u00f3 su carrera en Nacional de Montevideo, donde r\u00e1pidamente demostr\u00f3 su talento en el banquillo y se coron\u00f3 campe\u00f3n de la Primera Divisi\u00f3n. Luego de dos temporadas en suelo &#8216;charr\u00faa&#8217;, pas\u00f3 a River Plate, el club de sus amores. Con los &#8216;Millonarios&#8217; consigui\u00f3 el per\u00edodo m\u00e1s exitoso en la historia del club, con dos t\u00edtulos de Copa Libertadores (incluyendo la inolvidable final ante Boca Juniors en 2018). Tras un breve paso por el Al-Ittihad en el f\u00fatbol \u00e1rabe, el &#8216;Mu\u00f1eco&#8217; retorn\u00f3 a River, pero su segunda etapa no fue tan fruct\u00edfera como la primera y no pudo alzar ning\u00fan t\u00edtulo. En todo caso, ah\u00ed el DT conoci\u00f3 a Kendry P\u00e1ez, quien en ese entonces llegaba desde el Chelsea, como un refuerzo importante, aunque no trascendi\u00f3. Marcelo Gallardo lleva sin equipo desde febrero de 2026. La oferta de la Tri es tentadora, ya que significar\u00eda su primera experiencia al frente de una selecci\u00f3n. Su estilo de juego ofensivo y su capacidad para fomentar j\u00f3venes talentos podr\u00edan cuajar con lo que necesita nuestra selecci\u00f3n. Las negociaciones entre la FEF y el DT han avanzado, pero a\u00fan no hay acuerdo firmado. De hecho, en las \u00faltimas horas el DT se reuni\u00f3 con Francisco Egas, para hablar del proyecto. Roberto Mart\u00ednez, campe\u00f3n y medallista en selecciones Roberto Mart\u00ednez (53 a\u00f1os) fue un mediocampista con una corta trayectoria en equipos menores de Espa\u00f1a, Inglaterra, Escocia y Gales. Se retir\u00f3 en 2007 y ese mismo a\u00f1o empez\u00f3 a dirigir al Swansea, con el que gan\u00f3 la English Football League One. El DT creci\u00f3 r\u00e1pido y luego dirigi\u00f3 al Wigan Athletic y al Everton de la Premier League. Su buen rendimiento lo llev\u00f3 a la selecci\u00f3n de B\u00e9lgica, donde alcanz\u00f3 el tercer lugar en el Mundial de Rusia 2018.\u00a0Sin embargo, para el Mundial de Qatar la selecci\u00f3n belga no pudo mantener el nivel y se despidi\u00f3 en la fase de grupos. Despu\u00e9s de eso pas\u00f3 a la selecci\u00f3n de Portugal, donde asumi\u00f3 de dirigir a Cristiano Ronaldo y llevar a este pa\u00eds a ganar t\u00edtulos. Lo logr\u00f3: gan\u00f3 la Liga de Naciones en 2025, venciendo a Espa\u00f1a en la final. Portugal lleg\u00f3 al Mundial 2026 con muchas expectativas, pero no logr\u00f3 consolidar su juego. En la fase de grupos empat\u00f3 en el debut ante Rep\u00fablica Democr\u00e1tica del Congo, gole\u00f3 5-0 a Uzbekist\u00e1n y empat\u00f3 sin goles contra Colombia. En 16avos de final venci\u00f3 2-1 a Croacia. Y se despidi\u00f3 del torneo, precisamente ante Espa\u00f1a, en octavos de final. Desde ese d\u00eda qued\u00f3 libre. Luis Zubeld\u00eda y su conocimiento del f\u00fatbol ecuatoriano El otro nombre que a\u00fan sigue en an\u00e1lisis es el de Luis Zubeld\u00eda, que termin\u00f3 su v\u00ednculo con Fluminense el pasado 13 de agosto, debido a los malos resultados. El entrenador argentino, de 45 a\u00f1os, tiene un amplio recorrido dirigiendo clubes en Argentina, Ecuador, M\u00e9xico, Espa\u00f1a, Paraguay y Brasil y tambi\u00e9n ser\u00eda su primera experiencia al frente de una selecci\u00f3n. En el pa\u00eds es recordado por sus pasos por Barcelona SC y Liga de Quito. Con los &#8216;albos&#8217; gan\u00f3 la LigaPro y la Copa Sudamericana, en 2023. Aunque Zubeld\u00eda tambi\u00e9n cometi\u00f3 algunos exabruptos en su paso por el f\u00fatbol ecuatoriano. Tras su salida de Liga, el DT ofreci\u00f3 una entrevista en la que habl\u00f3 de Michel Deller y lo acus\u00f3 de influir en el arbitraje en el Ecuador. Por esa raz\u00f3n, el presidente vitalicio de Independiente del Valle puso una denuncia penal en contra el DT en 2025, aunque ese proceso no avanz\u00f3. Fuente: Primicias<\/p>\n","protected":false},"author":1,"featured_media":34012,"comment_status":"closed","ping_status":"closed","sticky":false,"template":"","format":"standard","meta":{"footnotes":""},"categories":[6,268],"tags":[],"class_list":["post-34011","post","type-post","status-publish","format-standard","has-post-thumbnail","hentry","category-deportes","category-nacionales"],"_links":{"self":[{"href":"https:\/\/www.elamazonico.com\/portal\/wp-json\/wp\/v2\/posts\/34011","targetHints":{"allow":["GET"]}}],"collection":[{"href":"https:\/\/www.elamazonico.com\/portal\/wp-json\/wp\/v2\/posts"}],"about":[{"href":"https:\/\/www.elamazonico.com\/portal\/wp-json\/wp\/v2\/types\/post"}],"author":[{"embeddable":true,"href":"https:\/\/www.elamazonico.com\/portal\/wp-json\/wp\/v2\/users\/1"}],"replies":[{"embeddable":true,"href":"https:\/\/www.elamazonico.com\/portal\/wp-json\/wp\/v2\/comments?post=34011"}],"version-history":[{"count":1,"href":"https:\/\/www.elamazonico.com\/portal\/wp-json\/wp\/v2\/posts\/34011\/revisions"}],"predecessor-version":[{"id":34013,"href":"https:\/\/www.elamazonico.com\/portal\/wp-json\/wp\/v2\/posts\/34011\/revisions\/34013"}],"wp:featuredmedia":[{"embeddable":true,"href":"https:\/\/www.elamazonico.com\/portal\/wp-json\/wp\/v2\/media\/34012"}],"wp:attachment":[{"href":"https:\/\/www.elamazonico.com\/portal\/wp-json\/wp\/v2\/media?parent=34011"}],"wp:term":[{"taxonomy":"category","embeddable":true,"href":"https:\/\/www.elamazonico.com\/portal\/wp-json\/wp\/v2\/categories?post=34011"},{"taxonomy":"post_tag","embeddable":true,"href":"https:\/\/www.elamazonico.com\/portal\/wp-json\/wp\/v2\/tags?post=34011"}],"curies":[{"name":"wp","href":"https:\/\/api.w.org\/{rel}","templated":true}]}}