{"id":34008,"date":"2026-09-01T14:47:42","date_gmt":"2026-09-01T19:47:42","guid":{"rendered":"https:\/\/www.elamazonico.com\/portal\/?p=34008"},"modified":"2026-09-01T14:47:42","modified_gmt":"2026-09-01T19:47:42","slug":"fuertes-olas-golpean-la-zona-costera-de-san-clemente-manabi-en-medio-de-una-alerta-del-inocar","status":"publish","type":"post","link":"https:\/\/www.elamazonico.com\/portal\/fuertes-olas-golpean-la-zona-costera-de-san-clemente-manabi-en-medio-de-una-alerta-del-inocar\/","title":{"rendered":"Fuertes olas golpean la zona costera de San Clemente, Manab\u00ed, en medio de una alerta del Inocar"},"content":{"rendered":"<p>Un fuerte oleaje golpe\u00f3 la zona costera en San Clemente, Manab\u00ed, la ma\u00f1ana de este martes 1 de septiembre de 2026, en medio de una alerta del Instituto Oceanogr\u00e1fico de la Armada (Inocar), por presencia de olas con m\u00e1s energ\u00eda, y el incremento del nivel medio del mar.<\/p>\n<p>Un video en redes sociales muestra el mar agitado y las olas rompiendo en la zona costera sobre saquillos de arena, como elementos de contenci\u00f3n, y la madera de algunas estructuras.<\/p>\n<p>Pero los improvisados sacos no son suficientes. La fuerza del mal golpea el borde natural de la costa continental en San Clemente, un pueblo pesquero y tur\u00edstico, donde el oleaje causa preocupaci\u00f3n en sus habitantes.<\/p>\n<p>Este oleaje coincide con la alerta del Inocar que rige desde este martes hasta el jueves 3 de septiembre por la presencia de olas \u00abde largo per\u00edodo, que transportan mayor energ\u00eda\u00bb.<\/p>\n<p>As\u00ed ser\u00e1 la presencia de olas en la costa ecuatoriana:<\/p>\n<ul>\n<li>Del 1 al 3 de septiembre se prev\u00e9 el arribo de oleaje proveniente del suroeste del Pac\u00edfico hacia las costas continental e insular del Ecuador.<\/li>\n<li>A partir del 2 de septiembre se espera la presencia de olas de largo per\u00edodo, que transportan mayor energ\u00eda.<\/li>\n<li>Del 1 al 2 de septiembre se prev\u00e9 un estado de mar moderado en la costa continental.<\/li>\n<li>Para el 3 de septiembre se espera un estado de mar agitado en la costa continental.<\/li>\n<li>El 1 de septiembre se prev\u00e9 un estado de mar moderado en la costa insular.<\/li>\n<li>Del 2 al 3 de septiembre se prev\u00e9 un estado de mar agitado en la costa insular.<\/li>\n<\/ul>\n<p><strong>Estas son las alturas m\u00e1ximas de las olas en las provincias costeras:<\/strong><\/p>\n<ul>\n<li>Esmeraldas: 1,10 metros<\/li>\n<li>Manab\u00ed: 1,20 metros<\/li>\n<li>Santa Elena &#8211; Guayas: 1,40 metros<\/li>\n<li>El Oro: 90 cent\u00edmetros<\/li>\n<li>Oeste de Gal\u00e1pagos: 2,30 metros<\/li>\n<li>Sur de Gal\u00e1pagos: 2,10 metros<\/li>\n<li>El Inocar pide extremar precauciones ya que las olas\u00a0podr\u00edan romper con mayor fuerza y generar corrientes de resaca con:<\/li>\n<li>Aumentando el riesgo de arrastre de personas<\/li>\n<li>Movimiento de sedimentos en la zona costera<\/li>\n<\/ul>\n<p><img decoding=\"async\" src=\"https:\/\/pbs.twimg.com\/media\/HRIqZ0EXIAARWVF?format=jpg&amp;name=900x900\" alt=\"Image\" \/><\/p>\n<p>El nivel del mar permanece an\u00f3malamente elevado. Las estaciones costeras del Inocar muestran actualmente anomal\u00edas aproximadas entre +28 y +33 cent\u00edmetros, luego de haber superado +40 cent\u00edmetros durante la semana anterior.<\/p>\n<p>El incremento en los niveles del mar en estaciones costeras subraya las similitudes en la evoluci\u00f3n oceanogr\u00e1fica del fen\u00f3meno de El Ni\u00f1o actual con el fen\u00f3meno de 1997-1998, considerado el m\u00e1s devastador en la historia reciente de Ecuador.<\/p>\n<p>Durante aquel catastr\u00f3fico evento, el nivel del mar subi\u00f3 entre 42 y 47 cent\u00edmetros por encima de lo normal.<\/p>\n<h5><img decoding=\"async\" src=\"https:\/\/imagenes.primicias.ec\/files\/content_image_simple_414_238\/uploads\/2026\/05\/19\/6a0cc4ffbe6f2.jpeg\" alt=\"thumb\" \/><br \/>\nCient\u00edficos del Inocar realizan estudios frente a la costa continental de Ecuador este 19 de mayo de 2026, ante el evento clim\u00e1tico de El Ni\u00f1o.Inocar<\/h5>\n<p>Ecuador fue declarado en alerta roja por la Secretar\u00eda Nacional de Gesti\u00f3n de Riesgos (SNGR) debido al impacto que se espera del fen\u00f3meno de El Ni\u00f1o, que est\u00e1 catalogado como de \u00abmagnitud hist\u00f3rica\u00bb.<\/p>\n<p>Debido a la gravedad y al fortalecimiento sostenido de las condiciones oc\u00e9ano-atmosf\u00e9ricas, el informe presentado el 30 de agosto precis\u00f3 que El Ni\u00f1o continuar\u00e1 intensific\u00e1ndose hasta finales de 2026, lo que llev\u00f3 a activar la alerta roja en todo pa\u00eds.<\/p>\n<p>La alerta roja se establece cuando el evento adverso est\u00e1 ocurriendo o es inminente, seg\u00fan el Reglamento de la Ley Org\u00e1nica de Gesti\u00f3n Integral del Riesgo de Desastres. Fuente: Primicias<\/p>\n","protected":false},"excerpt":{"rendered":"<p>Un fuerte oleaje golpe\u00f3 la zona costera en San Clemente, Manab\u00ed, la ma\u00f1ana de este martes 1 de septiembre de 2026, en medio de una alerta del Instituto Oceanogr\u00e1fico de la Armada (Inocar), por presencia de olas con m\u00e1s energ\u00eda, y el incremento del nivel medio del mar. Un video en redes sociales muestra el mar agitado y las olas rompiendo en la zona costera sobre saquillos de arena, como elementos de contenci\u00f3n, y la madera de algunas estructuras. Pero los improvisados sacos no son suficientes. La fuerza del mal golpea el borde natural de la costa continental en San Clemente, un pueblo pesquero y tur\u00edstico, donde el oleaje causa preocupaci\u00f3n en sus habitantes. Este oleaje coincide con la alerta del Inocar que rige desde este martes hasta el jueves 3 de septiembre por la presencia de olas \u00abde largo per\u00edodo, que transportan mayor energ\u00eda\u00bb. As\u00ed ser\u00e1 la presencia de olas en la costa ecuatoriana: Del 1 al 3 de septiembre se prev\u00e9 el arribo de oleaje proveniente del suroeste del Pac\u00edfico hacia las costas continental e insular del Ecuador. A partir del 2 de septiembre se espera la presencia de olas de largo per\u00edodo, que transportan mayor energ\u00eda. Del 1 al 2 de septiembre se prev\u00e9 un estado de mar moderado en la costa continental. Para el 3 de septiembre se espera un estado de mar agitado en la costa continental. El 1 de septiembre se prev\u00e9 un estado de mar moderado en la costa insular. Del 2 al 3 de septiembre se prev\u00e9 un estado de mar agitado en la costa insular. Estas son las alturas m\u00e1ximas de las olas en las provincias costeras: Esmeraldas: 1,10 metros Manab\u00ed: 1,20 metros Santa Elena &#8211; Guayas: 1,40 metros El Oro: 90 cent\u00edmetros Oeste de Gal\u00e1pagos: 2,30 metros Sur de Gal\u00e1pagos: 2,10 metros El Inocar pide extremar precauciones ya que las olas\u00a0podr\u00edan romper con mayor fuerza y generar corrientes de resaca con: Aumentando el riesgo de arrastre de personas Movimiento de sedimentos en la zona costera El nivel del mar permanece an\u00f3malamente elevado. Las estaciones costeras del Inocar muestran actualmente anomal\u00edas aproximadas entre +28 y +33 cent\u00edmetros, luego de haber superado +40 cent\u00edmetros durante la semana anterior. El incremento en los niveles del mar en estaciones costeras subraya las similitudes en la evoluci\u00f3n oceanogr\u00e1fica del fen\u00f3meno de El Ni\u00f1o actual con el fen\u00f3meno de 1997-1998, considerado el m\u00e1s devastador en la historia reciente de Ecuador. Durante aquel catastr\u00f3fico evento, el nivel del mar subi\u00f3 entre 42 y 47 cent\u00edmetros por encima de lo normal. Cient\u00edficos del Inocar realizan estudios frente a la costa continental de Ecuador este 19 de mayo de 2026, ante el evento clim\u00e1tico de El Ni\u00f1o.Inocar Ecuador fue declarado en alerta roja por la Secretar\u00eda Nacional de Gesti\u00f3n de Riesgos (SNGR) debido al impacto que se espera del fen\u00f3meno de El Ni\u00f1o, que est\u00e1 catalogado como de \u00abmagnitud hist\u00f3rica\u00bb. Debido a la gravedad y al fortalecimiento sostenido de las condiciones oc\u00e9ano-atmosf\u00e9ricas, el informe presentado el 30 de agosto precis\u00f3 que El Ni\u00f1o continuar\u00e1 intensific\u00e1ndose hasta finales de 2026, lo que llev\u00f3 a activar la alerta roja en todo pa\u00eds. La alerta roja se establece cuando el evento adverso est\u00e1 ocurriendo o es inminente, seg\u00fan el Reglamento de la Ley Org\u00e1nica de Gesti\u00f3n Integral del Riesgo de Desastres. Fuente: Primicias<\/p>\n","protected":false},"author":1,"featured_media":34009,"comment_status":"closed","ping_status":"closed","sticky":false,"template":"","format":"standard","meta":{"footnotes":""},"categories":[268],"tags":[],"class_list":["post-34008","post","type-post","status-publish","format-standard","has-post-thumbnail","hentry","category-nacionales"],"_links":{"self":[{"href":"https:\/\/www.elamazonico.com\/portal\/wp-json\/wp\/v2\/posts\/34008","targetHints":{"allow":["GET"]}}],"collection":[{"href":"https:\/\/www.elamazonico.com\/portal\/wp-json\/wp\/v2\/posts"}],"about":[{"href":"https:\/\/www.elamazonico.com\/portal\/wp-json\/wp\/v2\/types\/post"}],"author":[{"embeddable":true,"href":"https:\/\/www.elamazonico.com\/portal\/wp-json\/wp\/v2\/users\/1"}],"replies":[{"embeddable":true,"href":"https:\/\/www.elamazonico.com\/portal\/wp-json\/wp\/v2\/comments?post=34008"}],"version-history":[{"count":1,"href":"https:\/\/www.elamazonico.com\/portal\/wp-json\/wp\/v2\/posts\/34008\/revisions"}],"predecessor-version":[{"id":34010,"href":"https:\/\/www.elamazonico.com\/portal\/wp-json\/wp\/v2\/posts\/34008\/revisions\/34010"}],"wp:featuredmedia":[{"embeddable":true,"href":"https:\/\/www.elamazonico.com\/portal\/wp-json\/wp\/v2\/media\/34009"}],"wp:attachment":[{"href":"https:\/\/www.elamazonico.com\/portal\/wp-json\/wp\/v2\/media?parent=34008"}],"wp:term":[{"taxonomy":"category","embeddable":true,"href":"https:\/\/www.elamazonico.com\/portal\/wp-json\/wp\/v2\/categories?post=34008"},{"taxonomy":"post_tag","embeddable":true,"href":"https:\/\/www.elamazonico.com\/portal\/wp-json\/wp\/v2\/tags?post=34008"}],"curies":[{"name":"wp","href":"https:\/\/api.w.org\/{rel}","templated":true}]}}