{"id":33996,"date":"2026-09-01T10:35:35","date_gmt":"2026-09-01T15:35:35","guid":{"rendered":"https:\/\/www.elamazonico.com\/portal\/?p=33996"},"modified":"2026-09-01T10:35:35","modified_gmt":"2026-09-01T15:35:35","slug":"daniel-salcedo-es-uno-de-los-extraditables-de-ecuador-hay-una-lista-dice-reimberg","status":"publish","type":"post","link":"https:\/\/www.elamazonico.com\/portal\/daniel-salcedo-es-uno-de-los-extraditables-de-ecuador-hay-una-lista-dice-reimberg\/","title":{"rendered":"Daniel Salcedo es uno de los extraditables de Ecuador, \u00abhay una lista\u00bb, dice Reimberg"},"content":{"rendered":"<p>El ministro del Interior, John Reimberg, anunci\u00f3 que el Gobierno tiene una lista de extraditables a Estados Unidos, en la que se encuentra Daniel Salcedo, quien actualmente se encuentra en la c\u00e1rcel El Encuentro, cumpliendo una sentencia por corrupci\u00f3n y, adem\u00e1s, es investigado por el asesinato de Fernando Villavicencio.<\/p>\n<p>Reimberg se refiri\u00f3 al tema durante una entrevista con radio \u00c9lite, el 1 de septiembre de 2026. Detall\u00f3 que Daniel Salcedo ya fue notificado del proceso de extradici\u00f3n por parte de la Corte Nacional de Justicia.<\/p>\n<blockquote><p>\u00abTenemos una lista de personas que van a ser extraditadas, est\u00e1n dentro de un proceso. Ayer ya fueron notificadas dos personas por parte de la Corte Nacional: Salcedo y Herrera\u00bb John Reimberg, ministro del Interior<\/p><\/blockquote>\n<p>Daniel Salcedo debe enfrentar a la justicia de Estados Unidos, asegur\u00f3 el ministro del Interior. El otro preso que fue notificado es Ronal Patricio Herrera Ram\u00edrez, un exteniente de la Polic\u00eda que se convirti\u00f3 en\u00a0testigo protegido de la Fiscal\u00eda General del Estado (FGE) en el caso por el magnicidio de Fernando Villavicencio, exasamble\u00edsta y excandidato presidencial.<\/p>\n<p>En la lista de &#8216;extraditables&#8217; tambi\u00e9n est\u00e1 Roberto Carlos \u00c1lvarez Vera, alias &#8216;Gerente&#8217;, identificado por las autoridades ecuatorianas como presunto cabecilla del grupo Comandos de la Frontera en el pa\u00eds y actualmente enfrenta un juicio por supuesto lavado de activos.<\/p>\n<p>Reimberg no dio m\u00e1s detalles sobre las otras personas que podr\u00edan ser enviadas al pa\u00eds norteamericano, pero insisti\u00f3 en que existe una lista.<\/p>\n<p>&nbsp;<\/p>\n<blockquote><p>\u00abQuiz\u00e1 por decir lo bueno es que hoy en d\u00eda se les dice extradici\u00f3n y alzan la mano y quieren irse extraditados, porque no quieren estar en la c\u00e1rcel de El Encuentro\u00bb, asegur\u00f3 el ministro John Reimberg.<\/p><\/blockquote>\n<p><strong>Ecuatorianos extraditados a Estados Unidos<\/strong><br \/>\nLa extradici\u00f3n de ecuatorianos requeridos por otros pa\u00edses se aprob\u00f3 en la consulta popular y referendo del 21 de abril de 2024. Un a\u00f1o despu\u00e9s, Jos\u00e9 Adolfo Mac\u00edas, alias &#8216;Fito&#8217;, el l\u00edder m\u00e1ximo de Los Choneros se convirti\u00f3 en el primer extraditado a Estados Unidos, tras su captura en un b\u00fanker subterr\u00e1neo en Manab\u00ed.<\/p>\n<p>Unos d\u00edas despu\u00e9s, Ecuador entreg\u00f3 a Estados Unidos a Omar Auseno Burgos, alias &#8216;Llanero\u2019 y Nirama Ch\u00e1vez Galvis \u2018Nirama\u2019, buscados por narcotr\u00e1fico.<\/p>\n<p>Tambi\u00e9n en 2025 fue extraditado a Estados Unidos Luis Gonzalo Haro, un ecuatoriano requerido para ser procesado por un presunto delito sexual.<\/p>\n<p>En total, m\u00e1s de 15 ecuatorianos han sido extraditados a Estados Unidos desde Ecuador y terceros pa\u00edses -sobre todo desde Colombia y Espa\u00f1a-, en procesos ligados al tr\u00e1fico internacional de drogas. <strong>Fuente: Vistazo<\/strong><\/p>\n","protected":false},"excerpt":{"rendered":"<p>El ministro del Interior, John Reimberg, anunci\u00f3 que el Gobierno tiene una lista de extraditables a Estados Unidos, en la que se encuentra Daniel Salcedo, quien actualmente se encuentra en la c\u00e1rcel El Encuentro, cumpliendo una sentencia por corrupci\u00f3n y, adem\u00e1s, es investigado por el asesinato de Fernando Villavicencio. Reimberg se refiri\u00f3 al tema durante una entrevista con radio \u00c9lite, el 1 de septiembre de 2026. Detall\u00f3 que Daniel Salcedo ya fue notificado del proceso de extradici\u00f3n por parte de la Corte Nacional de Justicia. \u00abTenemos una lista de personas que van a ser extraditadas, est\u00e1n dentro de un proceso. Ayer ya fueron notificadas dos personas por parte de la Corte Nacional: Salcedo y Herrera\u00bb John Reimberg, ministro del Interior Daniel Salcedo debe enfrentar a la justicia de Estados Unidos, asegur\u00f3 el ministro del Interior. El otro preso que fue notificado es Ronal Patricio Herrera Ram\u00edrez, un exteniente de la Polic\u00eda que se convirti\u00f3 en\u00a0testigo protegido de la Fiscal\u00eda General del Estado (FGE) en el caso por el magnicidio de Fernando Villavicencio, exasamble\u00edsta y excandidato presidencial. En la lista de &#8216;extraditables&#8217; tambi\u00e9n est\u00e1 Roberto Carlos \u00c1lvarez Vera, alias &#8216;Gerente&#8217;, identificado por las autoridades ecuatorianas como presunto cabecilla del grupo Comandos de la Frontera en el pa\u00eds y actualmente enfrenta un juicio por supuesto lavado de activos. Reimberg no dio m\u00e1s detalles sobre las otras personas que podr\u00edan ser enviadas al pa\u00eds norteamericano, pero insisti\u00f3 en que existe una lista. &nbsp; \u00abQuiz\u00e1 por decir lo bueno es que hoy en d\u00eda se les dice extradici\u00f3n y alzan la mano y quieren irse extraditados, porque no quieren estar en la c\u00e1rcel de El Encuentro\u00bb, asegur\u00f3 el ministro John Reimberg. Ecuatorianos extraditados a Estados Unidos La extradici\u00f3n de ecuatorianos requeridos por otros pa\u00edses se aprob\u00f3 en la consulta popular y referendo del 21 de abril de 2024. Un a\u00f1o despu\u00e9s, Jos\u00e9 Adolfo Mac\u00edas, alias &#8216;Fito&#8217;, el l\u00edder m\u00e1ximo de Los Choneros se convirti\u00f3 en el primer extraditado a Estados Unidos, tras su captura en un b\u00fanker subterr\u00e1neo en Manab\u00ed. Unos d\u00edas despu\u00e9s, Ecuador entreg\u00f3 a Estados Unidos a Omar Auseno Burgos, alias &#8216;Llanero\u2019 y Nirama Ch\u00e1vez Galvis \u2018Nirama\u2019, buscados por narcotr\u00e1fico. Tambi\u00e9n en 2025 fue extraditado a Estados Unidos Luis Gonzalo Haro, un ecuatoriano requerido para ser procesado por un presunto delito sexual. En total, m\u00e1s de 15 ecuatorianos han sido extraditados a Estados Unidos desde Ecuador y terceros pa\u00edses -sobre todo desde Colombia y Espa\u00f1a-, en procesos ligados al tr\u00e1fico internacional de drogas. Fuente: Vistazo<\/p>\n","protected":false},"author":1,"featured_media":33997,"comment_status":"closed","ping_status":"closed","sticky":false,"template":"","format":"standard","meta":{"footnotes":""},"categories":[268],"tags":[],"class_list":["post-33996","post","type-post","status-publish","format-standard","has-post-thumbnail","hentry","category-nacionales"],"_links":{"self":[{"href":"https:\/\/www.elamazonico.com\/portal\/wp-json\/wp\/v2\/posts\/33996","targetHints":{"allow":["GET"]}}],"collection":[{"href":"https:\/\/www.elamazonico.com\/portal\/wp-json\/wp\/v2\/posts"}],"about":[{"href":"https:\/\/www.elamazonico.com\/portal\/wp-json\/wp\/v2\/types\/post"}],"author":[{"embeddable":true,"href":"https:\/\/www.elamazonico.com\/portal\/wp-json\/wp\/v2\/users\/1"}],"replies":[{"embeddable":true,"href":"https:\/\/www.elamazonico.com\/portal\/wp-json\/wp\/v2\/comments?post=33996"}],"version-history":[{"count":1,"href":"https:\/\/www.elamazonico.com\/portal\/wp-json\/wp\/v2\/posts\/33996\/revisions"}],"predecessor-version":[{"id":33998,"href":"https:\/\/www.elamazonico.com\/portal\/wp-json\/wp\/v2\/posts\/33996\/revisions\/33998"}],"wp:featuredmedia":[{"embeddable":true,"href":"https:\/\/www.elamazonico.com\/portal\/wp-json\/wp\/v2\/media\/33997"}],"wp:attachment":[{"href":"https:\/\/www.elamazonico.com\/portal\/wp-json\/wp\/v2\/media?parent=33996"}],"wp:term":[{"taxonomy":"category","embeddable":true,"href":"https:\/\/www.elamazonico.com\/portal\/wp-json\/wp\/v2\/categories?post=33996"},{"taxonomy":"post_tag","embeddable":true,"href":"https:\/\/www.elamazonico.com\/portal\/wp-json\/wp\/v2\/tags?post=33996"}],"curies":[{"name":"wp","href":"https:\/\/api.w.org\/{rel}","templated":true}]}}