{"id":33991,"date":"2026-09-01T09:28:25","date_gmt":"2026-09-01T14:28:25","guid":{"rendered":"https:\/\/www.elamazonico.com\/portal\/?p=33991"},"modified":"2026-09-01T09:28:25","modified_gmt":"2026-09-01T14:28:25","slug":"daniel-noboa-declara-prioridad-nacional-las-acciones-ante-fenomeno-el-nino-pide-a-municipios-fortalecer-sus-planes","status":"publish","type":"post","link":"https:\/\/www.elamazonico.com\/portal\/daniel-noboa-declara-prioridad-nacional-las-acciones-ante-fenomeno-el-nino-pide-a-municipios-fortalecer-sus-planes\/","title":{"rendered":"Daniel Noboa declara prioridad nacional las acciones ante fen\u00f3meno El Ni\u00f1o: pide a municipios fortalecer sus planes"},"content":{"rendered":"<div class=\"paragraph texto\">\n<p class=\"p_0\">El presidente de la Rep\u00fablica,\u00a0<b>Daniel Noboa<\/b>, declar\u00f3 como\u00a0<b>prioridad nacional<\/b>\u00a0la continuidad y el fortalecimiento de las acciones de prevenci\u00f3n y preparaci\u00f3n frente a los posibles efectos del\u00a0<b><a href=\"https:\/\/www.vistazo.com\/negocios\/economia\/2026-08-27-fenomeno-el-nino-definira-futuro-precio-y-cosecha-cacao-nivel-global-ecuador-HI11192764\">fen\u00f3meno El Ni\u00f1o<\/a><\/b>\u00a0en el territorio nacional.<\/p>\n<div class=\"lea-tambien-card\">\n<div class=\"lea-tambien-body\">\n<div class=\"lea-tambien-thumb\">Mediante el <b>Decreto Ejecutivo<\/b>, suscrito este lunes 31 de agosto, el primer mandatario tambi\u00e9n dispuso la ejecuci\u00f3n de las\u00a0<b>acciones<\/b>\u00a0de respuesta y recuperaci\u00f3n que correspondan, en funci\u00f3n de la evoluci\u00f3n del evento y los escenarios de\u00a0<b>riesgo<\/b>, en el marco de la \u00ab<b>Alerta Roja\u00bb<\/b>\u00a0declarada el pasado 29 de agosto de 2026.<\/div>\n<\/div>\n<\/div>\n<p><iframe width=\"1\" height=\"1\" frameborder=\"0\" scrolling=\"no\" data-mce-fragment=\"1\"><\/iframe><\/p>\n<p class=\"p_3\">Aunque El Ni\u00f1o est\u00e1 en curso, la declaratoria no significa que las\u00a0<b>lluvias<\/b> intensas comenzar\u00e1n de forma inmediata. Sin embargo, el fen\u00f3meno se desarrolla en un contexto de calentamiento del oc\u00e9ano Pac\u00edfico, junto con otros factores atmosf\u00e9ricos y estacionales que influyen en el comportamiento de las temperaturas y las precipitaciones.<\/p>\n<p class=\"p_4\">Seg\u00fan el an\u00e1lisis t\u00e9cnico de la\u00a0<b>Secretar\u00eda Nacional de Gesti\u00f3n de Riesgos<\/b>, las condiciones podr\u00edan alcanzar una\u00a0<b>mayor intensidad<\/b>\u00a0durante el \u00faltimo trimestre de 2026 e inicios de 2027.<\/p>\n<div class=\"lea-tambien-card\">\n<div class=\"lea-tambien-body\">\n<div class=\"lea-tambien-thumb\"><strong>Ministerios deber\u00e1n coordinar acciones<\/strong><\/div>\n<\/div>\n<\/div>\n<\/div>\n<div class=\"paragraph texto\">\n<p class=\"p_6\">El decreto dispone que los ministerios de Gobierno, Infraestructura y Tecnolog\u00eda; Salud P\u00fablica; Ambiente y Energ\u00eda; Trabajo y Desarrollo Humano; Desarrollo Econ\u00f3mico y Productivo; Educaci\u00f3n, Deporte y Cultura; Defensa Nacional; e Interior ejecuten acciones coordinadas de prevenci\u00f3n, preparaci\u00f3n, respuesta y recuperaci\u00f3n.<\/p>\n<p class=\"p_7\">Estas entidades deber\u00e1n actuar conforme a los lineamientos t\u00e9cnicos emitidos por la Secretar\u00eda Nacional de Gesti\u00f3n de Riesgos y los Comit\u00e9s de Operaciones de Emergencia (COE).<\/p>\n<p class=\"p_9\">Adem\u00e1s, el Ministerio de Desarrollo Econ\u00f3mico y Productivo deber\u00e1 adoptar las medidas\u00a0<b>presupuestarias<\/b>\u00a0necesarias para garantizar la asignaci\u00f3n oportuna de los recursos requeridos por las instituciones involucradas..<\/p>\n<\/div>\n<h2 class=\"h2vistazo\">Noboa pide a los municipios fortalecer sus planes<\/h2>\n<div class=\"paragraph texto\">\n<p class=\"p_10\">El Ejecutivo tambi\u00e9n inst\u00f3 a los gobiernos provinciales, municipales, metropolitanos y parroquiales rurales a\u00a0<b>priorizar<\/b>\u00a0la ejecuci\u00f3n y el fortalecimiento de sus\u00a0<b>planes de acci\u00f3n<\/b>\u00a0ante El Ni\u00f1o, dentro de sus respectivas competencias.<\/p>\n<p class=\"p_11\">Asimismo, el Comit\u00e9 Nacional para el Estudio Regional del Fen\u00f3meno de El Ni\u00f1o y los\u00a0<b>organismos t\u00e9cnico-cient\u00edficos<\/b>\u00a0deber\u00e1n fortalecer el\u00a0<b>monitoreo<\/b>\u00a0permanente de las condiciones oce\u00e1nicas, atmosf\u00e9ricas, meteorol\u00f3gicas e hidrol\u00f3gicas \u00abque permitan tomar decisiones anticipadas para reducir las p\u00e9rdidas y da\u00f1os asociados a la evoluci\u00f3n del fen\u00f3meno El Ni\u00f1o\u00bb.<\/p>\n<p class=\"p_12\">Por \u00faltimo, todas las acciones de las entidades de la Funci\u00f3n Ejecutiva ser\u00e1n coordinadas por la\u00a0<b>Secretar\u00eda Nacional de Gesti\u00f3n de Riesgos<\/b>, como organismo rector del Sistema Nacional Descentralizado de Gesti\u00f3n Integral del Riesgo de Desastres. <strong>Fuente: Vistazo<\/strong><\/p>\n<\/div>\n","protected":false},"excerpt":{"rendered":"<p>El presidente de la Rep\u00fablica,\u00a0Daniel Noboa, declar\u00f3 como\u00a0prioridad nacional\u00a0la continuidad y el fortalecimiento de las acciones de prevenci\u00f3n y preparaci\u00f3n frente a los posibles efectos del\u00a0fen\u00f3meno El Ni\u00f1o\u00a0en el territorio nacional. Mediante el Decreto Ejecutivo, suscrito este lunes 31 de agosto, el primer mandatario tambi\u00e9n dispuso la ejecuci\u00f3n de las\u00a0acciones\u00a0de respuesta y recuperaci\u00f3n que correspondan, en funci\u00f3n de la evoluci\u00f3n del evento y los escenarios de\u00a0riesgo, en el marco de la \u00abAlerta Roja\u00bb\u00a0declarada el pasado 29 de agosto de 2026. Aunque El Ni\u00f1o est\u00e1 en curso, la declaratoria no significa que las\u00a0lluvias intensas comenzar\u00e1n de forma inmediata. Sin embargo, el fen\u00f3meno se desarrolla en un contexto de calentamiento del oc\u00e9ano Pac\u00edfico, junto con otros factores atmosf\u00e9ricos y estacionales que influyen en el comportamiento de las temperaturas y las precipitaciones. Seg\u00fan el an\u00e1lisis t\u00e9cnico de la\u00a0Secretar\u00eda Nacional de Gesti\u00f3n de Riesgos, las condiciones podr\u00edan alcanzar una\u00a0mayor intensidad\u00a0durante el \u00faltimo trimestre de 2026 e inicios de 2027. Ministerios deber\u00e1n coordinar acciones El decreto dispone que los ministerios de Gobierno, Infraestructura y Tecnolog\u00eda; Salud P\u00fablica; Ambiente y Energ\u00eda; Trabajo y Desarrollo Humano; Desarrollo Econ\u00f3mico y Productivo; Educaci\u00f3n, Deporte y Cultura; Defensa Nacional; e Interior ejecuten acciones coordinadas de prevenci\u00f3n, preparaci\u00f3n, respuesta y recuperaci\u00f3n. Estas entidades deber\u00e1n actuar conforme a los lineamientos t\u00e9cnicos emitidos por la Secretar\u00eda Nacional de Gesti\u00f3n de Riesgos y los Comit\u00e9s de Operaciones de Emergencia (COE). Adem\u00e1s, el Ministerio de Desarrollo Econ\u00f3mico y Productivo deber\u00e1 adoptar las medidas\u00a0presupuestarias\u00a0necesarias para garantizar la asignaci\u00f3n oportuna de los recursos requeridos por las instituciones involucradas.. Noboa pide a los municipios fortalecer sus planes El Ejecutivo tambi\u00e9n inst\u00f3 a los gobiernos provinciales, municipales, metropolitanos y parroquiales rurales a\u00a0priorizar\u00a0la ejecuci\u00f3n y el fortalecimiento de sus\u00a0planes de acci\u00f3n\u00a0ante El Ni\u00f1o, dentro de sus respectivas competencias. Asimismo, el Comit\u00e9 Nacional para el Estudio Regional del Fen\u00f3meno de El Ni\u00f1o y los\u00a0organismos t\u00e9cnico-cient\u00edficos\u00a0deber\u00e1n fortalecer el\u00a0monitoreo\u00a0permanente de las condiciones oce\u00e1nicas, atmosf\u00e9ricas, meteorol\u00f3gicas e hidrol\u00f3gicas \u00abque permitan tomar decisiones anticipadas para reducir las p\u00e9rdidas y da\u00f1os asociados a la evoluci\u00f3n del fen\u00f3meno El Ni\u00f1o\u00bb. Por \u00faltimo, todas las acciones de las entidades de la Funci\u00f3n Ejecutiva ser\u00e1n coordinadas por la\u00a0Secretar\u00eda Nacional de Gesti\u00f3n de Riesgos, como organismo rector del Sistema Nacional Descentralizado de Gesti\u00f3n Integral del Riesgo de Desastres. Fuente: Vistazo<\/p>\n","protected":false},"author":1,"featured_media":33992,"comment_status":"closed","ping_status":"closed","sticky":false,"template":"","format":"standard","meta":{"footnotes":""},"categories":[268],"tags":[],"class_list":["post-33991","post","type-post","status-publish","format-standard","has-post-thumbnail","hentry","category-nacionales"],"_links":{"self":[{"href":"https:\/\/www.elamazonico.com\/portal\/wp-json\/wp\/v2\/posts\/33991","targetHints":{"allow":["GET"]}}],"collection":[{"href":"https:\/\/www.elamazonico.com\/portal\/wp-json\/wp\/v2\/posts"}],"about":[{"href":"https:\/\/www.elamazonico.com\/portal\/wp-json\/wp\/v2\/types\/post"}],"author":[{"embeddable":true,"href":"https:\/\/www.elamazonico.com\/portal\/wp-json\/wp\/v2\/users\/1"}],"replies":[{"embeddable":true,"href":"https:\/\/www.elamazonico.com\/portal\/wp-json\/wp\/v2\/comments?post=33991"}],"version-history":[{"count":1,"href":"https:\/\/www.elamazonico.com\/portal\/wp-json\/wp\/v2\/posts\/33991\/revisions"}],"predecessor-version":[{"id":33993,"href":"https:\/\/www.elamazonico.com\/portal\/wp-json\/wp\/v2\/posts\/33991\/revisions\/33993"}],"wp:featuredmedia":[{"embeddable":true,"href":"https:\/\/www.elamazonico.com\/portal\/wp-json\/wp\/v2\/media\/33992"}],"wp:attachment":[{"href":"https:\/\/www.elamazonico.com\/portal\/wp-json\/wp\/v2\/media?parent=33991"}],"wp:term":[{"taxonomy":"category","embeddable":true,"href":"https:\/\/www.elamazonico.com\/portal\/wp-json\/wp\/v2\/categories?post=33991"},{"taxonomy":"post_tag","embeddable":true,"href":"https:\/\/www.elamazonico.com\/portal\/wp-json\/wp\/v2\/tags?post=33991"}],"curies":[{"name":"wp","href":"https:\/\/api.w.org\/{rel}","templated":true}]}}