{"id":33983,"date":"2026-09-01T06:09:29","date_gmt":"2026-09-01T11:09:29","guid":{"rendered":"https:\/\/www.elamazonico.com\/portal\/?p=33983"},"modified":"2026-09-01T06:09:29","modified_gmt":"2026-09-01T11:09:29","slug":"las-tres-facetas-de-jose-serrano-como-llego-a-ser-la-figura-mas-aborrecida-de-la-politica-nacional","status":"publish","type":"post","link":"https:\/\/www.elamazonico.com\/portal\/las-tres-facetas-de-jose-serrano-como-llego-a-ser-la-figura-mas-aborrecida-de-la-politica-nacional\/","title":{"rendered":"Las tres facetas de Jos\u00e9 Serrano, \u00bfc\u00f3mo lleg\u00f3 a ser la figura m\u00e1s aborrecida de la pol\u00edtica nacional?"},"content":{"rendered":"<p>Las im\u00e1genes de Jos\u00e9 Serrano, esposado y vestido de naranja, ingresando a la nueva c\u00e1rcel del Encuentro, en Santa Elena, inundaron las redes sociales el 29 de agosto. La inesperada extradici\u00f3n del exministro del Interior del corre\u00edsmo marca el inicio de una etapa que muchos cre\u00edan que no llegar\u00eda.<\/p>\n<p>La llegada a Ecuador del tambi\u00e9n expresidente de la Asamblea Nacional del morenismo lo enfrenta ahora a varios procesos penales, que permanec\u00edan en pausa desde su autoexilio a Estados Unidos, y a su soledad pol\u00edtica, sin ning\u00fan aliado a la vista m\u00e1s que su familia.<\/p>\n<p>Sin embargo, las ramificaciones que esa detenci\u00f3n podr\u00eda desencadenar provocan tambi\u00e9n expectativa e inquietud, tanto en sus anteriores aliados como en sus incontables detractores. Porque si hay algo que caracteriz\u00f3 la trayectoria pol\u00edtica y p\u00fablica de Serrano fue el haberse mantenido en el c\u00edrculo \u00edntimo del poder durante el corre\u00edsmo y el morenismo.<\/p>\n<p>Pero, desde el inicio de su declive, aquellos que compartieron tarima, bandera, palmadas y abrazos con \u00e9l han ido marcado distancia, silenciosa o expl\u00edcitamente, hasta convertirlo en la figura m\u00e1s aborrecida de la pol\u00edtica contempor\u00e1nea.<\/p>\n<p>\u00bfC\u00f3mo lleg\u00f3 Jos\u00e9 Serrano a ser el pol\u00edtico m\u00e1s intocable y, posteriormente, rechazado del Ecuador?<\/p>\n<p><strong>El ascenso de la mano del corre\u00edsmo<\/strong><br \/>\nEl abogado cuencano, Jos\u00e9 Serrano Delgado, empez\u00f3 su vida p\u00fablica en el gobierno de Alfredo Palacio, en el que tambi\u00e9n particip\u00f3 brevemente Rafael Correa. Pero su cl\u00edmax pol\u00edtico lleg\u00f3 seis a\u00f1os despu\u00e9s, entre 2011 y 2016, cuando este \u00faltimo lo ascendi\u00f3 a Ministro del Interior.<\/p>\n<h5><img decoding=\"async\" src=\"https:\/\/imagenes.primicias.ec\/files\/content_image_simple_414_238\/files\/fp\/uploads\/2025\/08\/07\/68952fa996187.r_d.408-266.jpeg\" alt=\"thumb\" \/><br \/>\nJos\u00e9 Serrano, exministro del Interior, junto al expresidente Rafael Correa, en la inauguraci\u00f3n de la UVC de Ambato, el 24 de junio de 2014.Flickr \/ Ministerio de Gobierno<\/h5>\n<p>Para ese entonces ya hab\u00eda ocupado dos cargos secundarios y el entonces Ministerio de Justicia, abri\u00e9ndose camino hacia la c\u00fapula del gabinete corre\u00edsta. Como titular del Interior, Serrano amenaz\u00f3 a jueces y lider\u00f3 una profunda reestructuraci\u00f3n de la Polic\u00eda Nacional, la cuestionada desarticulaci\u00f3n de bandas criminales y una potente estrategia medi\u00e1tica alrededor de la seguridad ciudadana.<\/p>\n<p>A la vez, su administraci\u00f3n estuvo caracterizada por se\u00f1alamientos de abusos de poder, violaciones de derechos humanos, persecuci\u00f3n a opositores y el uso extensivo de la inteligencia estatal para control pol\u00edtico. Pero, pese a las cr\u00edticas, se convirti\u00f3 en una de las figuras m\u00e1s populares del gabinete corre\u00edsta.<\/p>\n<p>En ese entonces, el presidente Correa celebraba su gesti\u00f3n y lo manten\u00eda cerca, como uno de sus m\u00e1s eficaces y leales ministros. En esa \u00e9poca, Serrano lider\u00f3 la judicializaci\u00f3n de cientos de adversarios pol\u00edticos del r\u00e9gimen.<\/p>\n<p>De esos a\u00f1os nacieron adem\u00e1s las acusaciones en su contra sobre montajes de evidencias, secuestro, supuestos pactos con grupos criminales, creaci\u00f3n de redes de espionaje, contrataciones irregulares, cobro de diezmos, tr\u00e1fico de influencias y cohecho.<\/p>\n<p><strong>Un nuevo papel con Moreno<\/strong><br \/>\nCon el fin de la d\u00e9cada corre\u00edsta y el traspaso de poder a Len\u00edn Moreno, Serrano tambi\u00e9n aprovech\u00f3 la reestructuraci\u00f3n del poder para dejar el gabinete y ser el principal candidato por Alianza PAIS a la Asamblea Nacional. As\u00ed fue como lleg\u00f3 a ser el presidente del Legislativo en mayo de 2017.<\/p>\n<p>Sin embargo, Moreno se distanci\u00f3 inmediatamente de Correa, en julio de ese mismo a\u00f1o, y lo acus\u00f3 de haberle entregado el pa\u00eds con la econom\u00eda en mal estado. A partir de esa pol\u00e9mica, Serrano tom\u00f3 partido por Moreno y fue uno de los primeros en pedir la renuncia del exvicepresidente Jorge Glas, quien fue vinculado a la trama de corrupci\u00f3n de la constructora brasile\u00f1a Odebrecht.<\/p>\n<p>Inmediatamente Correa y todos sus ac\u00f3litos los acusaron de traici\u00f3n y quebraron todos los puentes y v\u00ednculos con ellos.\u00a0\u00abSe vendi\u00f3 totalmente a Len\u00edn Moreno y fue clave para la destrucci\u00f3n nacional\u00bb, afirm\u00f3, abriendo una brecha irreconciliable.<\/p>\n<p>Pero, el poder le dur\u00f3 poco. En febrero de 2018, se filtr\u00f3 un audio de una conversaci\u00f3n que tuvo con Carlos P\u00f3lit, excontralor que estaba pr\u00f3fugo por sus nexos con el mismo caso Odebrecht. En esa conversaci\u00f3n, hablaban de sacar de su cargo a Carlos Baca Mancheno, entonces fiscal general.<\/p>\n<h5><img decoding=\"async\" src=\"https:\/\/imagenes.primicias.ec\/files\/content_image_simple_414_238\/files\/fp\/uploads\/2024\/06\/10\/6666d1757e04f.r_d.730-352-4990.jpeg\" alt=\"thumb\" \/><br \/>\nEl presidente Len\u00edn Moreno y el presidente de la Asamblea, Jos\u00e9 Serrano, festejan los resultados de la consulta popular, el 4 de febrero de 2018.Presidencia<\/h5>\n<p>La filtraci\u00f3n termin\u00f3 en su destituci\u00f3n de la Presidencia de la Asamblea, y aunque mantuvo su curul hasta mayo de 2021 y fue presidente de la Comisi\u00f3n de Justicia, su perfil baj\u00f3 radicalmente.<\/p>\n<p>As\u00ed pas\u00f3 de ser un fiel operador de Moreno a caer en desgracia y convertirse en una especie de opositor dentro del bloque oficialista, controlando una mini bancada que operaba como independiente.<\/p>\n<p>Y, pese a que sus antiguos compa\u00f1eros de lista y bancada optaron por el hermetismo f\u00e9rreo y distanciamiento con cualquier faceta de Serrano, el Gobierno termin\u00f3 asoci\u00e1ndolo al caso Isspol, sobre el desfalco de USD 800 millones a los fondos de pensi\u00f3n policiales.<\/p>\n<p><strong>El autodestierro a Estados Unidos<\/strong><br \/>\nApenas termin\u00f3 su periodo legislativo, sin respaldo pol\u00edtico ni aliados en Ecuador y con una creciente lista de enemistades, el otrora poderoso Ministro del Interior viaj\u00f3 a Miami, en mayo de 2021, y solicit\u00f3 asilo en octubre.<\/p>\n<p>Ya sin una plataforma partidista ni un meg\u00e1fono estatal, Serrano aparec\u00eda eventualmente en redes sociales, para criticar a las administraciones de Guillermo Lasso y Daniel Noboa en temas de seguridad.<\/p>\n<p>Mientras tanto, con el asumido alejamiento de Serrano del poder, especialmente policial y judicial, en Ecuador las denuncias penales en su contra empezaron a multiplicarse y los casos emblem\u00e1ticos del corre\u00edsmo, a caerse.<\/p>\n<p>Sin embargo, el exministro corre\u00edsta continu\u00f3 presumiendo p\u00fablicamente de su nivel de influencia en las fuerzas policiales, manejando informaci\u00f3n privilegiada y reservada. Lo que le cost\u00f3 tambi\u00e9n una investigaci\u00f3n al respecto.<\/p>\n<p>Desde que dej\u00f3 el Ministerio, Serrano estaba acostumbrado a divulgar informaci\u00f3n sobre asesinatos de fiscales, periodistas, investigados clave de la Fiscal\u00eda, escapes penitenciarios, entre otros.<\/p>\n<p>Para agosto de 2024 intent\u00f3 regresar a las contiendas electorales, como candidato presidencial de Centro Democr\u00e1tico, uno de los movimientos que han apoyado y auspiciado al corre\u00edsmo. Sin embargo, la intenci\u00f3n dur\u00f3 poco, Serrano afirm\u00f3 que la inseguridad y la corrupci\u00f3n institucional le imped\u00edan regresar al pa\u00eds para participar.<\/p>\n<p>Y en mayo de 2025 lleg\u00f3, probablemente, la peor de las acusaciones en su contra: financiar el magnicidio de Fernando Villavicencio. Esto implic\u00f3 una orden de captura y prisi\u00f3n preventiva, alerta de Interpol, y el llamamiento a juicio como autor mediato del crimen.<\/p>\n<p>En medio de esas acusaciones, Serrano fue detenido en Estados Unidos\u00a0el 7 de agosto de 2025, por una infracci\u00f3n migratoria. Desde entonces, Serrano estuvo en un centro de detenci\u00f3n y su defensa intent\u00f3 por todos los medio evitar su deportaci\u00f3n a Ecuador.<\/p>\n<p>La estrategia legal funcion\u00f3 durante un a\u00f1o, hasta que, sorpresivamente, las autoridades estadounidenses lo enviaron de regreso al pa\u00eds, donde lo espera una larga lista de pendientes y acusadores. Y donde m\u00e1s de uno estar\u00e1 pendiente de lo que pueda decir o callar sobre los dos gobiernos en los que particip\u00f3, sus funcionarios, sus conexiones y las presuntas relaciones con el crimen organizado. <strong>Fuente: Primicias<\/strong><\/p>\n","protected":false},"excerpt":{"rendered":"<p>Las im\u00e1genes de Jos\u00e9 Serrano, esposado y vestido de naranja, ingresando a la nueva c\u00e1rcel del Encuentro, en Santa Elena, inundaron las redes sociales el 29 de agosto. La inesperada extradici\u00f3n del exministro del Interior del corre\u00edsmo marca el inicio de una etapa que muchos cre\u00edan que no llegar\u00eda. La llegada a Ecuador del tambi\u00e9n expresidente de la Asamblea Nacional del morenismo lo enfrenta ahora a varios procesos penales, que permanec\u00edan en pausa desde su autoexilio a Estados Unidos, y a su soledad pol\u00edtica, sin ning\u00fan aliado a la vista m\u00e1s que su familia. Sin embargo, las ramificaciones que esa detenci\u00f3n podr\u00eda desencadenar provocan tambi\u00e9n expectativa e inquietud, tanto en sus anteriores aliados como en sus incontables detractores. Porque si hay algo que caracteriz\u00f3 la trayectoria pol\u00edtica y p\u00fablica de Serrano fue el haberse mantenido en el c\u00edrculo \u00edntimo del poder durante el corre\u00edsmo y el morenismo. Pero, desde el inicio de su declive, aquellos que compartieron tarima, bandera, palmadas y abrazos con \u00e9l han ido marcado distancia, silenciosa o expl\u00edcitamente, hasta convertirlo en la figura m\u00e1s aborrecida de la pol\u00edtica contempor\u00e1nea. \u00bfC\u00f3mo lleg\u00f3 Jos\u00e9 Serrano a ser el pol\u00edtico m\u00e1s intocable y, posteriormente, rechazado del Ecuador? El ascenso de la mano del corre\u00edsmo El abogado cuencano, Jos\u00e9 Serrano Delgado, empez\u00f3 su vida p\u00fablica en el gobierno de Alfredo Palacio, en el que tambi\u00e9n particip\u00f3 brevemente Rafael Correa. Pero su cl\u00edmax pol\u00edtico lleg\u00f3 seis a\u00f1os despu\u00e9s, entre 2011 y 2016, cuando este \u00faltimo lo ascendi\u00f3 a Ministro del Interior. Jos\u00e9 Serrano, exministro del Interior, junto al expresidente Rafael Correa, en la inauguraci\u00f3n de la UVC de Ambato, el 24 de junio de 2014.Flickr \/ Ministerio de Gobierno Para ese entonces ya hab\u00eda ocupado dos cargos secundarios y el entonces Ministerio de Justicia, abri\u00e9ndose camino hacia la c\u00fapula del gabinete corre\u00edsta. Como titular del Interior, Serrano amenaz\u00f3 a jueces y lider\u00f3 una profunda reestructuraci\u00f3n de la Polic\u00eda Nacional, la cuestionada desarticulaci\u00f3n de bandas criminales y una potente estrategia medi\u00e1tica alrededor de la seguridad ciudadana. A la vez, su administraci\u00f3n estuvo caracterizada por se\u00f1alamientos de abusos de poder, violaciones de derechos humanos, persecuci\u00f3n a opositores y el uso extensivo de la inteligencia estatal para control pol\u00edtico. Pero, pese a las cr\u00edticas, se convirti\u00f3 en una de las figuras m\u00e1s populares del gabinete corre\u00edsta. En ese entonces, el presidente Correa celebraba su gesti\u00f3n y lo manten\u00eda cerca, como uno de sus m\u00e1s eficaces y leales ministros. En esa \u00e9poca, Serrano lider\u00f3 la judicializaci\u00f3n de cientos de adversarios pol\u00edticos del r\u00e9gimen. De esos a\u00f1os nacieron adem\u00e1s las acusaciones en su contra sobre montajes de evidencias, secuestro, supuestos pactos con grupos criminales, creaci\u00f3n de redes de espionaje, contrataciones irregulares, cobro de diezmos, tr\u00e1fico de influencias y cohecho. Un nuevo papel con Moreno Con el fin de la d\u00e9cada corre\u00edsta y el traspaso de poder a Len\u00edn Moreno, Serrano tambi\u00e9n aprovech\u00f3 la reestructuraci\u00f3n del poder para dejar el gabinete y ser el principal candidato por Alianza PAIS a la Asamblea Nacional. As\u00ed fue como lleg\u00f3 a ser el presidente del Legislativo en mayo de 2017. Sin embargo, Moreno se distanci\u00f3 inmediatamente de Correa, en julio de ese mismo a\u00f1o, y lo acus\u00f3 de haberle entregado el pa\u00eds con la econom\u00eda en mal estado. A partir de esa pol\u00e9mica, Serrano tom\u00f3 partido por Moreno y fue uno de los primeros en pedir la renuncia del exvicepresidente Jorge Glas, quien fue vinculado a la trama de corrupci\u00f3n de la constructora brasile\u00f1a Odebrecht. Inmediatamente Correa y todos sus ac\u00f3litos los acusaron de traici\u00f3n y quebraron todos los puentes y v\u00ednculos con ellos.\u00a0\u00abSe vendi\u00f3 totalmente a Len\u00edn Moreno y fue clave para la destrucci\u00f3n nacional\u00bb, afirm\u00f3, abriendo una brecha irreconciliable. Pero, el poder le dur\u00f3 poco. En febrero de 2018, se filtr\u00f3 un audio de una conversaci\u00f3n que tuvo con Carlos P\u00f3lit, excontralor que estaba pr\u00f3fugo por sus nexos con el mismo caso Odebrecht. En esa conversaci\u00f3n, hablaban de sacar de su cargo a Carlos Baca Mancheno, entonces fiscal general. El presidente Len\u00edn Moreno y el presidente de la Asamblea, Jos\u00e9 Serrano, festejan los resultados de la consulta popular, el 4 de febrero de 2018.Presidencia La filtraci\u00f3n termin\u00f3 en su destituci\u00f3n de la Presidencia de la Asamblea, y aunque mantuvo su curul hasta mayo de 2021 y fue presidente de la Comisi\u00f3n de Justicia, su perfil baj\u00f3 radicalmente. As\u00ed pas\u00f3 de ser un fiel operador de Moreno a caer en desgracia y convertirse en una especie de opositor dentro del bloque oficialista, controlando una mini bancada que operaba como independiente. Y, pese a que sus antiguos compa\u00f1eros de lista y bancada optaron por el hermetismo f\u00e9rreo y distanciamiento con cualquier faceta de Serrano, el Gobierno termin\u00f3 asoci\u00e1ndolo al caso Isspol, sobre el desfalco de USD 800 millones a los fondos de pensi\u00f3n policiales. El autodestierro a Estados Unidos Apenas termin\u00f3 su periodo legislativo, sin respaldo pol\u00edtico ni aliados en Ecuador y con una creciente lista de enemistades, el otrora poderoso Ministro del Interior viaj\u00f3 a Miami, en mayo de 2021, y solicit\u00f3 asilo en octubre. Ya sin una plataforma partidista ni un meg\u00e1fono estatal, Serrano aparec\u00eda eventualmente en redes sociales, para criticar a las administraciones de Guillermo Lasso y Daniel Noboa en temas de seguridad. Mientras tanto, con el asumido alejamiento de Serrano del poder, especialmente policial y judicial, en Ecuador las denuncias penales en su contra empezaron a multiplicarse y los casos emblem\u00e1ticos del corre\u00edsmo, a caerse. Sin embargo, el exministro corre\u00edsta continu\u00f3 presumiendo p\u00fablicamente de su nivel de influencia en las fuerzas policiales, manejando informaci\u00f3n privilegiada y reservada. Lo que le cost\u00f3 tambi\u00e9n una investigaci\u00f3n al respecto. Desde que dej\u00f3 el Ministerio, Serrano estaba acostumbrado a divulgar informaci\u00f3n sobre asesinatos de fiscales, periodistas, investigados clave de la Fiscal\u00eda, escapes penitenciarios, entre otros. Para agosto de 2024 intent\u00f3 regresar a las contiendas electorales, como candidato presidencial de Centro Democr\u00e1tico, uno de los movimientos que han apoyado y auspiciado al corre\u00edsmo. Sin embargo, la intenci\u00f3n dur\u00f3 poco, Serrano afirm\u00f3 que la inseguridad y la corrupci\u00f3n institucional le imped\u00edan regresar<\/p>\n","protected":false},"author":1,"featured_media":33984,"comment_status":"closed","ping_status":"closed","sticky":false,"template":"","format":"standard","meta":{"footnotes":""},"categories":[268],"tags":[],"class_list":["post-33983","post","type-post","status-publish","format-standard","has-post-thumbnail","hentry","category-nacionales"],"_links":{"self":[{"href":"https:\/\/www.elamazonico.com\/portal\/wp-json\/wp\/v2\/posts\/33983","targetHints":{"allow":["GET"]}}],"collection":[{"href":"https:\/\/www.elamazonico.com\/portal\/wp-json\/wp\/v2\/posts"}],"about":[{"href":"https:\/\/www.elamazonico.com\/portal\/wp-json\/wp\/v2\/types\/post"}],"author":[{"embeddable":true,"href":"https:\/\/www.elamazonico.com\/portal\/wp-json\/wp\/v2\/users\/1"}],"replies":[{"embeddable":true,"href":"https:\/\/www.elamazonico.com\/portal\/wp-json\/wp\/v2\/comments?post=33983"}],"version-history":[{"count":1,"href":"https:\/\/www.elamazonico.com\/portal\/wp-json\/wp\/v2\/posts\/33983\/revisions"}],"predecessor-version":[{"id":33985,"href":"https:\/\/www.elamazonico.com\/portal\/wp-json\/wp\/v2\/posts\/33983\/revisions\/33985"}],"wp:featuredmedia":[{"embeddable":true,"href":"https:\/\/www.elamazonico.com\/portal\/wp-json\/wp\/v2\/media\/33984"}],"wp:attachment":[{"href":"https:\/\/www.elamazonico.com\/portal\/wp-json\/wp\/v2\/media?parent=33983"}],"wp:term":[{"taxonomy":"category","embeddable":true,"href":"https:\/\/www.elamazonico.com\/portal\/wp-json\/wp\/v2\/categories?post=33983"},{"taxonomy":"post_tag","embeddable":true,"href":"https:\/\/www.elamazonico.com\/portal\/wp-json\/wp\/v2\/tags?post=33983"}],"curies":[{"name":"wp","href":"https:\/\/api.w.org\/{rel}","templated":true}]}}