{"id":33978,"date":"2026-08-31T16:31:34","date_gmt":"2026-08-31T21:31:34","guid":{"rendered":"https:\/\/www.elamazonico.com\/portal\/?p=33978"},"modified":"2026-08-31T16:31:34","modified_gmt":"2026-08-31T21:31:34","slug":"karla-reategui-destaca-intercambio-fronterizo-y-anuncia-obras-viales-y-productivas-en-chinchipe","status":"publish","type":"post","link":"https:\/\/www.elamazonico.com\/portal\/karla-reategui-destaca-intercambio-fronterizo-y-anuncia-obras-viales-y-productivas-en-chinchipe\/","title":{"rendered":"Karla Re\u00e1tegui destaca intercambio fronterizo y anuncia obras viales y productivas en Chinchipe"},"content":{"rendered":"<p>En el marco de la Feria Binacional Ecuador\u2013Per\u00fa, desarrollada en el sector fronterizo de La Balsa, la prefecta de Zamora Chinchipe, Karla Re\u00e1tegui, destac\u00f3 la importancia de este encuentro como espacio de integraci\u00f3n cultural, comercial y productiva entre comunidades de Ecuador y Per\u00fa.<\/p>\n<p>Durante una entrevista, Re\u00e1tegui se\u00f1al\u00f3 que la feria re\u00fane a productores, emprendedores, artesanos y comerciantes de ambos pa\u00edses, generando un intercambio de gastronom\u00eda, tradiciones y experiencias, adem\u00e1s de contribuir a la dinamizaci\u00f3n de la econom\u00eda local.<\/p>\n<p>La autoridad provincial resalt\u00f3 que la convivencia en la zona fronteriza mantiene una estrecha relaci\u00f3n entre las familias de ambos pa\u00edses y favorece actividades vinculadas con el emprendimiento y la comercializaci\u00f3n. Entre los productos que identific\u00f3 como representativos de la zona mencion\u00f3 el caf\u00e9, los vinos y otros emprendimientos locales.<\/p>\n<p><strong>Vialidad y proyectos para Chinchipe<\/strong><br \/>\nEn materia de infraestructura, Re\u00e1tegui inform\u00f3 que se encuentra en ejecuci\u00f3n el ensanchamiento de la v\u00eda desde la Y de Pucapamba hacia La Chonta, con una extensi\u00f3n aproximada de dos kil\u00f3metros que ser\u00e1n asfaltados mediante administraci\u00f3n directa.<\/p>\n<p>Asimismo, indic\u00f3 que se trabaja en la estructura vial correspondiente a la salida de Zumba hacia el barrio Salapaca, adem\u00e1s menciono que el recinto ferial ganadero se encuentra listo para iniciar su primera etapa.<\/p>\n<p>Seg\u00fan la prefecta, la primera etapa del recinto contempla un ring de juzgamiento y una cubierta destinada a emprendedores, gastronom\u00eda y exposici\u00f3n de productos agr\u00edcolas. Tambi\u00e9n anunci\u00f3 la intenci\u00f3n de incorporar recursos en el nuevo presupuesto institucional para continuar con una segunda etapa del proyecto, ubicado en el sector de La Cordillera.<\/p>\n<p>Re\u00e1tegui manifest\u00f3 que durante octubre est\u00e1 prevista la inauguraci\u00f3n de la primera etapa del recinto ferial y extendi\u00f3 una invitaci\u00f3n a los productores y ganaderos de la provincia para participar en las actividades agropecuarias que se desarrollar\u00e1n en Chinchipe.<\/p>\n<p><strong>Caf\u00e9 y cacao como ejes productivos<\/strong><br \/>\nLa prefecta tambi\u00e9n destac\u00f3 las iniciativas destinadas a fortalecer la producci\u00f3n agr\u00edcola y la promoci\u00f3n de productos amaz\u00f3nicos. En ese contexto, anunci\u00f3 la realizaci\u00f3n de actividades vinculadas con la Bracamoros Coffee, prevista para el 26 de septiembre, evento que, seg\u00fan sus declaraciones, busca posicionar la producci\u00f3n de caf\u00e9 de altura de Zamora Chinchipe.<\/p>\n<p>Adem\u00e1s, inform\u00f3 que el 25 de septiembre se desarrollar\u00e1 en Palanda una feria dedicada al cacao, mientras que el 26 de septiembre se efectuar\u00e1 la jornada relacionada con el caf\u00e9.<\/p>\n<p>Re\u00e1tegui resalt\u00f3 el trabajo de organizaciones productivas como ACRIM y APECAP, y destac\u00f3 la producci\u00f3n de caf\u00e9 bajo pr\u00e1cticas orientadas a reducir la deforestaci\u00f3n, como parte de los procesos de sostenibilidad y reconocimiento de la producci\u00f3n local.<\/p>\n<p><strong>Reelecci\u00f3n y escenario electoral<\/strong><br \/>\nConsultada sobre el proceso electoral, la prefecta manifest\u00f3 su agradecimiento por el respaldo recibido y se\u00f1al\u00f3 que existen aproximadamente 400 candidatos inscritos a nivel provincial. En sus declaraciones plante\u00f3 como ejes de su propuesta el desarrollo sostenible, el fortalecimiento productivo, el emprendimiento y el turismo.<\/p>\n<p>La autoridad reconoci\u00f3, adem\u00e1s, que persisten demandas ciudadanas relacionadas con la vialidad y los caminos vecinales, pese a los avances que, seg\u00fan indic\u00f3, se han registrado en diferentes sectores de la provincia.<\/p>\n<p><strong>Situaci\u00f3n de Vialzachin EP<\/strong><br \/>\nUno de los temas abordados durante la entrevista fue la situaci\u00f3n de Vialzachin EP y los trabajos de asfaltado en la v\u00eda Muchime\u201328 de Mayo, en el cant\u00f3n Yacuambi.<\/p>\n<p>Re\u00e1tegui manifest\u00f3 que existe el compromiso institucional de continuar con los trabajos y avanzar con el asfaltado hacia Yacuambi, pese a las dificultades econ\u00f3micas encontradas en el proyecto.<\/p>\n<p>Sobre la situaci\u00f3n contractual, explic\u00f3 que un examen especial de la Contralor\u00eda habr\u00eda establecido la necesidad de dar por terminado el convenio entre la Prefectura y Vialzachin EP. Seg\u00fan su explicaci\u00f3n, la terminaci\u00f3n del convenio implicar\u00eda tambi\u00e9n el cierre de los contratos de trabajo vinculados al mismo.<\/p>\n<p>La prefecta se\u00f1al\u00f3 que retomar\u00eda sus funciones en la instituci\u00f3n, el lunes 31 de agosto y que revisar\u00eda directamente el estado del proceso y las acciones que correspondan.<\/p>\n<p>La jornada en La Balsa evidenci\u00f3, de esta manera, la convergencia de tres \u00e1mbitos estrat\u00e9gicos para la provincia: integraci\u00f3n fronteriza, desarrollo productivo e infraestructura vial, mientras Zamora Chinchipe se encamina hacia un nuevo escenario electoral y de gesti\u00f3n p\u00fablica.<\/p>\n","protected":false},"excerpt":{"rendered":"<p>En el marco de la Feria Binacional Ecuador\u2013Per\u00fa, desarrollada en el sector fronterizo de La Balsa, la prefecta de Zamora Chinchipe, Karla Re\u00e1tegui, destac\u00f3 la importancia de este encuentro como espacio de integraci\u00f3n cultural, comercial y productiva entre comunidades de Ecuador y Per\u00fa. Durante una entrevista, Re\u00e1tegui se\u00f1al\u00f3 que la feria re\u00fane a productores, emprendedores, artesanos y comerciantes de ambos pa\u00edses, generando un intercambio de gastronom\u00eda, tradiciones y experiencias, adem\u00e1s de contribuir a la dinamizaci\u00f3n de la econom\u00eda local. La autoridad provincial resalt\u00f3 que la convivencia en la zona fronteriza mantiene una estrecha relaci\u00f3n entre las familias de ambos pa\u00edses y favorece actividades vinculadas con el emprendimiento y la comercializaci\u00f3n. Entre los productos que identific\u00f3 como representativos de la zona mencion\u00f3 el caf\u00e9, los vinos y otros emprendimientos locales. Vialidad y proyectos para Chinchipe En materia de infraestructura, Re\u00e1tegui inform\u00f3 que se encuentra en ejecuci\u00f3n el ensanchamiento de la v\u00eda desde la Y de Pucapamba hacia La Chonta, con una extensi\u00f3n aproximada de dos kil\u00f3metros que ser\u00e1n asfaltados mediante administraci\u00f3n directa. Asimismo, indic\u00f3 que se trabaja en la estructura vial correspondiente a la salida de Zumba hacia el barrio Salapaca, adem\u00e1s menciono que el recinto ferial ganadero se encuentra listo para iniciar su primera etapa. Seg\u00fan la prefecta, la primera etapa del recinto contempla un ring de juzgamiento y una cubierta destinada a emprendedores, gastronom\u00eda y exposici\u00f3n de productos agr\u00edcolas. Tambi\u00e9n anunci\u00f3 la intenci\u00f3n de incorporar recursos en el nuevo presupuesto institucional para continuar con una segunda etapa del proyecto, ubicado en el sector de La Cordillera. Re\u00e1tegui manifest\u00f3 que durante octubre est\u00e1 prevista la inauguraci\u00f3n de la primera etapa del recinto ferial y extendi\u00f3 una invitaci\u00f3n a los productores y ganaderos de la provincia para participar en las actividades agropecuarias que se desarrollar\u00e1n en Chinchipe. Caf\u00e9 y cacao como ejes productivos La prefecta tambi\u00e9n destac\u00f3 las iniciativas destinadas a fortalecer la producci\u00f3n agr\u00edcola y la promoci\u00f3n de productos amaz\u00f3nicos. En ese contexto, anunci\u00f3 la realizaci\u00f3n de actividades vinculadas con la Bracamoros Coffee, prevista para el 26 de septiembre, evento que, seg\u00fan sus declaraciones, busca posicionar la producci\u00f3n de caf\u00e9 de altura de Zamora Chinchipe. Adem\u00e1s, inform\u00f3 que el 25 de septiembre se desarrollar\u00e1 en Palanda una feria dedicada al cacao, mientras que el 26 de septiembre se efectuar\u00e1 la jornada relacionada con el caf\u00e9. Re\u00e1tegui resalt\u00f3 el trabajo de organizaciones productivas como ACRIM y APECAP, y destac\u00f3 la producci\u00f3n de caf\u00e9 bajo pr\u00e1cticas orientadas a reducir la deforestaci\u00f3n, como parte de los procesos de sostenibilidad y reconocimiento de la producci\u00f3n local. Reelecci\u00f3n y escenario electoral Consultada sobre el proceso electoral, la prefecta manifest\u00f3 su agradecimiento por el respaldo recibido y se\u00f1al\u00f3 que existen aproximadamente 400 candidatos inscritos a nivel provincial. En sus declaraciones plante\u00f3 como ejes de su propuesta el desarrollo sostenible, el fortalecimiento productivo, el emprendimiento y el turismo. La autoridad reconoci\u00f3, adem\u00e1s, que persisten demandas ciudadanas relacionadas con la vialidad y los caminos vecinales, pese a los avances que, seg\u00fan indic\u00f3, se han registrado en diferentes sectores de la provincia. Situaci\u00f3n de Vialzachin EP Uno de los temas abordados durante la entrevista fue la situaci\u00f3n de Vialzachin EP y los trabajos de asfaltado en la v\u00eda Muchime\u201328 de Mayo, en el cant\u00f3n Yacuambi. Re\u00e1tegui manifest\u00f3 que existe el compromiso institucional de continuar con los trabajos y avanzar con el asfaltado hacia Yacuambi, pese a las dificultades econ\u00f3micas encontradas en el proyecto. Sobre la situaci\u00f3n contractual, explic\u00f3 que un examen especial de la Contralor\u00eda habr\u00eda establecido la necesidad de dar por terminado el convenio entre la Prefectura y Vialzachin EP. Seg\u00fan su explicaci\u00f3n, la terminaci\u00f3n del convenio implicar\u00eda tambi\u00e9n el cierre de los contratos de trabajo vinculados al mismo. La prefecta se\u00f1al\u00f3 que retomar\u00eda sus funciones en la instituci\u00f3n, el lunes 31 de agosto y que revisar\u00eda directamente el estado del proceso y las acciones que correspondan. La jornada en La Balsa evidenci\u00f3, de esta manera, la convergencia de tres \u00e1mbitos estrat\u00e9gicos para la provincia: integraci\u00f3n fronteriza, desarrollo productivo e infraestructura vial, mientras Zamora Chinchipe se encamina hacia un nuevo escenario electoral y de gesti\u00f3n p\u00fablica.<\/p>\n","protected":false},"author":1,"featured_media":33979,"comment_status":"closed","ping_status":"closed","sticky":false,"template":"","format":"standard","meta":{"footnotes":""},"categories":[243],"tags":[],"class_list":["post-33978","post","type-post","status-publish","format-standard","has-post-thumbnail","hentry","category-noticias-zamora"],"_links":{"self":[{"href":"https:\/\/www.elamazonico.com\/portal\/wp-json\/wp\/v2\/posts\/33978","targetHints":{"allow":["GET"]}}],"collection":[{"href":"https:\/\/www.elamazonico.com\/portal\/wp-json\/wp\/v2\/posts"}],"about":[{"href":"https:\/\/www.elamazonico.com\/portal\/wp-json\/wp\/v2\/types\/post"}],"author":[{"embeddable":true,"href":"https:\/\/www.elamazonico.com\/portal\/wp-json\/wp\/v2\/users\/1"}],"replies":[{"embeddable":true,"href":"https:\/\/www.elamazonico.com\/portal\/wp-json\/wp\/v2\/comments?post=33978"}],"version-history":[{"count":1,"href":"https:\/\/www.elamazonico.com\/portal\/wp-json\/wp\/v2\/posts\/33978\/revisions"}],"predecessor-version":[{"id":33980,"href":"https:\/\/www.elamazonico.com\/portal\/wp-json\/wp\/v2\/posts\/33978\/revisions\/33980"}],"wp:featuredmedia":[{"embeddable":true,"href":"https:\/\/www.elamazonico.com\/portal\/wp-json\/wp\/v2\/media\/33979"}],"wp:attachment":[{"href":"https:\/\/www.elamazonico.com\/portal\/wp-json\/wp\/v2\/media?parent=33978"}],"wp:term":[{"taxonomy":"category","embeddable":true,"href":"https:\/\/www.elamazonico.com\/portal\/wp-json\/wp\/v2\/categories?post=33978"},{"taxonomy":"post_tag","embeddable":true,"href":"https:\/\/www.elamazonico.com\/portal\/wp-json\/wp\/v2\/tags?post=33978"}],"curies":[{"name":"wp","href":"https:\/\/api.w.org\/{rel}","templated":true}]}}