{"id":33971,"date":"2026-08-31T12:00:00","date_gmt":"2026-08-31T17:00:00","guid":{"rendered":"https:\/\/www.elamazonico.com\/portal\/?p=33971"},"modified":"2026-08-31T12:00:00","modified_gmt":"2026-08-31T17:00:00","slug":"extradicion-y-detencion-de-jose-serrano-genera-reacciones","status":"publish","type":"post","link":"https:\/\/www.elamazonico.com\/portal\/extradicion-y-detencion-de-jose-serrano-genera-reacciones\/","title":{"rendered":"Extradici\u00f3n y detenci\u00f3n de Jos\u00e9 Serrano genera reacciones"},"content":{"rendered":"<p class=\"wp-block-paragraph\">La reciente\u00a0<strong><a title=\"deportaci\u00f3n desde Estados Unidos e ingreso a prisi\u00f3n del exministro del Interior, Jos\u00e9 Serrano\" href=\"https:\/\/www.larepublica.ec\/blog\/2026\/08\/29\/subsecretario-de-home-land-security-senala-a-jose-serrano-tener-vinculos-con-el-narcotrafico-y-dice-que-eeuu-ya-no-es-refugio-de-criminales\/\" target=\"_blank\" rel=\"noopener\">deportaci\u00f3n desde Estados Unidos e ingreso a prisi\u00f3n del exministro del Interior de Rafael Correa, Jos\u00e9 Serrano<\/a><\/strong>, ha generado un fuerte eco en el escenario pol\u00edtico y social de Ecuador. Entre las voces m\u00e1s contundentes tras su reclusi\u00f3n en la c\u00e1rcel El Encuentro se encuentran las de\u00a0<strong><a title=\"\" href=\"https:\/\/x.com\/amavillavi\" target=\"_blank\" rel=\"noopener\">Amanda Villavicencio<\/a><\/strong>\u00a0y\u00a0<strong>Patricia Ochoa<\/strong>, figuras emblem\u00e1ticas que han liderado por a\u00f1os la b\u00fasqueda de justicia en dos de los casos de magnicidio y ejecuci\u00f3n extrajudicial m\u00e1s conmovedores del pa\u00eds.<\/p>\n<div class=\"mh-content-ad\"><ins id=\"revive-0-2\" data-revive-zoneid=\"2931\" data-revive-id=\"727bec5e09208690b050ccfc6a45d384\" data-revive-seq=\"2\" data-revive-loaded=\"1\"><\/p>\n<div id=\"beacon_3faa764408\">Ambas mujeres coincidieron en que este hecho quiebra un largo ciclo de impunidad en el pa\u00eds.<\/div>\n<p><\/ins><\/div>\n<div>\n<h2 class=\"wp-block-heading\">Amanda Villavicencio: \u00abUna gran victoria para el pa\u00eds\u00bb<\/h2>\n<p class=\"wp-block-paragraph\">Amanda Villavicencio, hija del asesinado excandidato presidencial Fernando Villavicencio, calific\u00f3 la llegada de Serrano como un paso hist\u00f3rico. A trav\u00e9s de un pronunciamiento emitido en sus redes sociales, donde record\u00f3 las denuncias de su padre contra el corre\u00edsmo, se mostr\u00f3 firme frente al exfuncionario:<\/p>\n<div>\n<div>\n<div class=\"trv-player-container\">\n<div class=\"trv-wrapper\">\n<div id=\"br_video_player_3566840e5ebaf8f0f204c9bf652eb5c1c223d532\" class=\"trvd_video_player trvdinstream\">\n<div class=\"media-player\">\n<div class=\"trv-video\">\n<div id=\"truvid_ima_container75641\" class=\"truvid_ima_container trv-ima-container-hidden\">\n<p class=\"wp-block-paragraph\">La Fiscal\u00eda General del Estado ha vinculado formalmente a Serrano como presunto autor intelectual del asesinato de Fernando Villavicencio, por lo que su retorno judicial al pa\u00eds representa la oportunidad clave para que responda directamente ante los tribunales por este crimen.<\/p>\n<h2 class=\"wp-block-heading\">Patricia Ochoa: \u00abQue pague por el da\u00f1o que ocasion\u00f3\u00bb<\/h2>\n<p class=\"wp-block-paragraph\">Por su parte, Patricia Ochoa, viuda del general Jorge Gabela \u2014excomandante de la Fuerza A\u00e9rea Ecuatoriana asesinado en 2010\u2014, reaccion\u00f3 de forma tajante ante el traslado del exministro:<\/p>\n<blockquote class=\"wp-block-quote is-layout-flow wp-block-quote-is-layout-flow\">\n<p class=\"wp-block-paragraph\"><em>\u00ab<\/em><strong>Que pague por el da\u00f1o que ocasion\u00f3 a muchos con su maldad\u00bb<\/strong>, asever\u00f3 Ochoa, en una clara alusi\u00f3n a la gesti\u00f3n de Serrano y el manejo institucional que se le dio al caso de su esposo durante los a\u00f1os del corre\u00edsmo.<\/p>\n<\/blockquote>\n<p class=\"wp-block-paragraph\">Ochoa ha sostenido una batalla legal de m\u00e1s de una d\u00e9cada para esclarecer el asesinato de su c\u00f3nyuge, un crimen estrechamente ligado a las denuncias de corrupci\u00f3n sobre la adquisici\u00f3n de los helic\u00f3pteros Dhruv.<\/p>\n<p class=\"wp-block-paragraph\">La captura y posterior reclusi\u00f3n de Jos\u00e9 Serrano marca un hito para las familias de las v\u00edctimas del poder pol\u00edtico en Ecuador. Activistas y defensores de derechos humanos han respaldado la postura de ambas mujeres, se\u00f1alando que el proceso judicial que ahora enfrenta el exministro en suelo ecuatoriano determinar\u00e1 si las instituciones del Estado est\u00e1n listas para cerrar de forma transparente cap\u00edtulos oscuros de la historia nacional reciente.\u00a0<strong>(I)<\/strong><\/p>\n<\/div>\n<\/div>\n<\/div>\n<\/div>\n<\/div>\n<\/div>\n<\/div>\n<\/div>\n<\/div>\n","protected":false},"excerpt":{"rendered":"<p>La reciente\u00a0deportaci\u00f3n desde Estados Unidos e ingreso a prisi\u00f3n del exministro del Interior de Rafael Correa, Jos\u00e9 Serrano, ha generado un fuerte eco en el escenario pol\u00edtico y social de Ecuador. Entre las voces m\u00e1s contundentes tras su reclusi\u00f3n en la c\u00e1rcel El Encuentro se encuentran las de\u00a0Amanda Villavicencio\u00a0y\u00a0Patricia Ochoa, figuras emblem\u00e1ticas que han liderado por a\u00f1os la b\u00fasqueda de justicia en dos de los casos de magnicidio y ejecuci\u00f3n extrajudicial m\u00e1s conmovedores del pa\u00eds. Ambas mujeres coincidieron en que este hecho quiebra un largo ciclo de impunidad en el pa\u00eds. Amanda Villavicencio: \u00abUna gran victoria para el pa\u00eds\u00bb Amanda Villavicencio, hija del asesinado excandidato presidencial Fernando Villavicencio, calific\u00f3 la llegada de Serrano como un paso hist\u00f3rico. A trav\u00e9s de un pronunciamiento emitido en sus redes sociales, donde record\u00f3 las denuncias de su padre contra el corre\u00edsmo, se mostr\u00f3 firme frente al exfuncionario: La Fiscal\u00eda General del Estado ha vinculado formalmente a Serrano como presunto autor intelectual del asesinato de Fernando Villavicencio, por lo que su retorno judicial al pa\u00eds representa la oportunidad clave para que responda directamente ante los tribunales por este crimen. Patricia Ochoa: \u00abQue pague por el da\u00f1o que ocasion\u00f3\u00bb Por su parte, Patricia Ochoa, viuda del general Jorge Gabela \u2014excomandante de la Fuerza A\u00e9rea Ecuatoriana asesinado en 2010\u2014, reaccion\u00f3 de forma tajante ante el traslado del exministro: \u00abQue pague por el da\u00f1o que ocasion\u00f3 a muchos con su maldad\u00bb, asever\u00f3 Ochoa, en una clara alusi\u00f3n a la gesti\u00f3n de Serrano y el manejo institucional que se le dio al caso de su esposo durante los a\u00f1os del corre\u00edsmo. Ochoa ha sostenido una batalla legal de m\u00e1s de una d\u00e9cada para esclarecer el asesinato de su c\u00f3nyuge, un crimen estrechamente ligado a las denuncias de corrupci\u00f3n sobre la adquisici\u00f3n de los helic\u00f3pteros Dhruv. La captura y posterior reclusi\u00f3n de Jos\u00e9 Serrano marca un hito para las familias de las v\u00edctimas del poder pol\u00edtico en Ecuador. Activistas y defensores de derechos humanos han respaldado la postura de ambas mujeres, se\u00f1alando que el proceso judicial que ahora enfrenta el exministro en suelo ecuatoriano determinar\u00e1 si las instituciones del Estado est\u00e1n listas para cerrar de forma transparente cap\u00edtulos oscuros de la historia nacional reciente.\u00a0(I)<\/p>\n","protected":false},"author":1,"featured_media":33972,"comment_status":"closed","ping_status":"closed","sticky":false,"template":"","format":"standard","meta":{"footnotes":""},"categories":[268],"tags":[],"class_list":["post-33971","post","type-post","status-publish","format-standard","has-post-thumbnail","hentry","category-nacionales"],"_links":{"self":[{"href":"https:\/\/www.elamazonico.com\/portal\/wp-json\/wp\/v2\/posts\/33971","targetHints":{"allow":["GET"]}}],"collection":[{"href":"https:\/\/www.elamazonico.com\/portal\/wp-json\/wp\/v2\/posts"}],"about":[{"href":"https:\/\/www.elamazonico.com\/portal\/wp-json\/wp\/v2\/types\/post"}],"author":[{"embeddable":true,"href":"https:\/\/www.elamazonico.com\/portal\/wp-json\/wp\/v2\/users\/1"}],"replies":[{"embeddable":true,"href":"https:\/\/www.elamazonico.com\/portal\/wp-json\/wp\/v2\/comments?post=33971"}],"version-history":[{"count":1,"href":"https:\/\/www.elamazonico.com\/portal\/wp-json\/wp\/v2\/posts\/33971\/revisions"}],"predecessor-version":[{"id":33973,"href":"https:\/\/www.elamazonico.com\/portal\/wp-json\/wp\/v2\/posts\/33971\/revisions\/33973"}],"wp:featuredmedia":[{"embeddable":true,"href":"https:\/\/www.elamazonico.com\/portal\/wp-json\/wp\/v2\/media\/33972"}],"wp:attachment":[{"href":"https:\/\/www.elamazonico.com\/portal\/wp-json\/wp\/v2\/media?parent=33971"}],"wp:term":[{"taxonomy":"category","embeddable":true,"href":"https:\/\/www.elamazonico.com\/portal\/wp-json\/wp\/v2\/categories?post=33971"},{"taxonomy":"post_tag","embeddable":true,"href":"https:\/\/www.elamazonico.com\/portal\/wp-json\/wp\/v2\/tags?post=33971"}],"curies":[{"name":"wp","href":"https:\/\/api.w.org\/{rel}","templated":true}]}}