{"id":33968,"date":"2026-08-31T10:47:59","date_gmt":"2026-08-31T15:47:59","guid":{"rendered":"https:\/\/www.elamazonico.com\/portal\/?p=33968"},"modified":"2026-08-31T10:47:59","modified_gmt":"2026-08-31T15:47:59","slug":"familias-de-ninos-con-autismo-viven-un-calvario-para-conseguir-cupos-en-escuelas-privadas","status":"publish","type":"post","link":"https:\/\/www.elamazonico.com\/portal\/familias-de-ninos-con-autismo-viven-un-calvario-para-conseguir-cupos-en-escuelas-privadas\/","title":{"rendered":"Familias de ni\u00f1os con autismo viven un calvario para conseguir cupos en escuelas privadas"},"content":{"rendered":"<p>Mientras la mayor\u00eda de los padres y sus hijos se preparan para el inicio del a\u00f1o escolar, previsto para el 1 de septiembre de 2026, en el\u00a0<a href=\"https:\/\/www.ecuavisa.com\/tema\/regimen-sierra-amazonia-t123524\" target=\"_blank\" rel=\"noopener\"><strong>r\u00e9gimen Sierra-Amazon\u00eda<\/strong><\/a>, las familias de ni\u00f1os con autismo enfrentan una realidad muy dura. El regreso a clases es un verdadero calvario debido a las dificultades para encontrar un plantel que ofrezca las condiciones, el acompa\u00f1amiento y las estrategias educativas que sus chicos necesitan.<\/p>\n<p>As\u00ed lo vivi\u00f3 la riobambe\u00f1a Bruna, de 32 a\u00f1os. Su hijo, Mat\u00edas, fue diagnosticado con\u00a0<strong>autismo grado 1<\/strong>\u00a0y enfrent\u00f3 dificultades. Relata que los<strong>\u00a0docentes de inicial y primero de b\u00e1sica<\/strong>\u00a0s\u00ed fueron emp\u00e1ticos con el peque\u00f1o, hoy de siete a\u00f1os. El problema comenz\u00f3 cuando lleg\u00f3 a segundo y tuvo una nueva profesora.<\/p>\n<p>Durante ese a\u00f1o, Mat\u00edas ten\u00eda dificultades para permanecer sentado durante toda la jornada, se levantaba de su puesto, se acercaba a las ventanas para observar las\u00a0<strong>actividades de los estudiantes mayores<\/strong>\u00a0y presentaba sensibilidad ante determinados sonidos, principalmente fuertes.<\/p>\n<p>La madre sostiene que la docente no manej\u00f3 adecuadamente estas situaciones y que, en lugar de aplicar estrategias de refuerzo positivo, recurr\u00eda a llamados de atenci\u00f3n y castigos. Ante eso, Bruna decidi\u00f3 buscar otra\u00a0<strong>instituci\u00f3n educativa<\/strong>. Desde abril comenz\u00f3 a consultar opciones y lleg\u00f3 a<strong>\u00a0cuatro colegios privados<\/strong>, pero ninguno acept\u00f3 a Joaqu\u00edn.<\/p>\n<p>Es muy dif\u00edcil encontrar un plantel especializado. Muchos dicen que trabajan en<strong>\u00a0inclusi\u00f3n<\/strong>, pero no saben lo que eso significa verdaderamente. Agrega que, durante los<strong>\u00a0procesos de admisi\u00f3n<\/strong>, una de las primeras preguntas que recibe es si el ni\u00f1o tiene alguna\u00a0<strong>condici\u00f3n<\/strong>.<\/p>\n<blockquote><p>\u201cAutom\u00e1ticamente, cuando usted dice que s\u00ed la tiene, comienzan a ponerle todos los peros (en las escuelas)\u201d.<\/p><\/blockquote>\n<p><i>Ecuavisa.com\u00a0<\/i>recopil\u00f3 m\u00e1s de 20 casos en el perfil\u00a0<strong>Padres de Ni\u00f1os con Autismo Ecuador<\/strong>\u00a0en Facebook<strong>,<\/strong>\u00a0cuyos testimonios coinciden en que conseguir un colegio se convierte en un\u00a0<strong>calvario<\/strong>. \u201cLa educaci\u00f3n es un derecho de todos los ni\u00f1os, pero cuando se trata de nuestros hijos, a veces siento que ese derecho se va rompiendo poco a poco entre la falta de recursos, preparaci\u00f3n, acompa\u00f1amiento y comprensi\u00f3n\u201d, escribi\u00f3 una de las madres.<\/p>\n<p>Un pap\u00e1 indic\u00f3 que viven un\u00a0<strong>viacrucis<\/strong>. Existen instituciones educativas en las que, desde que se les menciona\u00a0<strong>TEA o autismo<\/strong>, autom\u00e1ticamente cambian la forma de brindar la informaci\u00f3n. Al final, terminan diciendo que no es posible porque los cupos est\u00e1n llenos. \u201cLo m\u00e1s penoso es que en sus estados de redes sociales y en sus propagandas se llenan y mencionan ser\u00a0<strong>instituciones inclusivas<\/strong>\u201d.<\/p>\n<div class=\"banner-context\">\n<div id=\"article_desktop_block_3\" class=\"bannersaas banner-desktop\" data-google-query-id=\"CJTBjoGUy5YDFSUmHAAdLd0NoQ\">\n<div id=\"google_ads_iframe_\/49542283\/ecuavisa.com\/article_desktop_block_3_0__container__\">Una mujer de <strong>Salcedo, provincia del Cotopaxi,<\/strong>\u00a0afirma que en una escuela no recibieron a su ni\u00f1o porque necesitaba una maestra sombra: \u201cY como no tengo dinero, \u00bfc\u00f3mo se va a pagar? Con esfuerzo est\u00e1 en una fiscal desde inicial uno este a\u00f1o pasa a cuarto de b\u00e1sica\u201d.<\/div>\n<\/div>\n<\/div>\n<p>Para\u00a0<strong>Vladimir Andocilla<\/strong>, director de la\u00a0<strong>Asociaci\u00f3n de Padres y Amigos para el Apoyo y la Defensa de los Derechos de las Personas con Autismo (Apada)<\/strong>, las familias de ni\u00f1as, ni\u00f1os y adolescentes con esa condici\u00f3n enfrentan barreras desde el momento en que buscan un cupo. Aunque la\u00a0<strong>Constituci\u00f3n y la legislaci\u00f3n ecuatoriana<\/strong>\u00a0garantizan una educaci\u00f3n inclusiva, todav\u00eda hay instituciones que seleccionan a sus estudiantes y excluyen a quienes consideran que van a necesitar m\u00e1s apoyos, adaptaciones curriculares o ajustes razonables.<\/p>\n<p>La negativa casi nunca es directa, porque las\u00a0<strong>autoridades\u00a0<\/strong>saben que rechazar a un estudiante por su condici\u00f3n es discriminaci\u00f3n. Por eso recurren a frases como \u201cno tenemos cupos\u201d, \u201cnuestros docentes no est\u00e1n capacitados\u201d, \u201cel aula tiene demasiados estudiantes\u201d, \u201caqu\u00ed no va a poder adaptarse\u201d o \u201ces mejor buscar una instituci\u00f3n especializada\u201d. En otros casos,\u00a0<strong>condicionan la matr\u00edcula\u00a0<\/strong>a que la familia contrate y pague, de su bolsillo, un maestro sombra o acompa\u00f1ante.<\/p>\n<blockquote><p>Como padre de un adolescente autista, conozco de primera mano el dolor y la impotencia que dejan esas respuestas.<\/p><\/blockquote>\n<p>El problema no est\u00e1 en los hijos ni en su manera distinta de comunicarse, aprender o relacionarse, indica Andocilla. Est\u00e1 en un sistema que sigue esperando que sea el estudiante quien se adapte a un \u00fanico modelo educativo, cuando deber\u00eda ser la escuela la que se transforme para responder a la\u00a0<strong>diversidad humana<\/strong>.<\/p>\n<h2>Dominic, un ni\u00f1o con autismo, no consegu\u00eda cupo en Napo<\/h2>\n<p>A Roc\u00edo se le hizo complicado conseguir escuela para su hijo, Dominic, de siete a\u00f1os, en\u00a0<strong>Tena<\/strong>, la capital de la provincia del\u00a0<strong>Napo<\/strong>. En una entrevista con\u00a0<i>Ecuavisa.com<\/i>, cont\u00f3 que ten\u00eda la esperanza de encontrar una escuela particular, pero en la Amazon\u00eda no hay opciones para elegir. Busc\u00f3 en tres\u00a0<strong>planteles particulares<\/strong>\u00a0y no obtuvo respuesta. \u201cEn la fiscal, por el simple hecho de que es parte principal de la educaci\u00f3n, parte del Estado, creo que a rega\u00f1adientes nos pudieron aceptar. Generalmente, no nos reciben\u201d.<\/p>\n<p>En un plantel particular le dijeron que era imposible aceptar a Dominic porque el cupo de ni\u00f1os ya estaba lleno y que solo trabajaban con un n\u00famero espec\u00edfico de estudiantes, y que tener a otro infante iba a ser muy dif\u00edcil.<\/p>\n<blockquote><p>\nEn el otro, cuando hicimos la entrevista, nos dijeron que no pod\u00edan aceptar porque los padres consideran que el autismo es una enfermedad contagiosa (\u2026) Dentro de la particularidad se maneja una ense\u00f1anza como m\u00e1s personalizada y, aun as\u00ed, no cumpli\u00f3 las expectativas para ellos, seg\u00fan nuestro hijo.<\/p><\/blockquote>\n<p>Ahora que Dominic est\u00e1 en una escuela p\u00fablica, sigue las instrucciones y est\u00e1 al pendiente de las directrices del<strong>\u00a0Ministerio de Educaci\u00f3n<\/strong>.En ese contexto, en Ecuador, una nueva normativa de esa Cartera de Estado regula el ingreso del personal de apoyo externo a las<strong>\u00a0instituciones educativas<\/strong>\u00a0y reemplaza la figura conocida como profesor sombra por la de docente de apoyo externo. Con esto, los padres de ni\u00f1os con autismo no podr\u00e1n ser los\u00a0<strong>maestros sombra<\/strong>\u00a0de sus hijos.<\/p>\n<p>Educaci\u00f3n aclar\u00f3 que ning\u00fan padre de familia est\u00e1 obligado a\u00a0<strong>contratar o pagar un acompa\u00f1ante<\/strong>\u00a0y que ninguna instituci\u00f3n educativa puede imponer un proveedor. Sin embargo, si una familia considera que su hijo necesita este\u00a0<strong>apoyo individual<\/strong>, el costo del acompa\u00f1ante deber\u00e1 ser asumido por esta.<\/p>\n<p>En una publicaci\u00f3n del\u00a0<strong>noticiero de Televistazo<\/strong>, los colectivos de padres de\u00a0<strong>ni\u00f1os con autismo<\/strong>\u00a0cuestionaron esta situaci\u00f3n y sostuvieron que, en el sistema fiscal, el Estado debe garantizar este tipo de acompa\u00f1amiento. El Ministerio respondi\u00f3 que en las instituciones fiscales ya existen las\u00a0<strong>Unidades Distritales de Apoyo<\/strong>.<\/p>\n<p>No obstante, los progenitores aseguraron que estos servicios no sustituyen al profesor sombra, que acompa\u00f1a de manera individual y permanente a un estudiante dentro del aula.<\/p>\n<div>\n<div class=\"ckeditor-em\"><iframe src=\"https:\/\/drive.google.com\/file\/d\/1t6Tujw1yHJyt6UBELwIGryb5_Z_kMryC\/preview\" width=\"100%\" height=\"700\" data-gtm-yt-inspected-13=\"true\" data-mce-fragment=\"1\"><\/iframe><\/div>\n<\/div>\n<h2><strong>\u00bfQu\u00e9 deben hacer las familias cuando hay trabas?<\/strong><\/h2>\n<p>Andocilla explica que primero hay que tener claro que la\u00a0<strong>matr\u00edcula<\/strong>, los ajustes razonables y los apoyos educativos no son favores que una instituci\u00f3n concede, sino derechos exigibles. Es fundamental presentar las solicitudes por escrito, exigir una respuesta motivada y conservar correos, mensajes, documentos y cualquier otro elemento que permita probar la negativa, el condicionamiento o la<strong>\u00a0falta de atenci\u00f3n.<\/strong><\/p>\n<p><strong><u>N\u00famero de estudiantes con discapacidad por sexo y seg\u00fan tipo de discapacidad. A\u00f1o lectivo 2025-2026<\/u><\/strong><\/p>\n<figure class=\"table\">\n<table>\n<tbody>\n<tr>\n<td>Tipo de discapacidad<\/td>\n<td>Masculino<\/td>\n<td>Femenino<\/td>\n<td>Total<\/td>\n<\/tr>\n<tr>\n<td>Auditiva<\/td>\n<td>1.006<\/td>\n<td>22.004<\/td>\n<td>2.163<\/td>\n<\/tr>\n<tr>\n<td>Autismo<\/td>\n<td>1.257<\/td>\n<td>4.824<\/td>\n<td>6.081<\/td>\n<\/tr>\n<tr>\n<td>Intelectual<\/td>\n<td>6.092<\/td>\n<td>8.994<\/td>\n<td>15.086<\/td>\n<\/tr>\n<tr>\n<td>Motriz<\/td>\n<td>2.369<\/td>\n<td>3.123<\/td>\n<td>5.492<\/td>\n<\/tr>\n<tr>\n<td>Otras<\/td>\n<td>412<\/td>\n<td>863<\/td>\n<td>1.275<\/td>\n<\/tr>\n<tr>\n<td>Por s\u00edndromes<\/td>\n<td>193<\/td>\n<td>312<\/td>\n<td>505<\/td>\n<\/tr>\n<tr>\n<td>Retos m\u00faltiples-multidiscapacidades<\/td>\n<td>549<\/td>\n<td>830<\/td>\n<td>1.379<\/td>\n<\/tr>\n<tr>\n<td>S\u00edndrome de Down<\/td>\n<td>982<\/td>\n<td>971<\/td>\n<td>1.953<\/td>\n<\/tr>\n<tr>\n<td>Sordo-ceguera<\/td>\n<td>7<\/td>\n<td>9<\/td>\n<td>16<\/td>\n<\/tr>\n<tr>\n<td>Visual<\/td>\n<td>711<\/td>\n<td>921<\/td>\n<td>1.632<\/td>\n<\/tr>\n<\/tbody>\n<\/table>\n<\/figure>\n<p>Fuente: Ministerio de Educaci\u00f3n.<\/p>\n<p>Si la instituci\u00f3n insiste en mantener las barreras, corresponde presentar una denuncia ante el\u00a0<strong>Distrito de Educaci\u00f3n<\/strong>\u00a0y pedir tanto la asignaci\u00f3n del cupo como la adopci\u00f3n inmediata de los apoyos que el estudiante necesita. Y si aun as\u00ed no hay una respuesta efectiva, la familia puede acudir a las autoridades zonales y nacionales del Ministerio de Educaci\u00f3n, a la\u00a0<strong>Defensor\u00eda del Pueblo\u00a0<\/strong>y, cuando la vulneraci\u00f3n sea grave o urgente, plantear una acci\u00f3n de protecci\u00f3n.<\/p>\n<p>Pero tambi\u00e9n es importante que las familias no enfrenten esto solas. El acompa\u00f1amiento de organizaciones como\u00a0<strong>Apada del Ecuador<\/strong>\u00a0ayuda a entender la normativa, a documentar la vulneraci\u00f3n y a sostener, emocionalmente, una lucha que suele ser agotadora. Defender los derechos de los hijos tambi\u00e9n significa organizarse, acompa\u00f1ar y convertir lo que vive cada familia por su lado en una causa colectiva.<\/p>\n<h2><strong>El sistema educativo para ni\u00f1os con autismo<\/strong><\/h2>\n<p>Desde la reforma a la\u00a0<strong>Ley Org\u00e1nica de Educaci\u00f3n Intercultural de 2021<\/strong>\u00a0han existido avances normativos importantes para garantizar el derecho a la educaci\u00f3n de los estudiantes autistas, entre ellos el<strong>\u00a0Instructivo de Atenci\u00f3n Educativa a Estudiantes dentro del Espectro Autista<\/strong>\u00a0y el establecimiento obligatorio del\u00a0<strong>Plan de Ambientaci\u00f3n para la Inclusi\u00f3n<\/strong>. \u201cSon instrumentos que reconocen algo que las familias sabemos desde hace tiempo: que hay que preparar progresivamente al estudiante, a la familia, a los docentes, a los compa\u00f1eros y al entorno educativo para que la inclusi\u00f3n funcione de verdad\u201d, precisa Andocilla.<\/p>\n<p>El problema es que todav\u00eda hay una distancia enorme entre lo que dice la norma y lo que ocurre en las\u00a0<strong>aulas de clase<\/strong>, acota el activista.<\/p>\n<blockquote><p>En la educaci\u00f3n particular, una de las principales barreras sigue siendo el acceso: negativas de matr\u00edcula, supuesta inexistencia de cupos o exigencias econ\u00f3micas adicionales.<\/p><\/blockquote>\n<p>En la\u00a0<strong>educaci\u00f3n fiscal y municipal<\/strong>, en cambio, el problema se concentra en la permanencia, por la sobrecarga de estudiantes en las aulas, la insuficiente capacitaci\u00f3n docente, la falta de equipos de apoyo y la ausencia de infraestructura que garantice accesibilidad f\u00edsica, comunicacional y sensorial. \u201cLo he visto de cerca, tanto en mi propia familia como acompa\u00f1ando a otras. Esa distancia entre la norma y la pr\u00e1ctica se termina midiendo en a\u00f1os escolares perdidos\u201d.<\/p>\n<p>Educaci\u00f3n debe controlar que sus propias normas se cumplan, particularmente en las instituciones privadas, y aplicar las\u00a0<strong>medidas administrativas<\/strong>\u00a0correspondientes cuando se niegue o se condicione el derecho a la educaci\u00f3n. No basta con expedir instructivos y acuerdos ministeriales. Se necesita presupuesto, formaci\u00f3n docente permanente,\u00a0<strong>equipos multidisciplinarios suficientes<\/strong>, menos estudiantes por aula y entornos sensorialmente accesibles. La inclusi\u00f3n ser\u00e1 real cuando el sistema deje de exigirle al estudiante autista que se adapte solo a la escuela, y sea el establecimiento educativo el que se transforme para garantizar su acceso, permanencia, aprendizaje, participaci\u00f3n y desarrollo integral.<\/p>\n<p>En ese contexto, las\u00a0<strong>Unidades Distritales de Apoyo a la Inclusi\u00f3n (UDAI)<\/strong>\u00a0son equipos especializados del Ministerio de Educaci\u00f3n que ofrecen acompa\u00f1amiento psicopedag\u00f3gico y pedag\u00f3gico gratuito para facilitar la inclusi\u00f3n de estudiantes con necesidades educativas especiales, como el autismo. Asimismo, los profesores de Apoyo a la Inclusi\u00f3n (DAI) del sistema educativo se encargan de hacer acompa\u00f1amiento psicopedag\u00f3gico y pedag\u00f3gico a estudiantes con necesidades educativas especiales.<\/p>\n","protected":false},"excerpt":{"rendered":"<p>Mientras la mayor\u00eda de los padres y sus hijos se preparan para el inicio del a\u00f1o escolar, previsto para el 1 de septiembre de 2026, en el\u00a0r\u00e9gimen Sierra-Amazon\u00eda, las familias de ni\u00f1os con autismo enfrentan una realidad muy dura. El regreso a clases es un verdadero calvario debido a las dificultades para encontrar un plantel que ofrezca las condiciones, el acompa\u00f1amiento y las estrategias educativas que sus chicos necesitan. As\u00ed lo vivi\u00f3 la riobambe\u00f1a Bruna, de 32 a\u00f1os. Su hijo, Mat\u00edas, fue diagnosticado con\u00a0autismo grado 1\u00a0y enfrent\u00f3 dificultades. Relata que los\u00a0docentes de inicial y primero de b\u00e1sica\u00a0s\u00ed fueron emp\u00e1ticos con el peque\u00f1o, hoy de siete a\u00f1os. El problema comenz\u00f3 cuando lleg\u00f3 a segundo y tuvo una nueva profesora. Durante ese a\u00f1o, Mat\u00edas ten\u00eda dificultades para permanecer sentado durante toda la jornada, se levantaba de su puesto, se acercaba a las ventanas para observar las\u00a0actividades de los estudiantes mayores\u00a0y presentaba sensibilidad ante determinados sonidos, principalmente fuertes. La madre sostiene que la docente no manej\u00f3 adecuadamente estas situaciones y que, en lugar de aplicar estrategias de refuerzo positivo, recurr\u00eda a llamados de atenci\u00f3n y castigos. Ante eso, Bruna decidi\u00f3 buscar otra\u00a0instituci\u00f3n educativa. Desde abril comenz\u00f3 a consultar opciones y lleg\u00f3 a\u00a0cuatro colegios privados, pero ninguno acept\u00f3 a Joaqu\u00edn. Es muy dif\u00edcil encontrar un plantel especializado. Muchos dicen que trabajan en\u00a0inclusi\u00f3n, pero no saben lo que eso significa verdaderamente. Agrega que, durante los\u00a0procesos de admisi\u00f3n, una de las primeras preguntas que recibe es si el ni\u00f1o tiene alguna\u00a0condici\u00f3n. \u201cAutom\u00e1ticamente, cuando usted dice que s\u00ed la tiene, comienzan a ponerle todos los peros (en las escuelas)\u201d. Ecuavisa.com\u00a0recopil\u00f3 m\u00e1s de 20 casos en el perfil\u00a0Padres de Ni\u00f1os con Autismo Ecuador\u00a0en Facebook,\u00a0cuyos testimonios coinciden en que conseguir un colegio se convierte en un\u00a0calvario. \u201cLa educaci\u00f3n es un derecho de todos los ni\u00f1os, pero cuando se trata de nuestros hijos, a veces siento que ese derecho se va rompiendo poco a poco entre la falta de recursos, preparaci\u00f3n, acompa\u00f1amiento y comprensi\u00f3n\u201d, escribi\u00f3 una de las madres. Un pap\u00e1 indic\u00f3 que viven un\u00a0viacrucis. Existen instituciones educativas en las que, desde que se les menciona\u00a0TEA o autismo, autom\u00e1ticamente cambian la forma de brindar la informaci\u00f3n. Al final, terminan diciendo que no es posible porque los cupos est\u00e1n llenos. \u201cLo m\u00e1s penoso es que en sus estados de redes sociales y en sus propagandas se llenan y mencionan ser\u00a0instituciones inclusivas\u201d. Una mujer de Salcedo, provincia del Cotopaxi,\u00a0afirma que en una escuela no recibieron a su ni\u00f1o porque necesitaba una maestra sombra: \u201cY como no tengo dinero, \u00bfc\u00f3mo se va a pagar? Con esfuerzo est\u00e1 en una fiscal desde inicial uno este a\u00f1o pasa a cuarto de b\u00e1sica\u201d. Para\u00a0Vladimir Andocilla, director de la\u00a0Asociaci\u00f3n de Padres y Amigos para el Apoyo y la Defensa de los Derechos de las Personas con Autismo (Apada), las familias de ni\u00f1as, ni\u00f1os y adolescentes con esa condici\u00f3n enfrentan barreras desde el momento en que buscan un cupo. Aunque la\u00a0Constituci\u00f3n y la legislaci\u00f3n ecuatoriana\u00a0garantizan una educaci\u00f3n inclusiva, todav\u00eda hay instituciones que seleccionan a sus estudiantes y excluyen a quienes consideran que van a necesitar m\u00e1s apoyos, adaptaciones curriculares o ajustes razonables. La negativa casi nunca es directa, porque las\u00a0autoridades\u00a0saben que rechazar a un estudiante por su condici\u00f3n es discriminaci\u00f3n. Por eso recurren a frases como \u201cno tenemos cupos\u201d, \u201cnuestros docentes no est\u00e1n capacitados\u201d, \u201cel aula tiene demasiados estudiantes\u201d, \u201caqu\u00ed no va a poder adaptarse\u201d o \u201ces mejor buscar una instituci\u00f3n especializada\u201d. En otros casos,\u00a0condicionan la matr\u00edcula\u00a0a que la familia contrate y pague, de su bolsillo, un maestro sombra o acompa\u00f1ante. Como padre de un adolescente autista, conozco de primera mano el dolor y la impotencia que dejan esas respuestas. El problema no est\u00e1 en los hijos ni en su manera distinta de comunicarse, aprender o relacionarse, indica Andocilla. Est\u00e1 en un sistema que sigue esperando que sea el estudiante quien se adapte a un \u00fanico modelo educativo, cuando deber\u00eda ser la escuela la que se transforme para responder a la\u00a0diversidad humana. Dominic, un ni\u00f1o con autismo, no consegu\u00eda cupo en Napo A Roc\u00edo se le hizo complicado conseguir escuela para su hijo, Dominic, de siete a\u00f1os, en\u00a0Tena, la capital de la provincia del\u00a0Napo. En una entrevista con\u00a0Ecuavisa.com, cont\u00f3 que ten\u00eda la esperanza de encontrar una escuela particular, pero en la Amazon\u00eda no hay opciones para elegir. Busc\u00f3 en tres\u00a0planteles particulares\u00a0y no obtuvo respuesta. \u201cEn la fiscal, por el simple hecho de que es parte principal de la educaci\u00f3n, parte del Estado, creo que a rega\u00f1adientes nos pudieron aceptar. Generalmente, no nos reciben\u201d. En un plantel particular le dijeron que era imposible aceptar a Dominic porque el cupo de ni\u00f1os ya estaba lleno y que solo trabajaban con un n\u00famero espec\u00edfico de estudiantes, y que tener a otro infante iba a ser muy dif\u00edcil. En el otro, cuando hicimos la entrevista, nos dijeron que no pod\u00edan aceptar porque los padres consideran que el autismo es una enfermedad contagiosa (\u2026) Dentro de la particularidad se maneja una ense\u00f1anza como m\u00e1s personalizada y, aun as\u00ed, no cumpli\u00f3 las expectativas para ellos, seg\u00fan nuestro hijo. Ahora que Dominic est\u00e1 en una escuela p\u00fablica, sigue las instrucciones y est\u00e1 al pendiente de las directrices del\u00a0Ministerio de Educaci\u00f3n.En ese contexto, en Ecuador, una nueva normativa de esa Cartera de Estado regula el ingreso del personal de apoyo externo a las\u00a0instituciones educativas\u00a0y reemplaza la figura conocida como profesor sombra por la de docente de apoyo externo. Con esto, los padres de ni\u00f1os con autismo no podr\u00e1n ser los\u00a0maestros sombra\u00a0de sus hijos. Educaci\u00f3n aclar\u00f3 que ning\u00fan padre de familia est\u00e1 obligado a\u00a0contratar o pagar un acompa\u00f1ante\u00a0y que ninguna instituci\u00f3n educativa puede imponer un proveedor. Sin embargo, si una familia considera que su hijo necesita este\u00a0apoyo individual, el costo del acompa\u00f1ante deber\u00e1 ser asumido por esta. En una publicaci\u00f3n del\u00a0noticiero de Televistazo, los colectivos de padres de\u00a0ni\u00f1os con autismo\u00a0cuestionaron esta situaci\u00f3n y sostuvieron que, en el sistema fiscal, el Estado debe garantizar este tipo de acompa\u00f1amiento. El Ministerio respondi\u00f3 que en las instituciones fiscales ya existen las\u00a0Unidades Distritales de Apoyo. No obstante, los progenitores aseguraron<\/p>\n","protected":false},"author":1,"featured_media":33969,"comment_status":"closed","ping_status":"closed","sticky":false,"template":"","format":"standard","meta":{"footnotes":""},"categories":[268],"tags":[],"class_list":["post-33968","post","type-post","status-publish","format-standard","has-post-thumbnail","hentry","category-nacionales"],"_links":{"self":[{"href":"https:\/\/www.elamazonico.com\/portal\/wp-json\/wp\/v2\/posts\/33968","targetHints":{"allow":["GET"]}}],"collection":[{"href":"https:\/\/www.elamazonico.com\/portal\/wp-json\/wp\/v2\/posts"}],"about":[{"href":"https:\/\/www.elamazonico.com\/portal\/wp-json\/wp\/v2\/types\/post"}],"author":[{"embeddable":true,"href":"https:\/\/www.elamazonico.com\/portal\/wp-json\/wp\/v2\/users\/1"}],"replies":[{"embeddable":true,"href":"https:\/\/www.elamazonico.com\/portal\/wp-json\/wp\/v2\/comments?post=33968"}],"version-history":[{"count":1,"href":"https:\/\/www.elamazonico.com\/portal\/wp-json\/wp\/v2\/posts\/33968\/revisions"}],"predecessor-version":[{"id":33970,"href":"https:\/\/www.elamazonico.com\/portal\/wp-json\/wp\/v2\/posts\/33968\/revisions\/33970"}],"wp:featuredmedia":[{"embeddable":true,"href":"https:\/\/www.elamazonico.com\/portal\/wp-json\/wp\/v2\/media\/33969"}],"wp:attachment":[{"href":"https:\/\/www.elamazonico.com\/portal\/wp-json\/wp\/v2\/media?parent=33968"}],"wp:term":[{"taxonomy":"category","embeddable":true,"href":"https:\/\/www.elamazonico.com\/portal\/wp-json\/wp\/v2\/categories?post=33968"},{"taxonomy":"post_tag","embeddable":true,"href":"https:\/\/www.elamazonico.com\/portal\/wp-json\/wp\/v2\/tags?post=33968"}],"curies":[{"name":"wp","href":"https:\/\/api.w.org\/{rel}","templated":true}]}}