{"id":33959,"date":"2026-08-31T09:37:13","date_gmt":"2026-08-31T14:37:13","guid":{"rendered":"https:\/\/www.elamazonico.com\/portal\/?p=33959"},"modified":"2026-08-31T09:37:13","modified_gmt":"2026-08-31T14:37:13","slug":"32-ninos-y-jovenes-muestran-su-talento-musical-en-la-clausura-de-cursos-vacacionales-en-zamora","status":"publish","type":"post","link":"https:\/\/www.elamazonico.com\/portal\/32-ninos-y-jovenes-muestran-su-talento-musical-en-la-clausura-de-cursos-vacacionales-en-zamora\/","title":{"rendered":"32 ni\u00f1os y j\u00f3venes muestran su talento musical en la clausura de cursos vacacionales en Zamora"},"content":{"rendered":"<p style=\"font-weight: 400;\">Con gran \u00e9xito se desarroll\u00f3 la clausura de los cursos vacacionales de guitarra, canto y piano, impulsados por el GAD Municipal de Zamora, donde ni\u00f1os y j\u00f3venes demostraron todo el talento y aprendizaje adquirido durante este proceso de formaci\u00f3n art\u00edstica.<\/p>\n<p style=\"font-weight: 400;\">El acto cont\u00f3 con la presencia de Franz Regalado, concejal y delegado del alcalde del cant\u00f3n Zamora, Manuel Gonz\u00e1lez; Wilmer Espinoza, Ximena Meza, concejales; promotores culturales, padres de familia, familiares y medios de comunicaci\u00f3n.<\/p>\n<p style=\"font-weight: 400;\">Durante esta edici\u00f3n de los cursos vacacionales participaron\u00a0<strong>32 estudiantes<\/strong>, distribuidos de la siguiente manera:\u00a0<strong>11 en guitarra, 12 en canto y 9 en piano<\/strong><strong>.<\/strong><\/p>\n<p style=\"font-weight: 400;\">Diana Jaramillo, jefa de la Unidad de Turismo, fue la encargada de brindar las palabras de bienvenida, en su intervenci\u00f3n, destac\u00f3 que estos talleres permitieron fortalecer el talento y las habilidades musicales de los participantes gracias al trabajo de los instructores Freddy Vanegas y Armando Romero. Adem\u00e1s, felicit\u00f3 a los ni\u00f1os por su disciplina y esfuerzo, e invit\u00f3 a los padres de familia a continuar apoyando el desarrollo art\u00edstico de sus hijos.<\/p>\n<p style=\"font-weight: 400;\">Por su parte, el concejal Franz Regalado, delegado del alcalde del cant\u00f3n Zamora, resalt\u00f3 el compromiso del GAD Municipal con la creaci\u00f3n de espacios gratuitos de formaci\u00f3n y recreaci\u00f3n para la ni\u00f1ez y juventud. Asimismo, agradeci\u00f3 a los docentes y al equipo organizador por hacer posible estas jornadas vacacionales.<\/p>\n<p style=\"font-weight: 400;\">Finalmente, el promotor cultural Armando Romero reconoci\u00f3 el respaldo de la administraci\u00f3n municipal al fortalecimiento de la cultura y expres\u00f3 su agradecimiento al alcalde del cant\u00f3n Zamora, Manuel Gonz\u00e1lez por impulsar este tipo de iniciativas y mantener una gesti\u00f3n cercana a la ciudadan\u00eda.<\/p>\n<p style=\"font-weight: 400;\">Durante el acto de clausura, los estudiantes ofrecieron un concierto en el que demostraron los conocimientos adquiridos, evidenciando el talento y la dedicaci\u00f3n desarrollados a lo largo de los talleres vacacionales.<\/p>\n","protected":false},"excerpt":{"rendered":"<p>Con gran \u00e9xito se desarroll\u00f3 la clausura de los cursos vacacionales de guitarra, canto y piano, impulsados por el GAD Municipal de Zamora, donde ni\u00f1os y j\u00f3venes demostraron todo el talento y aprendizaje adquirido durante este proceso de formaci\u00f3n art\u00edstica. El acto cont\u00f3 con la presencia de Franz Regalado, concejal y delegado del alcalde del cant\u00f3n Zamora, Manuel Gonz\u00e1lez; Wilmer Espinoza, Ximena Meza, concejales; promotores culturales, padres de familia, familiares y medios de comunicaci\u00f3n. Durante esta edici\u00f3n de los cursos vacacionales participaron\u00a032 estudiantes, distribuidos de la siguiente manera:\u00a011 en guitarra, 12 en canto y 9 en piano. Diana Jaramillo, jefa de la Unidad de Turismo, fue la encargada de brindar las palabras de bienvenida, en su intervenci\u00f3n, destac\u00f3 que estos talleres permitieron fortalecer el talento y las habilidades musicales de los participantes gracias al trabajo de los instructores Freddy Vanegas y Armando Romero. Adem\u00e1s, felicit\u00f3 a los ni\u00f1os por su disciplina y esfuerzo, e invit\u00f3 a los padres de familia a continuar apoyando el desarrollo art\u00edstico de sus hijos. Por su parte, el concejal Franz Regalado, delegado del alcalde del cant\u00f3n Zamora, resalt\u00f3 el compromiso del GAD Municipal con la creaci\u00f3n de espacios gratuitos de formaci\u00f3n y recreaci\u00f3n para la ni\u00f1ez y juventud. Asimismo, agradeci\u00f3 a los docentes y al equipo organizador por hacer posible estas jornadas vacacionales. Finalmente, el promotor cultural Armando Romero reconoci\u00f3 el respaldo de la administraci\u00f3n municipal al fortalecimiento de la cultura y expres\u00f3 su agradecimiento al alcalde del cant\u00f3n Zamora, Manuel Gonz\u00e1lez por impulsar este tipo de iniciativas y mantener una gesti\u00f3n cercana a la ciudadan\u00eda. Durante el acto de clausura, los estudiantes ofrecieron un concierto en el que demostraron los conocimientos adquiridos, evidenciando el talento y la dedicaci\u00f3n desarrollados a lo largo de los talleres vacacionales.<\/p>\n","protected":false},"author":1,"featured_media":33960,"comment_status":"closed","ping_status":"closed","sticky":false,"template":"","format":"standard","meta":{"footnotes":""},"categories":[243],"tags":[],"class_list":["post-33959","post","type-post","status-publish","format-standard","has-post-thumbnail","hentry","category-noticias-zamora"],"_links":{"self":[{"href":"https:\/\/www.elamazonico.com\/portal\/wp-json\/wp\/v2\/posts\/33959","targetHints":{"allow":["GET"]}}],"collection":[{"href":"https:\/\/www.elamazonico.com\/portal\/wp-json\/wp\/v2\/posts"}],"about":[{"href":"https:\/\/www.elamazonico.com\/portal\/wp-json\/wp\/v2\/types\/post"}],"author":[{"embeddable":true,"href":"https:\/\/www.elamazonico.com\/portal\/wp-json\/wp\/v2\/users\/1"}],"replies":[{"embeddable":true,"href":"https:\/\/www.elamazonico.com\/portal\/wp-json\/wp\/v2\/comments?post=33959"}],"version-history":[{"count":1,"href":"https:\/\/www.elamazonico.com\/portal\/wp-json\/wp\/v2\/posts\/33959\/revisions"}],"predecessor-version":[{"id":33961,"href":"https:\/\/www.elamazonico.com\/portal\/wp-json\/wp\/v2\/posts\/33959\/revisions\/33961"}],"wp:featuredmedia":[{"embeddable":true,"href":"https:\/\/www.elamazonico.com\/portal\/wp-json\/wp\/v2\/media\/33960"}],"wp:attachment":[{"href":"https:\/\/www.elamazonico.com\/portal\/wp-json\/wp\/v2\/media?parent=33959"}],"wp:term":[{"taxonomy":"category","embeddable":true,"href":"https:\/\/www.elamazonico.com\/portal\/wp-json\/wp\/v2\/categories?post=33959"},{"taxonomy":"post_tag","embeddable":true,"href":"https:\/\/www.elamazonico.com\/portal\/wp-json\/wp\/v2\/tags?post=33959"}],"curies":[{"name":"wp","href":"https:\/\/api.w.org\/{rel}","templated":true}]}}