{"id":33956,"date":"2026-08-31T09:26:25","date_gmt":"2026-08-31T14:26:25","guid":{"rendered":"https:\/\/www.elamazonico.com\/portal\/?p=33956"},"modified":"2026-08-31T09:26:25","modified_gmt":"2026-08-31T14:26:25","slug":"asi-sera-el-regreso-a-clases-en-la-sierra-y-amazonia","status":"publish","type":"post","link":"https:\/\/www.elamazonico.com\/portal\/asi-sera-el-regreso-a-clases-en-la-sierra-y-amazonia\/","title":{"rendered":"As\u00ed ser\u00e1 el regreso a clases en la Sierra y Amazon\u00eda"},"content":{"rendered":"<div class=\"story-introtext article-introtext-lead afacad-flux hidden md:block\">El regreso a clases en Sierra y Amazon\u00eda vuelve a mover la rutina de las familias: matr\u00edculas, \u00fatiles, uniformes, transporte, salud y tecnolog\u00eda entran en la lista. Quito prepara operativos de tr\u00e1nsito ante el retorno a las aulas.<\/div>\n<p class=\"PDq2pG_selectionAnchorContainer\" data-start=\"469\" data-end=\"585\">El\u00a0<strong data-start=\"590\" data-end=\"636\">regreso a clases 2026 en Sierra y Amazon\u00eda<\/strong>\u00a0no empieza con el primer timbre: para las familias arranca semanas antes, entre listas escolares, uniformes, rutas, chequeos m\u00e9dicos y un presupuesto que debe estirarse para cubrir varias necesidades al mismo tiempo.<\/p>\n<h2 class=\"PDq2pG_selectionAnchorContainer\" data-section-id=\"ffa0ks\" data-start=\"1106\" data-end=\"1154\"><span role=\"text\"><strong data-start=\"1109\" data-end=\"1154\">\u00bfCu\u00e1ndo empieza el a\u00f1o lectivo 2026-2027?<\/strong><\/span><\/h2>\n<p data-start=\"1156\" data-end=\"1401\">Para el a\u00f1o lectivo 2026\u20132027, el r\u00e9gimen Sierra\u2013Amazon\u00eda contar\u00e1 con aproximadamente 1.7 millones estudiantes, quienes iniciar\u00e1n clases de manera escalonada desde el 1 de septiembre de 2026.<\/p>\n<h2 class=\"PDq2pG_selectionAnchorContainer\" data-section-id=\"1jvz783\" data-start=\"4845\" data-end=\"4912\"><span role=\"text\"><strong data-start=\"4848\" data-end=\"4912\">\u00bfC\u00f3mo ser\u00e1 el tr\u00e1nsito veh\u00edcular?<\/strong><\/span><\/h2>\n<p data-start=\"4914\" data-end=\"4957\">Mochila lista. Uniforme listo. \u00bfRuta lista?<\/p>\n<p data-start=\"4959\" data-end=\"5116\">La\u00a0<strong data-start=\"4962\" data-end=\"4981\">Agencia Metropolitana de Tr\u00e1nsporte (AMT)\u00a0<\/strong><strong data-start=\"1012\" data-end=\"1052\">desplegar\u00e1 586 agentes por turno<\/strong>\u00a0durante septiembre.<\/p>\n<p data-start=\"1074\" data-end=\"1140\">La atenci\u00f3n se concentrar\u00e1 en cinco puntos considerados complejos:<\/p>\n<ul data-start=\"1142\" data-end=\"1340\">\n<li data-section-id=\"1bpf1lw\" data-start=\"1142\" data-end=\"1167\"><strong data-start=\"1144\" data-end=\"1166\">Panamericana Norte<\/strong>.<\/li>\n<li data-section-id=\"qri2ji\" data-start=\"1168\" data-end=\"1196\"><strong data-start=\"1170\" data-end=\"1195\">Redondel del Ciclista<\/strong>.<\/li>\n<li data-section-id=\"1iq1u6\" data-start=\"1197\" data-end=\"1222\"><strong data-start=\"1199\" data-end=\"1221\">Play\u00f3n de La Mar\u00edn<\/strong>.<\/li>\n<li data-section-id=\"7w79a8\" data-start=\"1223\" data-end=\"1238\"><strong data-start=\"1225\" data-end=\"1237\">Quitumbe<\/strong>.<\/li>\n<li data-section-id=\"5svmmd\" data-start=\"1239\" data-end=\"1340\"><strong data-start=\"1241\" data-end=\"1259\">Mor\u00e1n Valverde<\/strong>, en el ingreso a la avenida Sim\u00f3n Bol\u00edvar.<\/li>\n<\/ul>\n<p data-start=\"1342\" data-end=\"1461\">Adem\u00e1s, la AMT identific\u00f3\u00a0<strong data-start=\"1368\" data-end=\"1395\">405 unidades educativas<\/strong>\u00a0donde resulta necesaria una planificaci\u00f3n espec\u00edfica de tr\u00e1nsito. De ellas,\u00a0<strong data-start=\"1473\" data-end=\"1515\">166 requieren entre dos y tres agentes<\/strong>\u00a0por las caracter\u00edsticas de sus accesos.<\/p>\n<h2 data-section-id=\"l4j2ss\" data-start=\"5427\" data-end=\"5488\"><span role=\"text\"><strong data-start=\"5430\" data-end=\"5488\">Antes del primer timbre: tambi\u00e9n toca revisar la salud<\/strong><\/span><\/h2>\n<p data-start=\"5490\" data-end=\"5553\">Las vacaciones suelen alterar horarios, alimentaci\u00f3n e higiene.<\/p>\n<p data-start=\"5555\" data-end=\"5798\">En salud bucal, el dato merece atenci\u00f3n:\u00a0<strong data-start=\"5596\" data-end=\"5674\">unos 510 millones de ni\u00f1os en el mundo tienen caries en dientes temporales<\/strong>, seg\u00fan cifras de la Organizaci\u00f3n Mundial de la Salud recogidas en la documentaci\u00f3n.<\/p>\n<p data-start=\"5800\" data-end=\"5823\">Para regresar a clases:<\/p>\n<p data-start=\"5825\" data-end=\"6098\"><strong data-start=\"5825\" data-end=\"5839\">Cepillado:<\/strong>\u00a0m\u00ednimo dos veces al d\u00eda con pasta fluorada.<br data-start=\"5883\" data-end=\"5886\" \/><strong data-start=\"5886\" data-end=\"5897\">Az\u00facar:<\/strong>\u00a0reducir su consumo frecuente.<br data-start=\"5927\" data-end=\"5930\" \/><strong data-start=\"5930\" data-end=\"5942\">Bebidas:<\/strong>\u00a0priorizar agua.<br data-start=\"5958\" data-end=\"5961\" \/><strong data-start=\"5961\" data-end=\"5973\">Cepillo:<\/strong>\u00a0reemplazarlo si presenta desgaste.<br data-start=\"6008\" data-end=\"6011\" \/><strong data-start=\"6011\" data-end=\"6024\">Dentista:<\/strong>\u00a0considerar un chequeo preventivo.<\/p>\n<p data-start=\"6100\" data-end=\"6362\">La prevenci\u00f3n sanitaria tambi\u00e9n requiere h\u00e1bitos y controles m\u00e9dicos peri\u00f3dicos. El Ministerio de Salud P\u00fablica los considera parte de las acciones necesarias para favorecer diagn\u00f3sticos oportunos y reducir complicaciones.<\/p>\n<h2 data-section-id=\"lnigty\" data-start=\"6364\" data-end=\"6430\"><span role=\"text\"><strong data-start=\"6367\" data-end=\"6430\">Checklist: seis cosas que conviene resolver antes de volver<\/strong><\/span><\/h2>\n<ol data-start=\"6432\" data-end=\"6746\">\n<li data-section-id=\"1gg1ox1\" data-start=\"6432\" data-end=\"6497\"><strong data-start=\"6435\" data-end=\"6497\">Confirmar la fecha de ingreso directamente con el plantel.<\/strong><\/li>\n<li data-section-id=\"1fyqzc3\" data-start=\"6498\" data-end=\"6549\"><strong data-start=\"6501\" data-end=\"6549\">Revisar \u00fatiles y uniformes del a\u00f1o anterior.<\/strong><\/li>\n<li data-section-id=\"1ocfgdc\" data-start=\"6550\" data-end=\"6587\"><strong data-start=\"6553\" data-end=\"6587\">Definir un presupuesto m\u00e1ximo.<\/strong><\/li>\n<li data-section-id=\"e0a6el\" data-start=\"6588\" data-end=\"6629\"><strong data-start=\"6591\" data-end=\"6629\">Comparar precios antes de comprar.<\/strong><\/li>\n<li data-section-id=\"o8fvw3\" data-start=\"6630\" data-end=\"6682\"><strong data-start=\"6633\" data-end=\"6682\">Confirmar transporte y ruta hacia el colegio.<\/strong><\/li>\n<li data-section-id=\"7xxban\" data-start=\"6683\" data-end=\"6746\"><strong data-start=\"6686\" data-end=\"6746\">Recuperar gradualmente horarios de sue\u00f1o y alimentaci\u00f3n.<\/strong><\/li>\n<\/ol>\n<h2 class=\"PDq2pG_selectionAnchorContainer\" data-section-id=\"1fmvbx2\" data-start=\"2188\" data-end=\"2250\"><span role=\"text\"><strong data-start=\"2191\" data-end=\"2250\">\u00bfCu\u00e1nto cuesta volver a clases? Entre USD 600 y USD 850<\/strong><\/span><\/h2>\n<p data-start=\"2252\" data-end=\"2401\">La estimaci\u00f3n recogida por el INEC ubica el gasto entre\u00a0<strong data-start=\"2326\" data-end=\"2362\">USD 600 y USD 850 por estudiante de planteles privados, en 2024,\u00a0<\/strong>seg\u00fan datos de Ecuador en cifras.<\/p>\n<p data-start=\"2403\" data-end=\"2425\">\u00bfD\u00f3nde se va la plata?<\/p>\n<p data-start=\"2427\" data-end=\"2733\"><strong data-start=\"2427\" data-end=\"2447\">\u00datiles y libros:<\/strong>\u00a0cuadernos, textos y materiales.<br data-start=\"2479\" data-end=\"2482\" \/><strong data-start=\"2482\" data-end=\"2496\">Uniformes:<\/strong>\u00a0prendas y zapatos.<br data-start=\"2515\" data-end=\"2518\" \/><strong data-start=\"2518\" data-end=\"2533\">Tecnolog\u00eda:<\/strong>\u00a0equipos y accesorios.<br data-start=\"2555\" data-end=\"2558\" \/><strong data-start=\"2558\" data-end=\"2572\">Movilidad:<\/strong>\u00a0transporte escolar.<br data-start=\"2592\" data-end=\"2595\" \/><strong data-start=\"2595\" data-end=\"2612\">Alimentaci\u00f3n:<\/strong>\u00a0lonchera y refrigerios.<br data-start=\"2636\" data-end=\"2639\" \/><strong data-start=\"2639\" data-end=\"2649\">Hogar:<\/strong>\u00a0internet y adecuaci\u00f3n del espacio de estudio.<\/p>\n<p data-start=\"2735\" data-end=\"3014\">El gasto educativo tiene un peso considerable en la econom\u00eda familiar: los hogares ecuatorianos destinaron\u00a0<strong data-start=\"2842\" data-end=\"2907\">USD 3.429 millones al consumo final en educaci\u00f3n durante 2024<\/strong>, seg\u00fan datos de Ecuador en cifras.<\/p>\n<h2 class=\"PDq2pG_selectionAnchorContainer\" data-section-id=\"1i6ny9d\" data-start=\"3016\" data-end=\"3061\"><span role=\"text\"><strong data-start=\"3019\" data-end=\"3061\">\u00bfComprar todo nuevo?\u00a0<\/strong><\/span><\/h2>\n<p data-start=\"3063\" data-end=\"3154\">Antes de salir con la lista escolar, una tarea puede ahorrar dinero:\u00a0<strong data-start=\"3132\" data-end=\"3153\">abrir los cajones<\/strong>.<\/p>\n<p data-start=\"3156\" data-end=\"3351\">La recomendaci\u00f3n es revisar qu\u00e9 qued\u00f3 del a\u00f1o anterior: mochilas, uniformes, reglas, carpetas, calculadoras y otros materiales pueden tener una segunda vida. Despu\u00e9s:<\/p>\n<ul data-start=\"3363\" data-end=\"3564\">\n<li data-section-id=\"32z820\" data-start=\"3363\" data-end=\"3396\"><strong data-start=\"3365\" data-end=\"3378\">Priorizar<\/strong>\u00a0lo indispensable.<\/li>\n<li data-section-id=\"2u4pbt\" data-start=\"3397\" data-end=\"3430\"><strong data-start=\"3399\" data-end=\"3411\">Comparar<\/strong>\u00a0precios y calidad.<\/li>\n<li data-section-id=\"a6c48a\" data-start=\"3431\" data-end=\"3469\">Revisar\u00a0<strong data-start=\"3441\" data-end=\"3468\">garant\u00edas y durabilidad<\/strong>.<\/li>\n<li data-section-id=\"1c8rzao\" data-start=\"3470\" data-end=\"3564\">Evitar comprar algo \u00fanicamente porque tiene descuento.<\/li>\n<\/ul>\n<h2 data-section-id=\"11mwuff\" data-start=\"3566\" data-end=\"3649\"><span role=\"text\"><strong data-start=\"3569\" data-end=\"3649\">Cyber Day dej\u00f3 una pista: los ecuatorianos compran cada vez m\u00e1s por Internet<\/strong><\/span><\/h2>\n<p data-start=\"3651\" data-end=\"3700\">El regreso a clases tambi\u00e9n pasa por la pantalla.<\/p>\n<p data-start=\"3702\" data-end=\"4015\">Seg\u00fan la\u00a0<strong data-start=\"3711\" data-end=\"3764\">C\u00e1mara Ecuatoriana de Comercio Electr\u00f3nico (CECE)<\/strong>, el Cyberday.ec de agosto de 2025 registr\u00f3\u00a0<strong data-start=\"3808\" data-end=\"3845\">m\u00e1s de USD 25 millones en compras<\/strong>. Los productos infantiles y escolares estuvieron entre las categor\u00edas con mayor movimiento.<\/p>\n<p data-start=\"4017\" data-end=\"4213\">Para comparar una promoci\u00f3n conviene revisar cinco datos:\u00a0<strong data-start=\"4075\" data-end=\"4172\">precio final, costo de env\u00edo, reputaci\u00f3n del vendedor, forma de pago y pol\u00edtica de devoluci\u00f3n<\/strong>.<\/p>\n<h2 data-section-id=\"i9nt2a\" data-start=\"4215\" data-end=\"4302\"><span role=\"text\"><strong data-start=\"4218\" data-end=\"4302\">\u00bfTarjetazo para los \u00fatiles?\u00a0<\/strong><\/span><\/h2>\n<p data-start=\"4304\" data-end=\"4349\">La compra escolar puede presionar el cr\u00e9dito.<\/p>\n<p data-start=\"4351\" data-end=\"4608\">Una encuesta de\u00a0<strong data-start=\"4367\" data-end=\"4395\">Defensa Deudores Ecuador<\/strong>, incluida en los documentos proporcionados, se\u00f1ala que\u00a0<strong data-start=\"4451\" data-end=\"4522\">7 de cada 10 hogares prev\u00e9n endeudarse para cubrir gastos escolares<\/strong>, principalmente mediante tarjetas de cr\u00e9dito.<\/p>\n<p data-start=\"4610\" data-end=\"4704\">La recomendaci\u00f3n:\u00a0<strong data-start=\"4628\" data-end=\"4703\">definir primero cu\u00e1nto puede gastar la familia y despu\u00e9s armar la lista<\/strong>.<\/p>\n<p data-start=\"4706\" data-end=\"4843\"><strong>El d\u00e9cimo cuarto sueldo<\/strong>\u00a0puede aliviar parte de ese desembolso en\u00a0<strong data-start=\"4771\" data-end=\"4792\">Sierra y Amazon\u00eda<\/strong>, pero no elimina la necesidad de priorizar gastos.<\/p>\n","protected":false},"excerpt":{"rendered":"<p>El regreso a clases en Sierra y Amazon\u00eda vuelve a mover la rutina de las familias: matr\u00edculas, \u00fatiles, uniformes, transporte, salud y tecnolog\u00eda entran en la lista. Quito prepara operativos de tr\u00e1nsito ante el retorno a las aulas. El\u00a0regreso a clases 2026 en Sierra y Amazon\u00eda\u00a0no empieza con el primer timbre: para las familias arranca semanas antes, entre listas escolares, uniformes, rutas, chequeos m\u00e9dicos y un presupuesto que debe estirarse para cubrir varias necesidades al mismo tiempo. \u00bfCu\u00e1ndo empieza el a\u00f1o lectivo 2026-2027? Para el a\u00f1o lectivo 2026\u20132027, el r\u00e9gimen Sierra\u2013Amazon\u00eda contar\u00e1 con aproximadamente 1.7 millones estudiantes, quienes iniciar\u00e1n clases de manera escalonada desde el 1 de septiembre de 2026. \u00bfC\u00f3mo ser\u00e1 el tr\u00e1nsito veh\u00edcular? Mochila lista. Uniforme listo. \u00bfRuta lista? La\u00a0Agencia Metropolitana de Tr\u00e1nsporte (AMT)\u00a0desplegar\u00e1 586 agentes por turno\u00a0durante septiembre. La atenci\u00f3n se concentrar\u00e1 en cinco puntos considerados complejos: Panamericana Norte. Redondel del Ciclista. Play\u00f3n de La Mar\u00edn. Quitumbe. Mor\u00e1n Valverde, en el ingreso a la avenida Sim\u00f3n Bol\u00edvar. Adem\u00e1s, la AMT identific\u00f3\u00a0405 unidades educativas\u00a0donde resulta necesaria una planificaci\u00f3n espec\u00edfica de tr\u00e1nsito. De ellas,\u00a0166 requieren entre dos y tres agentes\u00a0por las caracter\u00edsticas de sus accesos. Antes del primer timbre: tambi\u00e9n toca revisar la salud Las vacaciones suelen alterar horarios, alimentaci\u00f3n e higiene. En salud bucal, el dato merece atenci\u00f3n:\u00a0unos 510 millones de ni\u00f1os en el mundo tienen caries en dientes temporales, seg\u00fan cifras de la Organizaci\u00f3n Mundial de la Salud recogidas en la documentaci\u00f3n. Para regresar a clases: Cepillado:\u00a0m\u00ednimo dos veces al d\u00eda con pasta fluorada.Az\u00facar:\u00a0reducir su consumo frecuente.Bebidas:\u00a0priorizar agua.Cepillo:\u00a0reemplazarlo si presenta desgaste.Dentista:\u00a0considerar un chequeo preventivo. La prevenci\u00f3n sanitaria tambi\u00e9n requiere h\u00e1bitos y controles m\u00e9dicos peri\u00f3dicos. El Ministerio de Salud P\u00fablica los considera parte de las acciones necesarias para favorecer diagn\u00f3sticos oportunos y reducir complicaciones. Checklist: seis cosas que conviene resolver antes de volver Confirmar la fecha de ingreso directamente con el plantel. Revisar \u00fatiles y uniformes del a\u00f1o anterior. Definir un presupuesto m\u00e1ximo. Comparar precios antes de comprar. Confirmar transporte y ruta hacia el colegio. Recuperar gradualmente horarios de sue\u00f1o y alimentaci\u00f3n. \u00bfCu\u00e1nto cuesta volver a clases? Entre USD 600 y USD 850 La estimaci\u00f3n recogida por el INEC ubica el gasto entre\u00a0USD 600 y USD 850 por estudiante de planteles privados, en 2024,\u00a0seg\u00fan datos de Ecuador en cifras. \u00bfD\u00f3nde se va la plata? \u00datiles y libros:\u00a0cuadernos, textos y materiales.Uniformes:\u00a0prendas y zapatos.Tecnolog\u00eda:\u00a0equipos y accesorios.Movilidad:\u00a0transporte escolar.Alimentaci\u00f3n:\u00a0lonchera y refrigerios.Hogar:\u00a0internet y adecuaci\u00f3n del espacio de estudio. El gasto educativo tiene un peso considerable en la econom\u00eda familiar: los hogares ecuatorianos destinaron\u00a0USD 3.429 millones al consumo final en educaci\u00f3n durante 2024, seg\u00fan datos de Ecuador en cifras. \u00bfComprar todo nuevo?\u00a0 Antes de salir con la lista escolar, una tarea puede ahorrar dinero:\u00a0abrir los cajones. La recomendaci\u00f3n es revisar qu\u00e9 qued\u00f3 del a\u00f1o anterior: mochilas, uniformes, reglas, carpetas, calculadoras y otros materiales pueden tener una segunda vida. Despu\u00e9s: Priorizar\u00a0lo indispensable. Comparar\u00a0precios y calidad. Revisar\u00a0garant\u00edas y durabilidad. Evitar comprar algo \u00fanicamente porque tiene descuento. Cyber Day dej\u00f3 una pista: los ecuatorianos compran cada vez m\u00e1s por Internet El regreso a clases tambi\u00e9n pasa por la pantalla. Seg\u00fan la\u00a0C\u00e1mara Ecuatoriana de Comercio Electr\u00f3nico (CECE), el Cyberday.ec de agosto de 2025 registr\u00f3\u00a0m\u00e1s de USD 25 millones en compras. Los productos infantiles y escolares estuvieron entre las categor\u00edas con mayor movimiento. Para comparar una promoci\u00f3n conviene revisar cinco datos:\u00a0precio final, costo de env\u00edo, reputaci\u00f3n del vendedor, forma de pago y pol\u00edtica de devoluci\u00f3n. \u00bfTarjetazo para los \u00fatiles?\u00a0 La compra escolar puede presionar el cr\u00e9dito. Una encuesta de\u00a0Defensa Deudores Ecuador, incluida en los documentos proporcionados, se\u00f1ala que\u00a07 de cada 10 hogares prev\u00e9n endeudarse para cubrir gastos escolares, principalmente mediante tarjetas de cr\u00e9dito. La recomendaci\u00f3n:\u00a0definir primero cu\u00e1nto puede gastar la familia y despu\u00e9s armar la lista. El d\u00e9cimo cuarto sueldo\u00a0puede aliviar parte de ese desembolso en\u00a0Sierra y Amazon\u00eda, pero no elimina la necesidad de priorizar gastos.<\/p>\n","protected":false},"author":1,"featured_media":33957,"comment_status":"closed","ping_status":"closed","sticky":false,"template":"","format":"standard","meta":{"footnotes":""},"categories":[268],"tags":[],"class_list":["post-33956","post","type-post","status-publish","format-standard","has-post-thumbnail","hentry","category-nacionales"],"_links":{"self":[{"href":"https:\/\/www.elamazonico.com\/portal\/wp-json\/wp\/v2\/posts\/33956","targetHints":{"allow":["GET"]}}],"collection":[{"href":"https:\/\/www.elamazonico.com\/portal\/wp-json\/wp\/v2\/posts"}],"about":[{"href":"https:\/\/www.elamazonico.com\/portal\/wp-json\/wp\/v2\/types\/post"}],"author":[{"embeddable":true,"href":"https:\/\/www.elamazonico.com\/portal\/wp-json\/wp\/v2\/users\/1"}],"replies":[{"embeddable":true,"href":"https:\/\/www.elamazonico.com\/portal\/wp-json\/wp\/v2\/comments?post=33956"}],"version-history":[{"count":1,"href":"https:\/\/www.elamazonico.com\/portal\/wp-json\/wp\/v2\/posts\/33956\/revisions"}],"predecessor-version":[{"id":33958,"href":"https:\/\/www.elamazonico.com\/portal\/wp-json\/wp\/v2\/posts\/33956\/revisions\/33958"}],"wp:featuredmedia":[{"embeddable":true,"href":"https:\/\/www.elamazonico.com\/portal\/wp-json\/wp\/v2\/media\/33957"}],"wp:attachment":[{"href":"https:\/\/www.elamazonico.com\/portal\/wp-json\/wp\/v2\/media?parent=33956"}],"wp:term":[{"taxonomy":"category","embeddable":true,"href":"https:\/\/www.elamazonico.com\/portal\/wp-json\/wp\/v2\/categories?post=33956"},{"taxonomy":"post_tag","embeddable":true,"href":"https:\/\/www.elamazonico.com\/portal\/wp-json\/wp\/v2\/tags?post=33956"}],"curies":[{"name":"wp","href":"https:\/\/api.w.org\/{rel}","templated":true}]}}