{"id":33949,"date":"2026-08-31T04:31:12","date_gmt":"2026-08-31T09:31:12","guid":{"rendered":"https:\/\/www.elamazonico.com\/portal\/?p=33949"},"modified":"2026-08-28T15:34:05","modified_gmt":"2026-08-28T20:34:05","slug":"experto-analiza-derechos-de-la-ninez-y-pensiones-alimenticias","status":"publish","type":"post","link":"https:\/\/www.elamazonico.com\/portal\/experto-analiza-derechos-de-la-ninez-y-pensiones-alimenticias\/","title":{"rendered":"Experto analiza derechos de la ni\u00f1ez y pensiones alimenticias"},"content":{"rendered":"<p>El mi\u00e9rcoles 26 de agosto, en el programa \u201cLa Tertulia Jur\u00eddica\u201d, se cont\u00f3 con la participaci\u00f3n del abogado Leonardo Velasco Lombeida, quien abord\u00f3 el tema \u201cDerechos de la ni\u00f1ez: lo que todo padre deber\u00eda conocer\u201d.<\/p>\n<p>Velasco, abogado por la Pontificia Universidad Cat\u00f3lica del Ecuador, m\u00e1ster en Derecho Administrativo y Contrataci\u00f3n P\u00fablica por la Universidad Andina Sim\u00f3n Bol\u00edvar, especialista en Derecho Procesal y Derecho de Ni\u00f1ez por la Universidad Esp\u00edritu Santo, m\u00e1ster en Docencia Universitaria por la Universidad C\u00e9sar Vallejo, con t\u00edtulo cum laude, y doctor por la Universidad de Palermo de Buenos Aires, destac\u00f3 que el Derecho de Ni\u00f1ez constituye una materia especializada orientada a garantizar la protecci\u00f3n integral de ni\u00f1os, ni\u00f1as y adolescentes.<\/p>\n<p>Durante el di\u00e1logo explic\u00f3 que este \u00e1mbito regula las relaciones entre padres, hijos, abuelos, hermanos y el Estado, teniendo como eje el principio del inter\u00e9s superior del ni\u00f1o. Se\u00f1al\u00f3 que la protecci\u00f3n debe considerar las circunstancias particulares de cada menor y no limitarse a una aplicaci\u00f3n estrictamente mec\u00e1nica de la normativa.<\/p>\n<p>Uno de los principales temas fue la pensi\u00f3n alimenticia. El especialista explic\u00f3 que su determinaci\u00f3n considera los ingresos, deducciones, bienes y capacidad econ\u00f3mica del obligado, as\u00ed como las necesidades del ni\u00f1o, entre ellas alimentaci\u00f3n, vestimenta, educaci\u00f3n, cuidado y recreaci\u00f3n.<\/p>\n<p>Aclar\u00f3 que la tabla de pensiones establece rangos y porcentajes, por lo que el monto puede variar de acuerdo con las circunstancias acreditadas. En este contexto, explic\u00f3 la posibilidad de solicitar incidentes de aumento o rebaja de pensi\u00f3n cuando cambian las condiciones econ\u00f3micas o familiares.<\/p>\n<p>Velasco tambi\u00e9n cuestion\u00f3 las demoras que pueden presentarse en estos procesos, particularmente cuando una persona pierde su empleo y necesita solicitar una rebaja, mientras la obligaci\u00f3n inicialmente establecida contin\u00faa vigente. Consider\u00f3 necesario analizar reformas que permitan procedimientos m\u00e1s eficaces, sin afectar el derecho de los ni\u00f1os a recibir alimentos.<\/p>\n<p>Durante el programa se analiz\u00f3 adem\u00e1s el caso de un ni\u00f1o de cuatro a\u00f1os con c\u00e1ncer de h\u00edgado, que requiere trasladarse desde Loja hacia Guayaquil para recibir atenci\u00f3n especializada. Seg\u00fan el caso expuesto, pese a que se habr\u00eda reconocido su situaci\u00f3n de alta vulnerabilidad y necesidad de protecci\u00f3n reforzada, una pensi\u00f3n de USD 415 habr\u00eda sido reducida a USD 215. Frente a este escenario, Velasco sostuvo que correspond\u00eda analizar e impugnar la decisi\u00f3n, considerando las circunstancias concretas y la prueba existente.<\/p>\n<p>El jurista destac\u00f3 la importancia de demostrar adecuadamente las condiciones econ\u00f3micas dentro de los procesos. Explic\u00f3 que pueden solicitarse certificaciones, informaci\u00f3n institucional y documentaci\u00f3n sobre ingresos, gastos y bienes. Tambi\u00e9n se\u00f1al\u00f3 que publicaciones en redes sociales sobre viajes, veh\u00edculos o determinados niveles de consumo pueden constituir elementos \u00fatiles para generar indicios sobre la capacidad econ\u00f3mica, siempre que sean respaldados con otras pruebas.<\/p>\n<p>Finalmente, Velasco enfatiz\u00f3 que el Derecho de Ni\u00f1ez requiere preparaci\u00f3n especializada y que los abogados deben asumir su ejercicio como un servicio a la sociedad. La entrevista permiti\u00f3 abordar desde una perspectiva jur\u00eddica y ciudadana las obligaciones de los padres, las pensiones alimenticias, la valoraci\u00f3n de pruebas y la protecci\u00f3n reforzada que corresponde a ni\u00f1os, ni\u00f1as y adolescentes.<\/p>\n","protected":false},"excerpt":{"rendered":"<p>El mi\u00e9rcoles 26 de agosto, en el programa \u201cLa Tertulia Jur\u00eddica\u201d, se cont\u00f3 con la participaci\u00f3n del abogado Leonardo Velasco Lombeida, quien abord\u00f3 el tema \u201cDerechos de la ni\u00f1ez: lo que todo padre deber\u00eda conocer\u201d. Velasco, abogado por la Pontificia Universidad Cat\u00f3lica del Ecuador, m\u00e1ster en Derecho Administrativo y Contrataci\u00f3n P\u00fablica por la Universidad Andina Sim\u00f3n Bol\u00edvar, especialista en Derecho Procesal y Derecho de Ni\u00f1ez por la Universidad Esp\u00edritu Santo, m\u00e1ster en Docencia Universitaria por la Universidad C\u00e9sar Vallejo, con t\u00edtulo cum laude, y doctor por la Universidad de Palermo de Buenos Aires, destac\u00f3 que el Derecho de Ni\u00f1ez constituye una materia especializada orientada a garantizar la protecci\u00f3n integral de ni\u00f1os, ni\u00f1as y adolescentes. Durante el di\u00e1logo explic\u00f3 que este \u00e1mbito regula las relaciones entre padres, hijos, abuelos, hermanos y el Estado, teniendo como eje el principio del inter\u00e9s superior del ni\u00f1o. Se\u00f1al\u00f3 que la protecci\u00f3n debe considerar las circunstancias particulares de cada menor y no limitarse a una aplicaci\u00f3n estrictamente mec\u00e1nica de la normativa. Uno de los principales temas fue la pensi\u00f3n alimenticia. El especialista explic\u00f3 que su determinaci\u00f3n considera los ingresos, deducciones, bienes y capacidad econ\u00f3mica del obligado, as\u00ed como las necesidades del ni\u00f1o, entre ellas alimentaci\u00f3n, vestimenta, educaci\u00f3n, cuidado y recreaci\u00f3n. Aclar\u00f3 que la tabla de pensiones establece rangos y porcentajes, por lo que el monto puede variar de acuerdo con las circunstancias acreditadas. En este contexto, explic\u00f3 la posibilidad de solicitar incidentes de aumento o rebaja de pensi\u00f3n cuando cambian las condiciones econ\u00f3micas o familiares. Velasco tambi\u00e9n cuestion\u00f3 las demoras que pueden presentarse en estos procesos, particularmente cuando una persona pierde su empleo y necesita solicitar una rebaja, mientras la obligaci\u00f3n inicialmente establecida contin\u00faa vigente. Consider\u00f3 necesario analizar reformas que permitan procedimientos m\u00e1s eficaces, sin afectar el derecho de los ni\u00f1os a recibir alimentos. Durante el programa se analiz\u00f3 adem\u00e1s el caso de un ni\u00f1o de cuatro a\u00f1os con c\u00e1ncer de h\u00edgado, que requiere trasladarse desde Loja hacia Guayaquil para recibir atenci\u00f3n especializada. Seg\u00fan el caso expuesto, pese a que se habr\u00eda reconocido su situaci\u00f3n de alta vulnerabilidad y necesidad de protecci\u00f3n reforzada, una pensi\u00f3n de USD 415 habr\u00eda sido reducida a USD 215. Frente a este escenario, Velasco sostuvo que correspond\u00eda analizar e impugnar la decisi\u00f3n, considerando las circunstancias concretas y la prueba existente. El jurista destac\u00f3 la importancia de demostrar adecuadamente las condiciones econ\u00f3micas dentro de los procesos. Explic\u00f3 que pueden solicitarse certificaciones, informaci\u00f3n institucional y documentaci\u00f3n sobre ingresos, gastos y bienes. Tambi\u00e9n se\u00f1al\u00f3 que publicaciones en redes sociales sobre viajes, veh\u00edculos o determinados niveles de consumo pueden constituir elementos \u00fatiles para generar indicios sobre la capacidad econ\u00f3mica, siempre que sean respaldados con otras pruebas. Finalmente, Velasco enfatiz\u00f3 que el Derecho de Ni\u00f1ez requiere preparaci\u00f3n especializada y que los abogados deben asumir su ejercicio como un servicio a la sociedad. La entrevista permiti\u00f3 abordar desde una perspectiva jur\u00eddica y ciudadana las obligaciones de los padres, las pensiones alimenticias, la valoraci\u00f3n de pruebas y la protecci\u00f3n reforzada que corresponde a ni\u00f1os, ni\u00f1as y adolescentes.<\/p>\n","protected":false},"author":1,"featured_media":0,"comment_status":"closed","ping_status":"closed","sticky":false,"template":"","format":"standard","meta":{"footnotes":""},"categories":[243],"tags":[],"class_list":["post-33949","post","type-post","status-publish","format-standard","hentry","category-noticias-zamora"],"_links":{"self":[{"href":"https:\/\/www.elamazonico.com\/portal\/wp-json\/wp\/v2\/posts\/33949","targetHints":{"allow":["GET"]}}],"collection":[{"href":"https:\/\/www.elamazonico.com\/portal\/wp-json\/wp\/v2\/posts"}],"about":[{"href":"https:\/\/www.elamazonico.com\/portal\/wp-json\/wp\/v2\/types\/post"}],"author":[{"embeddable":true,"href":"https:\/\/www.elamazonico.com\/portal\/wp-json\/wp\/v2\/users\/1"}],"replies":[{"embeddable":true,"href":"https:\/\/www.elamazonico.com\/portal\/wp-json\/wp\/v2\/comments?post=33949"}],"version-history":[{"count":1,"href":"https:\/\/www.elamazonico.com\/portal\/wp-json\/wp\/v2\/posts\/33949\/revisions"}],"predecessor-version":[{"id":33950,"href":"https:\/\/www.elamazonico.com\/portal\/wp-json\/wp\/v2\/posts\/33949\/revisions\/33950"}],"wp:attachment":[{"href":"https:\/\/www.elamazonico.com\/portal\/wp-json\/wp\/v2\/media?parent=33949"}],"wp:term":[{"taxonomy":"category","embeddable":true,"href":"https:\/\/www.elamazonico.com\/portal\/wp-json\/wp\/v2\/categories?post=33949"},{"taxonomy":"post_tag","embeddable":true,"href":"https:\/\/www.elamazonico.com\/portal\/wp-json\/wp\/v2\/tags?post=33949"}],"curies":[{"name":"wp","href":"https:\/\/api.w.org\/{rel}","templated":true}]}}