{"id":3388,"date":"2022-04-07T11:00:25","date_gmt":"2022-04-07T16:00:25","guid":{"rendered":"https:\/\/www.elamazonico.com\/portal\/?p=3388"},"modified":"2022-04-07T11:00:29","modified_gmt":"2022-04-07T16:00:29","slug":"cabecillas-que-lideren-amotinamientos-seran-trasladados-a-la-roca","status":"publish","type":"post","link":"https:\/\/www.elamazonico.com\/portal\/cabecillas-que-lideren-amotinamientos-seran-trasladados-a-la-roca\/","title":{"rendered":"Cabecillas que lideren amotinamientos ser\u00e1n trasladados a La Roca"},"content":{"rendered":"\n<p>El director del SNAI, Pablo Ram\u00edrez, se pronunci\u00f3 sobre la crisis carcelaria e indic\u00f3 que a ra\u00edz de lo registrado en Turi se procedi\u00f3 a actuar de manera distinta, llevando a los cabecillas de banda a \u00abLa Roca\u00bb.&nbsp;<\/p>\n\n\n\n<p>\u00abAquellos cabecillas que realicen alteraciones o amotinamientos ser\u00e1n trasladados a este centro de rehabilitaci\u00f3n de m\u00e1xima seguridad, en donde tendr\u00e1n un r\u00e9gimen disciplinario distinto\u00bb, dijo.<\/p>\n\n\n\n<p>El Gobierno prev\u00e9 invertir 30 millones de d\u00f3lares&nbsp;en materia tecnol\u00f3gica y de equipamiento, a fin de controlar la comunicaci\u00f3n en las c\u00e1rceles con&nbsp;inhibidores.<\/p>\n\n\n\n<p>Adem\u00e1s, explic\u00f3 que dividir\u00e1n en m\u00e1xima, mediana y m\u00ednima la gesti\u00f3n de las c\u00e1rceles. Mientras que se proyecta bajar el hacinamiento con el otorgamiento de indultos a personas que cometieron delitos menores y que han cumplido con el 40 % de la pena. (PMB) (I)<\/p>\n\n\n\n<p>Ecuadorenvivo<\/p>\n","protected":false},"excerpt":{"rendered":"<p>El director del SNAI, Pablo Ram\u00edrez, se pronunci\u00f3 sobre la crisis carcelaria e indic\u00f3 que a ra\u00edz de lo registrado en Turi se procedi\u00f3 a actuar de manera distinta, llevando a los cabecillas de banda a \u00abLa Roca\u00bb.&nbsp; \u00abAquellos cabecillas que realicen alteraciones o amotinamientos ser\u00e1n trasladados a este centro de rehabilitaci\u00f3n de m\u00e1xima seguridad, en donde tendr\u00e1n un r\u00e9gimen disciplinario distinto\u00bb, dijo. El Gobierno prev\u00e9 invertir 30 millones de d\u00f3lares&nbsp;en materia tecnol\u00f3gica y de equipamiento, a fin de controlar la comunicaci\u00f3n en las c\u00e1rceles con&nbsp;inhibidores. Adem\u00e1s, explic\u00f3 que dividir\u00e1n en m\u00e1xima, mediana y m\u00ednima la gesti\u00f3n de las c\u00e1rceles. Mientras que se proyecta bajar el hacinamiento con el otorgamiento de indultos a personas que cometieron delitos menores y que han cumplido con el 40 % de la pena. (PMB) (I) Ecuadorenvivo<\/p>\n","protected":false},"author":1,"featured_media":3389,"comment_status":"open","ping_status":"open","sticky":false,"template":"","format":"standard","meta":{"footnotes":""},"categories":[268],"tags":[],"class_list":["post-3388","post","type-post","status-publish","format-standard","has-post-thumbnail","hentry","category-nacionales"],"_links":{"self":[{"href":"https:\/\/www.elamazonico.com\/portal\/wp-json\/wp\/v2\/posts\/3388","targetHints":{"allow":["GET"]}}],"collection":[{"href":"https:\/\/www.elamazonico.com\/portal\/wp-json\/wp\/v2\/posts"}],"about":[{"href":"https:\/\/www.elamazonico.com\/portal\/wp-json\/wp\/v2\/types\/post"}],"author":[{"embeddable":true,"href":"https:\/\/www.elamazonico.com\/portal\/wp-json\/wp\/v2\/users\/1"}],"replies":[{"embeddable":true,"href":"https:\/\/www.elamazonico.com\/portal\/wp-json\/wp\/v2\/comments?post=3388"}],"version-history":[{"count":1,"href":"https:\/\/www.elamazonico.com\/portal\/wp-json\/wp\/v2\/posts\/3388\/revisions"}],"predecessor-version":[{"id":3390,"href":"https:\/\/www.elamazonico.com\/portal\/wp-json\/wp\/v2\/posts\/3388\/revisions\/3390"}],"wp:featuredmedia":[{"embeddable":true,"href":"https:\/\/www.elamazonico.com\/portal\/wp-json\/wp\/v2\/media\/3389"}],"wp:attachment":[{"href":"https:\/\/www.elamazonico.com\/portal\/wp-json\/wp\/v2\/media?parent=3388"}],"wp:term":[{"taxonomy":"category","embeddable":true,"href":"https:\/\/www.elamazonico.com\/portal\/wp-json\/wp\/v2\/categories?post=3388"},{"taxonomy":"post_tag","embeddable":true,"href":"https:\/\/www.elamazonico.com\/portal\/wp-json\/wp\/v2\/tags?post=3388"}],"curies":[{"name":"wp","href":"https:\/\/api.w.org\/{rel}","templated":true}]}}