{"id":3385,"date":"2022-04-07T10:58:18","date_gmt":"2022-04-07T15:58:18","guid":{"rendered":"https:\/\/www.elamazonico.com\/portal\/?p=3385"},"modified":"2022-04-07T10:58:21","modified_gmt":"2022-04-07T15:58:21","slug":"se-hizo-una-evaluacion-a-la-cnj-y-el-80-de-jueces-no-supero-esa-evaluacion","status":"publish","type":"post","link":"https:\/\/www.elamazonico.com\/portal\/se-hizo-una-evaluacion-a-la-cnj-y-el-80-de-jueces-no-supero-esa-evaluacion\/","title":{"rendered":"&#8216;Se hizo una evaluaci\u00f3n a la CNJ y el 80% de jueces no super\u00f3 esa evaluaci\u00f3n&#8217;\u00a0"},"content":{"rendered":"\n<p>El presidente del CJ, Fausto Murillo, se\u00f1al\u00f3 este mi\u00e9rcoles, que la creaci\u00f3n de las dependencias especializadas en juzgar delitos de corrupci\u00f3n y crimen organizado obedece al cumplimiento del COFJ. \u00abDespu\u00e9s de contar con la certificaci\u00f3n presupuestaria por USD 1.6 millones, inici\u00f3 el concurso de jueces\u00bb.<\/p>\n\n\n\n<p>\u00abEn el futuro podr\u00eda crearse una Unidad Especializada en Juzgar Delitos de Corrupci\u00f3n y Crimen Organizado en Guayaquil u otras provincias. Arrancamos con un plan piloto. Si la carga procesal supera a la Unidad de Quito se crear\u00e1n otras. Haremos una valoraci\u00f3n en el primer a\u00f1o\u00bb, dijo en entrevista con Carlos Vera.<\/p>\n\n\n\n<p>Dice que han venido trabajando en forma coordinada con la Se\u00f1ora Fiscal General, \u00absabemos la necesidad urgente de contar con m\u00e1s fiscales\u00bb.<\/p>\n\n\n\n<p>Se\u00f1al\u00f3 la importancia del respeto a la autonom\u00eda como un factor importante para lograr verdaderos cambios en la Funci\u00f3n Judicial.<\/p>\n\n\n\n<p>Fausto Murillo destac\u00f3 que el trabajo del CJ, en torno a la conformaci\u00f3n de Unidades de Garant\u00edas Penitenciarias, contribuye a la disminuci\u00f3n del hacinamiento en las c\u00e1rceles. \u201cEn 2019 se conformaron 4 tribunales, en abril de 2022 funcionaran 3 m\u00e1s\u201d.<\/p>\n\n\n\n<p>Sobre el caso de Lisbeth Baquerizo, dijo que el CJ podr\u00eda investigar a la jueza del caso por negligencia manifiesta, pero para ello es necesario una denuncia del afectado. \u201cEl CJ no puede iniciar acciones de oficio, as\u00ed lo decidi\u00f3 la Corte Constitucional\u201d.<\/p>\n","protected":false},"excerpt":{"rendered":"<p>El presidente del CJ, Fausto Murillo, se\u00f1al\u00f3 este mi\u00e9rcoles, que la creaci\u00f3n de las dependencias especializadas en juzgar delitos de corrupci\u00f3n y crimen organizado obedece al cumplimiento del COFJ. \u00abDespu\u00e9s de contar con la certificaci\u00f3n presupuestaria por USD 1.6 millones, inici\u00f3 el concurso de jueces\u00bb. \u00abEn el futuro podr\u00eda crearse una Unidad Especializada en Juzgar Delitos de Corrupci\u00f3n y Crimen Organizado en Guayaquil u otras provincias. Arrancamos con un plan piloto. Si la carga procesal supera a la Unidad de Quito se crear\u00e1n otras. Haremos una valoraci\u00f3n en el primer a\u00f1o\u00bb, dijo en entrevista con Carlos Vera. Dice que han venido trabajando en forma coordinada con la Se\u00f1ora Fiscal General, \u00absabemos la necesidad urgente de contar con m\u00e1s fiscales\u00bb. Se\u00f1al\u00f3 la importancia del respeto a la autonom\u00eda como un factor importante para lograr verdaderos cambios en la Funci\u00f3n Judicial. Fausto Murillo destac\u00f3 que el trabajo del CJ, en torno a la conformaci\u00f3n de Unidades de Garant\u00edas Penitenciarias, contribuye a la disminuci\u00f3n del hacinamiento en las c\u00e1rceles. \u201cEn 2019 se conformaron 4 tribunales, en abril de 2022 funcionaran 3 m\u00e1s\u201d. Sobre el caso de Lisbeth Baquerizo, dijo que el CJ podr\u00eda investigar a la jueza del caso por negligencia manifiesta, pero para ello es necesario una denuncia del afectado. \u201cEl CJ no puede iniciar acciones de oficio, as\u00ed lo decidi\u00f3 la Corte Constitucional\u201d.<\/p>\n","protected":false},"author":1,"featured_media":3386,"comment_status":"open","ping_status":"open","sticky":false,"template":"","format":"standard","meta":{"footnotes":""},"categories":[268],"tags":[],"class_list":["post-3385","post","type-post","status-publish","format-standard","has-post-thumbnail","hentry","category-nacionales"],"_links":{"self":[{"href":"https:\/\/www.elamazonico.com\/portal\/wp-json\/wp\/v2\/posts\/3385","targetHints":{"allow":["GET"]}}],"collection":[{"href":"https:\/\/www.elamazonico.com\/portal\/wp-json\/wp\/v2\/posts"}],"about":[{"href":"https:\/\/www.elamazonico.com\/portal\/wp-json\/wp\/v2\/types\/post"}],"author":[{"embeddable":true,"href":"https:\/\/www.elamazonico.com\/portal\/wp-json\/wp\/v2\/users\/1"}],"replies":[{"embeddable":true,"href":"https:\/\/www.elamazonico.com\/portal\/wp-json\/wp\/v2\/comments?post=3385"}],"version-history":[{"count":1,"href":"https:\/\/www.elamazonico.com\/portal\/wp-json\/wp\/v2\/posts\/3385\/revisions"}],"predecessor-version":[{"id":3387,"href":"https:\/\/www.elamazonico.com\/portal\/wp-json\/wp\/v2\/posts\/3385\/revisions\/3387"}],"wp:featuredmedia":[{"embeddable":true,"href":"https:\/\/www.elamazonico.com\/portal\/wp-json\/wp\/v2\/media\/3386"}],"wp:attachment":[{"href":"https:\/\/www.elamazonico.com\/portal\/wp-json\/wp\/v2\/media?parent=3385"}],"wp:term":[{"taxonomy":"category","embeddable":true,"href":"https:\/\/www.elamazonico.com\/portal\/wp-json\/wp\/v2\/categories?post=3385"},{"taxonomy":"post_tag","embeddable":true,"href":"https:\/\/www.elamazonico.com\/portal\/wp-json\/wp\/v2\/tags?post=3385"}],"curies":[{"name":"wp","href":"https:\/\/api.w.org\/{rel}","templated":true}]}}