{"id":3352,"date":"2022-04-05T06:25:16","date_gmt":"2022-04-05T11:25:16","guid":{"rendered":"https:\/\/www.elamazonico.com\/portal\/?p=3352"},"modified":"2022-04-05T06:25:21","modified_gmt":"2022-04-05T11:25:21","slug":"cantares-de-mi-infancia-en-yantzaza","status":"publish","type":"post","link":"https:\/\/www.elamazonico.com\/portal\/cantares-de-mi-infancia-en-yantzaza\/","title":{"rendered":"Cantares de mi Infancia en Yantzaza"},"content":{"rendered":"\n<p>El cant\u00f3n Yantzaza se suma a la siguiente edici\u00f3n del Festival Emblem\u00e1tico \u00abCantares de mi Infancia\u201d, que lleva a cabo el Ministerio de Cultura y Patrimonio, el Instituto de Fomento a la Creatividad y la Innovaci\u00f3n y la Casa de la Cultura Ecuatoriana Benjam\u00edn Carri\u00f3n.<\/p>\n\n\n\n<p>Cantares de mi infancia se realizar\u00e1 en los nueve cantones de Zamora Chinchipe, con la participaci\u00f3n de ni\u00f1as y ni\u00f1os de 5 a 13 a\u00f1os de edad.<\/p>\n\n\n\n<p>Los organizadores Invitan a los ni\u00f1os (as) del Cant\u00f3n Yantzaza a participar del taller de Canto a desarrollarse desde el 30 de mayo al 09 de junio en el Sal\u00f3n de la Unidad de Cultura- Barrio San Francisco, participan los ni\u00f1os de 05 a 13 a\u00f1os que no cumplan 14 a\u00f1os y deben inscribirse hasta el 30 de mayo de manera gratuita, la Gala se efectuar\u00e1 el 10 de junio del presente a\u00f1o a las 20h00.<\/p>\n\n\n\n<p>Est\u00e1 gala cuenta con apoyo del Ministerio de Cultura y Patrimonio, del Instituto de Fomento a la Creatividad y la Innovaci\u00f3n, Gad Municipal de Zamora, Casa de Cultura N\u00facleo de Zamora Chinchipe y Gad Municipal del Cant\u00f3n Yantzaza.<\/p>\n","protected":false},"excerpt":{"rendered":"<p>El cant\u00f3n Yantzaza se suma a la siguiente edici\u00f3n del Festival Emblem\u00e1tico \u00abCantares de mi Infancia\u201d, que lleva a cabo el Ministerio de Cultura y Patrimonio, el Instituto de Fomento a la Creatividad y la Innovaci\u00f3n y la Casa de la Cultura Ecuatoriana Benjam\u00edn Carri\u00f3n. Cantares de mi infancia se realizar\u00e1 en los nueve cantones de Zamora Chinchipe, con la participaci\u00f3n de ni\u00f1as y ni\u00f1os de 5 a 13 a\u00f1os de edad. Los organizadores Invitan a los ni\u00f1os (as) del Cant\u00f3n Yantzaza a participar del taller de Canto a desarrollarse desde el 30 de mayo al 09 de junio en el Sal\u00f3n de la Unidad de Cultura- Barrio San Francisco, participan los ni\u00f1os de 05 a 13 a\u00f1os que no cumplan 14 a\u00f1os y deben inscribirse hasta el 30 de mayo de manera gratuita, la Gala se efectuar\u00e1 el 10 de junio del presente a\u00f1o a las 20h00. Est\u00e1 gala cuenta con apoyo del Ministerio de Cultura y Patrimonio, del Instituto de Fomento a la Creatividad y la Innovaci\u00f3n, Gad Municipal de Zamora, Casa de Cultura N\u00facleo de Zamora Chinchipe y Gad Municipal del Cant\u00f3n Yantzaza.<\/p>\n","protected":false},"author":1,"featured_media":3353,"comment_status":"open","ping_status":"open","sticky":false,"template":"","format":"standard","meta":{"footnotes":""},"categories":[243],"tags":[],"class_list":["post-3352","post","type-post","status-publish","format-standard","has-post-thumbnail","hentry","category-noticias-zamora"],"_links":{"self":[{"href":"https:\/\/www.elamazonico.com\/portal\/wp-json\/wp\/v2\/posts\/3352","targetHints":{"allow":["GET"]}}],"collection":[{"href":"https:\/\/www.elamazonico.com\/portal\/wp-json\/wp\/v2\/posts"}],"about":[{"href":"https:\/\/www.elamazonico.com\/portal\/wp-json\/wp\/v2\/types\/post"}],"author":[{"embeddable":true,"href":"https:\/\/www.elamazonico.com\/portal\/wp-json\/wp\/v2\/users\/1"}],"replies":[{"embeddable":true,"href":"https:\/\/www.elamazonico.com\/portal\/wp-json\/wp\/v2\/comments?post=3352"}],"version-history":[{"count":1,"href":"https:\/\/www.elamazonico.com\/portal\/wp-json\/wp\/v2\/posts\/3352\/revisions"}],"predecessor-version":[{"id":3354,"href":"https:\/\/www.elamazonico.com\/portal\/wp-json\/wp\/v2\/posts\/3352\/revisions\/3354"}],"wp:featuredmedia":[{"embeddable":true,"href":"https:\/\/www.elamazonico.com\/portal\/wp-json\/wp\/v2\/media\/3353"}],"wp:attachment":[{"href":"https:\/\/www.elamazonico.com\/portal\/wp-json\/wp\/v2\/media?parent=3352"}],"wp:term":[{"taxonomy":"category","embeddable":true,"href":"https:\/\/www.elamazonico.com\/portal\/wp-json\/wp\/v2\/categories?post=3352"},{"taxonomy":"post_tag","embeddable":true,"href":"https:\/\/www.elamazonico.com\/portal\/wp-json\/wp\/v2\/tags?post=3352"}],"curies":[{"name":"wp","href":"https:\/\/api.w.org\/{rel}","templated":true}]}}