{"id":3327,"date":"2022-03-26T07:30:46","date_gmt":"2022-03-26T12:30:46","guid":{"rendered":"https:\/\/www.elamazonico.com\/portal\/?p=3327"},"modified":"2022-03-26T07:35:00","modified_gmt":"2022-03-26T12:35:00","slug":"tres-tricolores-repetiran-mundial-en-catar","status":"publish","type":"post","link":"https:\/\/www.elamazonico.com\/portal\/tres-tricolores-repetiran-mundial-en-catar\/","title":{"rendered":"Tres tricolores repetir\u00e1n Mundial en Catar"},"content":{"rendered":"\n<p>Redacci\u00f3n Bendito F\u00fatbol<\/p>\n\n\n\n<p id=\"m120-119-121\">Una vez consumada la clasificaci\u00f3n de la selecci\u00f3n de Ecuador al Mundial de Catar 2022, la cuenta regresiva para su participaci\u00f3n est\u00e1 en marcha.<\/p>\n\n\n\n<p id=\"m126-1-127\"><br>La base de jugadores de Gustavo Alfaro sufrir\u00e1 pocas modificaciones a la hora de entregar a lista de 23 futbolistas que representar\u00e1n al pa\u00eds en su cuarto Mundial. Dentro de esa n\u00f3mina,<strong>\u00a0tres son los\u00a0<\/strong>que jugar\u00e1n su segundo mundial.<br>\u200b<br>Alexander\u00a0<strong>Dom\u00ednguez<\/strong>, Carlos\u00a0<strong>Gruezo\u00a0<\/strong>y Enner\u00a0<strong>Valencia<\/strong>, titulares y hombres de confianza del entrenador argentino, formaron parte del equipo nacional en la Copa del Mundo de Brasil 2014, dirigido por el colombiano Reinaldo Rueda.<br><strong><br>Dom\u00ednguez y Valencia fueron titulares\u00a0<\/strong>en la derrota ante Suiza (1-2), victoria frente a Honduras (2-1) y, empate con Francia (0-0). Jugaron todos los minutos posibles.\u00a0<br><br>&#8216;Superman&#8217; fue la sensaci\u00f3n y revelaci\u00f3n de la Tri.\u00a0<strong>Marc\u00f3 los tres goles<\/strong>\u00a0y estuvo a punto de entregarle una victoria ante los franceses con un cabezazo que a\u00fan es recordado por los aficionados ecuatorianos.<br><br>Solo la sobresaliente actuaci\u00f3n de Hugo Lloris, se interpuso en la jugada que le vali\u00f3 el apodo del goleador hist\u00f3rico de Ecuador (34).<\/p>\n\n\n\n<p id=\"m303-2-304\">Gruezo, con 19 a\u00f1os, jug\u00f3 los 90 minutos ante Suiza en el&nbsp;<strong>estadio Man\u00e9 Garrincha&nbsp;<\/strong>de Brasilia. Frente a Honduras fue al banco. Ingres\u00f3 a los 83 minutos en lugar de Oswaldo Minda en el&nbsp;<strong>estadio Arena da Baixada<\/strong>&nbsp;de Curitiba. Ante Francia, en el&nbsp;<strong>estadio Maracan\u00e1<\/strong>&nbsp;en R\u00edo de Janeiro, estuvo todo el partido entre los suplentes.<br>\u200b<\/p>\n\n\n\n<h3 class=\"wp-block-heading\" id=\"m367-4-368\">Bimundialistas tricolores<\/h3>\n\n\n\n<p id=\"m376-5-377\">Jorge Guagua (2006 &#8211; 2014)<br>Iv\u00e1n Hurtado (2002 &#8211; 2006)<br>Ulises de la Cruz (2002 &#8211; 2006)<br>\u200bIv\u00e1n Kaviedes (2002 &#8211; 2006)<br>\u200bWalter Ayov\u00ed (2002 &#8211; 2014)<br>Agust\u00edn Delgado (2002 &#8211; 2006)<br>\u200bMarlon Ayov\u00ed (2002 &#8211; 2006)<br>Antonio Valencia (2006 &#8211; 2014)<br>\u200bGiovanny Espinoza (2002 &#8211; 2006)<br>Carlos Tenorio (2002 &#8211; 2006)<br>Edwin Tenorio (2002 &#8211; 2006)<br>\u200bLuis Fernando Saritama (2006 &#8211; 2014)<br><br>Edison M\u00e9ndez es el \u00fanico futbolista ecuatoriano que jug\u00f3 los tres mundiales (2002 &#8211; 2006 y 2014). Fuente: Bendito F\u00fatbol.<\/p>\n","protected":false},"excerpt":{"rendered":"<p>Redacci\u00f3n Bendito F\u00fatbol Una vez consumada la clasificaci\u00f3n de la selecci\u00f3n de Ecuador al Mundial de Catar 2022, la cuenta regresiva para su participaci\u00f3n est\u00e1 en marcha. La base de jugadores de Gustavo Alfaro sufrir\u00e1 pocas modificaciones a la hora de entregar a lista de 23 futbolistas que representar\u00e1n al pa\u00eds en su cuarto Mundial. Dentro de esa n\u00f3mina,\u00a0tres son los\u00a0que jugar\u00e1n su segundo mundial.\u200bAlexander\u00a0Dom\u00ednguez, Carlos\u00a0Gruezo\u00a0y Enner\u00a0Valencia, titulares y hombres de confianza del entrenador argentino, formaron parte del equipo nacional en la Copa del Mundo de Brasil 2014, dirigido por el colombiano Reinaldo Rueda.Dom\u00ednguez y Valencia fueron titulares\u00a0en la derrota ante Suiza (1-2), victoria frente a Honduras (2-1) y, empate con Francia (0-0). Jugaron todos los minutos posibles.\u00a0 &#8216;Superman&#8217; fue la sensaci\u00f3n y revelaci\u00f3n de la Tri.\u00a0Marc\u00f3 los tres goles\u00a0y estuvo a punto de entregarle una victoria ante los franceses con un cabezazo que a\u00fan es recordado por los aficionados ecuatorianos. Solo la sobresaliente actuaci\u00f3n de Hugo Lloris, se interpuso en la jugada que le vali\u00f3 el apodo del goleador hist\u00f3rico de Ecuador (34). Gruezo, con 19 a\u00f1os, jug\u00f3 los 90 minutos ante Suiza en el&nbsp;estadio Man\u00e9 Garrincha&nbsp;de Brasilia. Frente a Honduras fue al banco. Ingres\u00f3 a los 83 minutos en lugar de Oswaldo Minda en el&nbsp;estadio Arena da Baixada&nbsp;de Curitiba. Ante Francia, en el&nbsp;estadio Maracan\u00e1&nbsp;en R\u00edo de Janeiro, estuvo todo el partido entre los suplentes.\u200b Bimundialistas tricolores Jorge Guagua (2006 &#8211; 2014)Iv\u00e1n Hurtado (2002 &#8211; 2006)Ulises de la Cruz (2002 &#8211; 2006)\u200bIv\u00e1n Kaviedes (2002 &#8211; 2006)\u200bWalter Ayov\u00ed (2002 &#8211; 2014)Agust\u00edn Delgado (2002 &#8211; 2006)\u200bMarlon Ayov\u00ed (2002 &#8211; 2006)Antonio Valencia (2006 &#8211; 2014)\u200bGiovanny Espinoza (2002 &#8211; 2006)Carlos Tenorio (2002 &#8211; 2006)Edwin Tenorio (2002 &#8211; 2006)\u200bLuis Fernando Saritama (2006 &#8211; 2014) Edison M\u00e9ndez es el \u00fanico futbolista ecuatoriano que jug\u00f3 los tres mundiales (2002 &#8211; 2006 y 2014). Fuente: Bendito F\u00fatbol.<\/p>\n","protected":false},"author":1,"featured_media":3328,"comment_status":"open","ping_status":"open","sticky":false,"template":"","format":"standard","meta":{"footnotes":""},"categories":[6],"tags":[],"class_list":["post-3327","post","type-post","status-publish","format-standard","has-post-thumbnail","hentry","category-deportes"],"_links":{"self":[{"href":"https:\/\/www.elamazonico.com\/portal\/wp-json\/wp\/v2\/posts\/3327","targetHints":{"allow":["GET"]}}],"collection":[{"href":"https:\/\/www.elamazonico.com\/portal\/wp-json\/wp\/v2\/posts"}],"about":[{"href":"https:\/\/www.elamazonico.com\/portal\/wp-json\/wp\/v2\/types\/post"}],"author":[{"embeddable":true,"href":"https:\/\/www.elamazonico.com\/portal\/wp-json\/wp\/v2\/users\/1"}],"replies":[{"embeddable":true,"href":"https:\/\/www.elamazonico.com\/portal\/wp-json\/wp\/v2\/comments?post=3327"}],"version-history":[{"count":2,"href":"https:\/\/www.elamazonico.com\/portal\/wp-json\/wp\/v2\/posts\/3327\/revisions"}],"predecessor-version":[{"id":3331,"href":"https:\/\/www.elamazonico.com\/portal\/wp-json\/wp\/v2\/posts\/3327\/revisions\/3331"}],"wp:featuredmedia":[{"embeddable":true,"href":"https:\/\/www.elamazonico.com\/portal\/wp-json\/wp\/v2\/media\/3328"}],"wp:attachment":[{"href":"https:\/\/www.elamazonico.com\/portal\/wp-json\/wp\/v2\/media?parent=3327"}],"wp:term":[{"taxonomy":"category","embeddable":true,"href":"https:\/\/www.elamazonico.com\/portal\/wp-json\/wp\/v2\/categories?post=3327"},{"taxonomy":"post_tag","embeddable":true,"href":"https:\/\/www.elamazonico.com\/portal\/wp-json\/wp\/v2\/tags?post=3327"}],"curies":[{"name":"wp","href":"https:\/\/api.w.org\/{rel}","templated":true}]}}