{"id":3319,"date":"2022-03-26T07:03:54","date_gmt":"2022-03-26T12:03:54","guid":{"rendered":"https:\/\/www.elamazonico.com\/portal\/?p=3319"},"modified":"2022-03-26T07:03:57","modified_gmt":"2022-03-26T12:03:57","slug":"id-pachakutik-y-unes-emplazan-a-lasso-para-que-identifique-a-chantajistas","status":"publish","type":"post","link":"https:\/\/www.elamazonico.com\/portal\/id-pachakutik-y-unes-emplazan-a-lasso-para-que-identifique-a-chantajistas\/","title":{"rendered":"ID, Pachakutik y Unes emplazan a Lasso para que identifique a \u2018chantajistas\u2019"},"content":{"rendered":"\n<p>Roger V\u00e9lez. Redactor (I)<\/p>\n\n\n\n<p><strong>Asamble\u00edstas&nbsp;<\/strong>de las bancadas de la&nbsp;<strong>Izquierda Democr\u00e1tica&nbsp;<\/strong>(ID),&nbsp;<strong>Pachakutik&nbsp;<\/strong>(PK) y el&nbsp;<strong>corre\u00edsmo&nbsp;<\/strong>Uni\u00f3n por la Esperanza (<strong>Unes<\/strong>) emplazaron al presidente&nbsp;<strong>Guillermo Lasso&nbsp;<\/strong>para que identifique a aquellos que pretendieron&nbsp;<strong>chantajearlo&nbsp;<\/strong>y que los tach\u00f3 de \u201cladrones y corruptos\u201d.&nbsp;<\/p>\n\n\n\n<p>Las reacciones se dieron este viernes 25 de marzo de 2022, despu\u00e9s de la arremetida presidencial frente al archivo del proyecto de&nbsp;<a href=\"https:\/\/www.elcomercio.com\/actualidad\/politica\/asamblea-archivo-proyecto-ley-inversiones.html\">Ley de Inversiones<\/a>, con 87 votos de estas bancadas.&nbsp;<\/p>\n\n\n\n<p>El jefe de bloque de la ID,&nbsp;<strong>Marlon Cadena<\/strong>, demand\u00f3 que la presidenta de la Asamblea,&nbsp;<strong>Guadalupe Llori<\/strong>&nbsp;(PK), act\u00fae con firmeza frente a las&nbsp;<a href=\"https:\/\/www.elcomercio.com\/actualidad\/politica\/guillermo-lasso-presunto-chantaje-ley-inversiones.html\">acusaciones del Primer Mandatario<\/a>&nbsp;y para que no se \u201cmanche\u201d la imagen del Parlamento.&nbsp;<\/p>\n\n\n\n<p>\u201cLa Asamblea tiene que responder con la firmeza de estos momentos. Es necesario que se exija al Ejecutivo que venga ac\u00e1 a dar los nombres de qui\u00e9nes han ido y han visitado el Palacio para pedir puestos por votos\u201d, expres\u00f3.&nbsp;<\/p>\n\n\n\n<p>Cadena exhort\u00f3 a todas las bancadas a que se unan para defender la institucionalidad. Sin embargo, matiz\u00f3 que \u201csi hay asamble\u00edstas que tienen este tipo de pr\u00e1cticas y maniobras de canjes de votos por puestos u hospitales, pues no pueden estar aqu\u00ed en la Asamblea\u201d.&nbsp;<\/p>\n\n\n\n<p>Salvador Quishpe, de\u00a0<strong>Pachakutik<\/strong>, manifest\u00f3 que en la pr\u00f3xima sesi\u00f3n del Pleno propondr\u00e1 el\u00a0<strong>debate\u00a0<\/strong>de una moci\u00f3n para llamar a\u00a0<a href=\"https:\/\/www.elcomercio.com\/actualidad\/politica\/lasso-reaccion-archivo-ley-inversiones.html\">comparecer al Jefe de Estado<\/a>\u00a0para que \u201campl\u00ede la informaci\u00f3n\u201d.\u00a0(I) Fuente: El Comercio<\/p>\n","protected":false},"excerpt":{"rendered":"<p>Roger V\u00e9lez. Redactor (I) Asamble\u00edstas&nbsp;de las bancadas de la&nbsp;Izquierda Democr\u00e1tica&nbsp;(ID),&nbsp;Pachakutik&nbsp;(PK) y el&nbsp;corre\u00edsmo&nbsp;Uni\u00f3n por la Esperanza (Unes) emplazaron al presidente&nbsp;Guillermo Lasso&nbsp;para que identifique a aquellos que pretendieron&nbsp;chantajearlo&nbsp;y que los tach\u00f3 de \u201cladrones y corruptos\u201d.&nbsp; Las reacciones se dieron este viernes 25 de marzo de 2022, despu\u00e9s de la arremetida presidencial frente al archivo del proyecto de&nbsp;Ley de Inversiones, con 87 votos de estas bancadas.&nbsp; El jefe de bloque de la ID,&nbsp;Marlon Cadena, demand\u00f3 que la presidenta de la Asamblea,&nbsp;Guadalupe Llori&nbsp;(PK), act\u00fae con firmeza frente a las&nbsp;acusaciones del Primer Mandatario&nbsp;y para que no se \u201cmanche\u201d la imagen del Parlamento.&nbsp; \u201cLa Asamblea tiene que responder con la firmeza de estos momentos. Es necesario que se exija al Ejecutivo que venga ac\u00e1 a dar los nombres de qui\u00e9nes han ido y han visitado el Palacio para pedir puestos por votos\u201d, expres\u00f3.&nbsp; Cadena exhort\u00f3 a todas las bancadas a que se unan para defender la institucionalidad. Sin embargo, matiz\u00f3 que \u201csi hay asamble\u00edstas que tienen este tipo de pr\u00e1cticas y maniobras de canjes de votos por puestos u hospitales, pues no pueden estar aqu\u00ed en la Asamblea\u201d.&nbsp; Salvador Quishpe, de\u00a0Pachakutik, manifest\u00f3 que en la pr\u00f3xima sesi\u00f3n del Pleno propondr\u00e1 el\u00a0debate\u00a0de una moci\u00f3n para llamar a\u00a0comparecer al Jefe de Estado\u00a0para que \u201campl\u00ede la informaci\u00f3n\u201d.\u00a0(I) Fuente: El Comercio<\/p>\n","protected":false},"author":1,"featured_media":3320,"comment_status":"open","ping_status":"open","sticky":false,"template":"","format":"standard","meta":{"footnotes":""},"categories":[1],"tags":[],"class_list":["post-3319","post","type-post","status-publish","format-standard","has-post-thumbnail","hentry","category-uncategorized"],"_links":{"self":[{"href":"https:\/\/www.elamazonico.com\/portal\/wp-json\/wp\/v2\/posts\/3319","targetHints":{"allow":["GET"]}}],"collection":[{"href":"https:\/\/www.elamazonico.com\/portal\/wp-json\/wp\/v2\/posts"}],"about":[{"href":"https:\/\/www.elamazonico.com\/portal\/wp-json\/wp\/v2\/types\/post"}],"author":[{"embeddable":true,"href":"https:\/\/www.elamazonico.com\/portal\/wp-json\/wp\/v2\/users\/1"}],"replies":[{"embeddable":true,"href":"https:\/\/www.elamazonico.com\/portal\/wp-json\/wp\/v2\/comments?post=3319"}],"version-history":[{"count":1,"href":"https:\/\/www.elamazonico.com\/portal\/wp-json\/wp\/v2\/posts\/3319\/revisions"}],"predecessor-version":[{"id":3321,"href":"https:\/\/www.elamazonico.com\/portal\/wp-json\/wp\/v2\/posts\/3319\/revisions\/3321"}],"wp:featuredmedia":[{"embeddable":true,"href":"https:\/\/www.elamazonico.com\/portal\/wp-json\/wp\/v2\/media\/3320"}],"wp:attachment":[{"href":"https:\/\/www.elamazonico.com\/portal\/wp-json\/wp\/v2\/media?parent=3319"}],"wp:term":[{"taxonomy":"category","embeddable":true,"href":"https:\/\/www.elamazonico.com\/portal\/wp-json\/wp\/v2\/categories?post=3319"},{"taxonomy":"post_tag","embeddable":true,"href":"https:\/\/www.elamazonico.com\/portal\/wp-json\/wp\/v2\/tags?post=3319"}],"curies":[{"name":"wp","href":"https:\/\/api.w.org\/{rel}","templated":true}]}}