{"id":3316,"date":"2022-03-26T06:57:25","date_gmt":"2022-03-26T11:57:25","guid":{"rendered":"https:\/\/www.elamazonico.com\/portal\/?p=3316"},"modified":"2022-03-26T06:57:29","modified_gmt":"2022-03-26T11:57:29","slug":"ejecutivo-y-asamblea-evaluan-la-crisis","status":"publish","type":"post","link":"https:\/\/www.elamazonico.com\/portal\/ejecutivo-y-asamblea-evaluan-la-crisis\/","title":{"rendered":"Ejecutivo y Asamblea eval\u00faan la crisis"},"content":{"rendered":"\n<p>Roger V\u00e9lez y Diana Serrano,\u2002(I)<\/p>\n\n\n\n<p>Las tensiones entre el&nbsp;<strong>Ejecutivo<\/strong>&nbsp;y la&nbsp;<strong>Asamblea&nbsp;<\/strong>alcanzaron su punto m\u00e1s alto con el&nbsp;<strong>archivo&nbsp;<\/strong>de la&nbsp;<strong>Ley de Inversiones<\/strong>. Aunque Carondelet puede insistir con su propuesta, las bancadas piden cambios en el&nbsp;<strong>frente pol\u00edtico<\/strong>&nbsp;y que primero sustente sus acusaciones.<\/p>\n\n\n\n<p>El consejero presidencial&nbsp;<strong>Diego Ord\u00f3\u00f1ez<\/strong>&nbsp;anunci\u00f3 que se verificar\u00e1, en primer lugar, si la decisi\u00f3n que tom\u00f3 la Asamblea se ajust\u00f3 a los procedimientos constitucionales y legales.<\/p>\n\n\n\n<p>El archivo del texto, con&nbsp;<strong>87 votos<\/strong>&nbsp;del corre\u00edsmo (<strong>Unes<\/strong>), la Izquierda Democr\u00e1tica (<strong>ID<\/strong>) y Pachakutik (<strong>PK<\/strong>), incluida la presidenta Guadalupe Llori, se dio con base a una moci\u00f3n de esta&nbsp;<strong>\u00faltima bancada<\/strong>, una vez que el ponente, Daniel Noboa (Ind.), no regres\u00f3 al&nbsp;<strong>Pleno&nbsp;<\/strong>con un nuevo texto.<\/p>\n\n\n\n<p>En un comunicado, Noboa se\u00f1al\u00f3 que: \u201cante estas circunstancias de caos e inestabilidad pol\u00edtica que vive el pa\u00eds, lo m\u00e1s sensato es irnos a nuestras casas\u201d. Esto, sin entrar en detalles sobre su abandono de la sesi\u00f3n.<\/p>\n\n\n\n<p>Otros de los escenarios consiste en convocar a una&nbsp;<strong>consulta popular<\/strong>&nbsp;para aprobar&nbsp;<strong>leyes&nbsp;<\/strong>o la&nbsp;<strong>muerte cruzada<\/strong>, un mecanismo constitucional que permite al Ejecutivo disolver a la Asamblea y adelantar las&nbsp;<strong>elecciones generales<\/strong>&nbsp;en caso de&nbsp;<strong>bloqueo pol\u00edtico<\/strong>.<\/p>\n\n\n\n<p>El presidente\u00a0<strong>Guillermo Lasso\u00a0<\/strong>mantuvo ayer, 25 de marzo de 2022, reuniones con su equipo en el Palacio y suspendi\u00f3 unas actividades previstas en la provincia de Santa Elena. Aunque los jefes de bloque de la Izquierda Democr\u00e1tica (ID), Marlon Cadena, y Rafael Lucero, de Pachakutik, niegan que se haya gestado una nueva mayor\u00eda, el bloque del oficialismo mantuvo silencio sobre este escenario. (I) Fuente: El Comercio<\/p>\n","protected":false},"excerpt":{"rendered":"<p>Roger V\u00e9lez y Diana Serrano,\u2002(I) Las tensiones entre el&nbsp;Ejecutivo&nbsp;y la&nbsp;Asamblea&nbsp;alcanzaron su punto m\u00e1s alto con el&nbsp;archivo&nbsp;de la&nbsp;Ley de Inversiones. Aunque Carondelet puede insistir con su propuesta, las bancadas piden cambios en el&nbsp;frente pol\u00edtico&nbsp;y que primero sustente sus acusaciones. El consejero presidencial&nbsp;Diego Ord\u00f3\u00f1ez&nbsp;anunci\u00f3 que se verificar\u00e1, en primer lugar, si la decisi\u00f3n que tom\u00f3 la Asamblea se ajust\u00f3 a los procedimientos constitucionales y legales. El archivo del texto, con&nbsp;87 votos&nbsp;del corre\u00edsmo (Unes), la Izquierda Democr\u00e1tica (ID) y Pachakutik (PK), incluida la presidenta Guadalupe Llori, se dio con base a una moci\u00f3n de esta&nbsp;\u00faltima bancada, una vez que el ponente, Daniel Noboa (Ind.), no regres\u00f3 al&nbsp;Pleno&nbsp;con un nuevo texto. En un comunicado, Noboa se\u00f1al\u00f3 que: \u201cante estas circunstancias de caos e inestabilidad pol\u00edtica que vive el pa\u00eds, lo m\u00e1s sensato es irnos a nuestras casas\u201d. Esto, sin entrar en detalles sobre su abandono de la sesi\u00f3n. Otros de los escenarios consiste en convocar a una&nbsp;consulta popular&nbsp;para aprobar&nbsp;leyes&nbsp;o la&nbsp;muerte cruzada, un mecanismo constitucional que permite al Ejecutivo disolver a la Asamblea y adelantar las&nbsp;elecciones generales&nbsp;en caso de&nbsp;bloqueo pol\u00edtico. El presidente\u00a0Guillermo Lasso\u00a0mantuvo ayer, 25 de marzo de 2022, reuniones con su equipo en el Palacio y suspendi\u00f3 unas actividades previstas en la provincia de Santa Elena. Aunque los jefes de bloque de la Izquierda Democr\u00e1tica (ID), Marlon Cadena, y Rafael Lucero, de Pachakutik, niegan que se haya gestado una nueva mayor\u00eda, el bloque del oficialismo mantuvo silencio sobre este escenario. (I) Fuente: El Comercio<\/p>\n","protected":false},"author":1,"featured_media":3317,"comment_status":"open","ping_status":"open","sticky":false,"template":"","format":"standard","meta":{"footnotes":""},"categories":[1],"tags":[],"class_list":["post-3316","post","type-post","status-publish","format-standard","has-post-thumbnail","hentry","category-uncategorized"],"_links":{"self":[{"href":"https:\/\/www.elamazonico.com\/portal\/wp-json\/wp\/v2\/posts\/3316","targetHints":{"allow":["GET"]}}],"collection":[{"href":"https:\/\/www.elamazonico.com\/portal\/wp-json\/wp\/v2\/posts"}],"about":[{"href":"https:\/\/www.elamazonico.com\/portal\/wp-json\/wp\/v2\/types\/post"}],"author":[{"embeddable":true,"href":"https:\/\/www.elamazonico.com\/portal\/wp-json\/wp\/v2\/users\/1"}],"replies":[{"embeddable":true,"href":"https:\/\/www.elamazonico.com\/portal\/wp-json\/wp\/v2\/comments?post=3316"}],"version-history":[{"count":1,"href":"https:\/\/www.elamazonico.com\/portal\/wp-json\/wp\/v2\/posts\/3316\/revisions"}],"predecessor-version":[{"id":3318,"href":"https:\/\/www.elamazonico.com\/portal\/wp-json\/wp\/v2\/posts\/3316\/revisions\/3318"}],"wp:featuredmedia":[{"embeddable":true,"href":"https:\/\/www.elamazonico.com\/portal\/wp-json\/wp\/v2\/media\/3317"}],"wp:attachment":[{"href":"https:\/\/www.elamazonico.com\/portal\/wp-json\/wp\/v2\/media?parent=3316"}],"wp:term":[{"taxonomy":"category","embeddable":true,"href":"https:\/\/www.elamazonico.com\/portal\/wp-json\/wp\/v2\/categories?post=3316"},{"taxonomy":"post_tag","embeddable":true,"href":"https:\/\/www.elamazonico.com\/portal\/wp-json\/wp\/v2\/tags?post=3316"}],"curies":[{"name":"wp","href":"https:\/\/api.w.org\/{rel}","templated":true}]}}