{"id":3310,"date":"2022-03-25T10:39:50","date_gmt":"2022-03-25T15:39:50","guid":{"rendered":"https:\/\/www.elamazonico.com\/portal\/?p=3310"},"modified":"2022-03-25T10:39:52","modified_gmt":"2022-03-25T15:39:52","slug":"utpl-aporta-a-la-creacion-de-sitio-web-para-promocionar-el-cafe-lojano","status":"publish","type":"post","link":"https:\/\/www.elamazonico.com\/portal\/utpl-aporta-a-la-creacion-de-sitio-web-para-promocionar-el-cafe-lojano\/","title":{"rendered":"UTPL aporta a la creaci\u00f3n de sitio web para promocionar el caf\u00e9 lojano"},"content":{"rendered":"\n<p><em><strong>Como integrante de la Mesa Provincial del Caf\u00e9, la UTPL impulsa el desarrollo de la industria cafetalera. Apoy\u00f3 en la creaci\u00f3n de un sitio web para conocer el origen y calidad del caf\u00e9 de Loja.<\/strong><\/em><\/p>\n\n\n\n<p>El reconocimiento del caf\u00e9 lojano a nivel nacional e internacional, por su calidad y sabor, ha impulsado diversas iniciativas en la localidad. Una de ellas es la Mesa Provincial del Caf\u00e9, integrada por instituciones p\u00fablicas y privadas, entre ellas la Universidad T\u00e9cnica Particular de Loja (UTPL), la finalidad es potenciar los procesos productivos del caf\u00e9 en la provincia y dar renombre a este producto tradicional.<\/p>\n\n\n\n<p>En este 2022, el aporte de la UTPL es el dise\u00f1o y ejecuci\u00f3n de la p\u00e1gina web <a href=\"http:\/\/www.elcafedeloja.com\">www.elcafedeloja.com<\/a>, que se present\u00f3 de forma oficial el mi\u00e9rcoles 23 de marzo de 2022, ante la presencia de autoridades locales y con la presencia de Jos\u00e9 Luis Prado, ministro de Producci\u00f3n, Comercio Exterior, Inversiones y Pesca. Tambi\u00e9n se hizo p\u00fablica la marca \u201cLojano Caf\u00e9 de Origen\u201d distinci\u00f3n que permite posicionar al caf\u00e9 con caracter\u00edsticas singulares propias de esta zona de producci\u00f3n.&nbsp;El sello protege legalmente la reputaci\u00f3n y calidad del caf\u00e9 \u201clojano\u201d.<\/p>\n\n\n\n<p>En el evento de lanzamiento, Santiago Acosta, rector de la UTPL, mencion\u00f3 que se desarrollan diversas acciones de capacitaci\u00f3n y tambi\u00e9n la elaboraci\u00f3n de la p\u00e1gina web \u201cLojano caf\u00e9 de origen\u201d que servir\u00e1 para comunicar al mundo lo que se hace en la ciudad en torno al caf\u00e9, as\u00ed como un espacio digital de generaci\u00f3n de conocimiento, de ideas, de investigaciones y una herramienta de negocio para el caf\u00e9 lojano.<br><br><\/p>\n\n\n\n<p><strong>Iniciativas de la academia<\/strong><\/p>\n\n\n\n<p>A corto plazo, la UTPL tiene previsto liderar cuatro iniciativas de alto impacto en favor de los productores de caf\u00e9. Una de ellas est\u00e1 relacionada con la inclusi\u00f3n de sistemas de blockchain, para capacitar a los productores en las nuevas formas de hacer negocio. Tambi\u00e9n se ha propuesto la creaci\u00f3n de una escuela y un laboratorio del caf\u00e9, para profesionalizar a los caficultores e innovar en herramientas y procesos productivos.<\/p>\n\n\n\n<p>Adem\u00e1s, se prev\u00e9 realizar un documental para destacar las ventajas y caracter\u00edsticas \u00fanicas del caf\u00e9 lojano a escala nacional e internacional.&nbsp; Toda esta labor es ejecutada por la Facultad de Ciencias Econ\u00f3micas y Empresariales y la Facultad de Ciencias Exactas y Naturales de la UTPL, con la finalidad de ir fortaleciendo el ecosistema del caf\u00e9 lojano.<\/p>\n\n\n\n<p><strong>DATO<\/strong><\/p>\n\n\n\n<p>La Mesa Provincial del Caf\u00e9 se re\u00fane desde 2013 y la UTPL forma parte de este espacio desde 2016.<\/p>\n","protected":false},"excerpt":{"rendered":"<p>Como integrante de la Mesa Provincial del Caf\u00e9, la UTPL impulsa el desarrollo de la industria cafetalera. Apoy\u00f3 en la creaci\u00f3n de un sitio web para conocer el origen y calidad del caf\u00e9 de Loja. El reconocimiento del caf\u00e9 lojano a nivel nacional e internacional, por su calidad y sabor, ha impulsado diversas iniciativas en la localidad. Una de ellas es la Mesa Provincial del Caf\u00e9, integrada por instituciones p\u00fablicas y privadas, entre ellas la Universidad T\u00e9cnica Particular de Loja (UTPL), la finalidad es potenciar los procesos productivos del caf\u00e9 en la provincia y dar renombre a este producto tradicional. En este 2022, el aporte de la UTPL es el dise\u00f1o y ejecuci\u00f3n de la p\u00e1gina web www.elcafedeloja.com, que se present\u00f3 de forma oficial el mi\u00e9rcoles 23 de marzo de 2022, ante la presencia de autoridades locales y con la presencia de Jos\u00e9 Luis Prado, ministro de Producci\u00f3n, Comercio Exterior, Inversiones y Pesca. Tambi\u00e9n se hizo p\u00fablica la marca \u201cLojano Caf\u00e9 de Origen\u201d distinci\u00f3n que permite posicionar al caf\u00e9 con caracter\u00edsticas singulares propias de esta zona de producci\u00f3n.&nbsp;El sello protege legalmente la reputaci\u00f3n y calidad del caf\u00e9 \u201clojano\u201d. En el evento de lanzamiento, Santiago Acosta, rector de la UTPL, mencion\u00f3 que se desarrollan diversas acciones de capacitaci\u00f3n y tambi\u00e9n la elaboraci\u00f3n de la p\u00e1gina web \u201cLojano caf\u00e9 de origen\u201d que servir\u00e1 para comunicar al mundo lo que se hace en la ciudad en torno al caf\u00e9, as\u00ed como un espacio digital de generaci\u00f3n de conocimiento, de ideas, de investigaciones y una herramienta de negocio para el caf\u00e9 lojano. Iniciativas de la academia A corto plazo, la UTPL tiene previsto liderar cuatro iniciativas de alto impacto en favor de los productores de caf\u00e9. Una de ellas est\u00e1 relacionada con la inclusi\u00f3n de sistemas de blockchain, para capacitar a los productores en las nuevas formas de hacer negocio. Tambi\u00e9n se ha propuesto la creaci\u00f3n de una escuela y un laboratorio del caf\u00e9, para profesionalizar a los caficultores e innovar en herramientas y procesos productivos. Adem\u00e1s, se prev\u00e9 realizar un documental para destacar las ventajas y caracter\u00edsticas \u00fanicas del caf\u00e9 lojano a escala nacional e internacional.&nbsp; Toda esta labor es ejecutada por la Facultad de Ciencias Econ\u00f3micas y Empresariales y la Facultad de Ciencias Exactas y Naturales de la UTPL, con la finalidad de ir fortaleciendo el ecosistema del caf\u00e9 lojano. DATO La Mesa Provincial del Caf\u00e9 se re\u00fane desde 2013 y la UTPL forma parte de este espacio desde 2016.<\/p>\n","protected":false},"author":1,"featured_media":3311,"comment_status":"open","ping_status":"open","sticky":false,"template":"","format":"standard","meta":{"footnotes":""},"categories":[1],"tags":[],"class_list":["post-3310","post","type-post","status-publish","format-standard","has-post-thumbnail","hentry","category-uncategorized"],"_links":{"self":[{"href":"https:\/\/www.elamazonico.com\/portal\/wp-json\/wp\/v2\/posts\/3310","targetHints":{"allow":["GET"]}}],"collection":[{"href":"https:\/\/www.elamazonico.com\/portal\/wp-json\/wp\/v2\/posts"}],"about":[{"href":"https:\/\/www.elamazonico.com\/portal\/wp-json\/wp\/v2\/types\/post"}],"author":[{"embeddable":true,"href":"https:\/\/www.elamazonico.com\/portal\/wp-json\/wp\/v2\/users\/1"}],"replies":[{"embeddable":true,"href":"https:\/\/www.elamazonico.com\/portal\/wp-json\/wp\/v2\/comments?post=3310"}],"version-history":[{"count":1,"href":"https:\/\/www.elamazonico.com\/portal\/wp-json\/wp\/v2\/posts\/3310\/revisions"}],"predecessor-version":[{"id":3312,"href":"https:\/\/www.elamazonico.com\/portal\/wp-json\/wp\/v2\/posts\/3310\/revisions\/3312"}],"wp:featuredmedia":[{"embeddable":true,"href":"https:\/\/www.elamazonico.com\/portal\/wp-json\/wp\/v2\/media\/3311"}],"wp:attachment":[{"href":"https:\/\/www.elamazonico.com\/portal\/wp-json\/wp\/v2\/media?parent=3310"}],"wp:term":[{"taxonomy":"category","embeddable":true,"href":"https:\/\/www.elamazonico.com\/portal\/wp-json\/wp\/v2\/categories?post=3310"},{"taxonomy":"post_tag","embeddable":true,"href":"https:\/\/www.elamazonico.com\/portal\/wp-json\/wp\/v2\/tags?post=3310"}],"curies":[{"name":"wp","href":"https:\/\/api.w.org\/{rel}","templated":true}]}}